{"id":98035,"date":"2025-08-25T14:06:40","date_gmt":"2025-08-25T20:06:40","guid":{"rendered":"https:\/\/redsemlac.com\/semmexico\/?p=98035"},"modified":"2025-08-25T14:07:17","modified_gmt":"2025-08-25T20:07:17","slug":"vicheras-mexicanas-visitan-buenaventura-en-intercambio-cultural-alrededor-del-viche","status":"publish","type":"post","link":"https:\/\/redsemlac.com\/semmexico\/vicheras-mexicanas-visitan-buenaventura-en-intercambio-cultural-alrededor-del-viche\/","title":{"rendered":"Vicheras mexicanas visitan Buenaventura en intercambio cultural alrededor del viche"},"content":{"rendered":"\n<p class=\"wp-block-paragraph\"><em>El corregimiento de Triana fue escenario de un encuentro intercultural con vicheras mexicanas<\/em><\/p>\n\n\n\n<p class=\"wp-block-paragraph\"><em>El viche se consolid\u00f3 como patrimonio vivo, s\u00edmbolo de resistencia afrodescendiente y bebida con proyecci\u00f3n internacional<\/em><\/p>\n\n\n\n<p class=\"wp-block-paragraph\">Yennyfer Tatiana Nieva Parrado<\/p>\n\n\n\n<p class=\"wp-block-paragraph\">SemM\u00e9xico\/Radio Nacional de Colombia,&nbsp; Triana, 25 de agosto, 2025.- El&nbsp;viche,&nbsp;bebida ancestral del Pac\u00edfico colombiano, se fortalece cada vez m\u00e1s como referente cultural y econ\u00f3mico que trasciende fronteras. En Triana, cuna de esta tradici\u00f3n,&nbsp;se vivi\u00f3 un intercambio de saberes que reuni\u00f3 a la comunidad local con mujeres vicheras mexicanas,&nbsp;quienes viajaron desde el pa\u00eds azteca para conocer de primera mano la historia, los procesos y la carga simb\u00f3lica que rodea esta bebida artesanal.<\/p>\n\n\n\n<p class=\"wp-block-paragraph\">El encuentro permiti\u00f3 visibilizar c\u00f3mo el&nbsp;viche, elaborado a partir de la ca\u00f1a de az\u00facar con t\u00e9cnicas heredadas de generaci\u00f3n en generaci\u00f3n, ha pasado de ser un s\u00edmbolo comunitario de resistencia afrodescendiente a convertirse en un producto con creciente inter\u00e9s internacional. En M\u00e9xico, colectivos de mujeres han encontrado en \u00e9l una inspiraci\u00f3n para fortalecer sus propias pr\u00e1cticas culturales y comunitarias, reconociendo su fuerza identitaria y su potencial econ\u00f3mico.<\/p>\n\n\n\n<p class=\"wp-block-paragraph\">Durante la jornada,&nbsp;Triana&nbsp;se convirti\u00f3 en un escenario de di\u00e1logo intercultural. Entre charlas, demostraciones y expresiones art\u00edsticas, se compartieron experiencias alrededor del viche, reafirmando que se trata de mucho m\u00e1s que una bebida: es memoria, tradici\u00f3n y v\u00ednculo comunitario.<\/p>\n\n\n\n<p class=\"wp-block-paragraph\">Estos encuentros reafirman a&nbsp;Buenaventura&nbsp;como un epicentro de riqueza cultural y patrimonial. La visita de las vicheras mexicanas abri\u00f3 adem\u00e1s un camino para la proyecci\u00f3n del viche hacia mercados internacionales, donde empieza a tener incidencia en espacios gastron\u00f3micos, acad\u00e9micos y culturales.<\/p>\n\n\n\n<p class=\"wp-block-paragraph\">La experiencia tambi\u00e9n evidenci\u00f3 la importancia de pensar en el viche como parte de una&nbsp;econom\u00eda cultural sostenible, en la que las comunidades productoras puedan beneficiarse a trav\u00e9s del comercio justo y el turismo cultural. En este proceso, el papel de las mujeres vicheras, guardianas y transmisoras de este saber ancestral, se consolida como fundamental.<\/p>\n\n\n\n<p class=\"wp-block-paragraph\">As\u00ed, Buenaventura no solo protege sus tradiciones, sino que tambi\u00e9n las comparte con el mundo. El di\u00e1logo con M\u00e9xico demuestra que el viche tiene la capacidad de&nbsp;conectar territorios y resistencias, consolid\u00e1ndose como una herencia viva del Pac\u00edfico colombiano con vocaci\u00f3n internacional.<\/p>\n\n\n\n<figure class=\"wp-block-image size-full\"><a href=\"https:\/\/redsemlac.com\/semmexico\/wp-content\/uploads\/2025\/08\/interacambio-viche-02.jpg\"><img loading=\"lazy\" decoding=\"async\" width=\"450\" height=\"600\" src=\"https:\/\/redsemlac.com\/semmexico\/wp-content\/uploads\/2025\/08\/interacambio-viche-02.jpg\" alt=\"\" class=\"wp-image-98036\" srcset=\"https:\/\/redsemlac.com\/semmexico\/wp-content\/uploads\/2025\/08\/interacambio-viche-02.jpg 450w, https:\/\/redsemlac.com\/semmexico\/wp-content\/uploads\/2025\/08\/interacambio-viche-02-225x300.jpg 225w, https:\/\/redsemlac.com\/semmexico\/wp-content\/uploads\/2025\/08\/interacambio-viche-02-150x200.jpg 150w, https:\/\/redsemlac.com\/semmexico\/wp-content\/uploads\/2025\/08\/interacambio-viche-02-300x400.jpg 300w\" sizes=\"auto, (max-width: 450px) 100vw, 450px\" \/><\/a><\/figure>\n","protected":false},"excerpt":{"rendered":"<p>El corregimiento de Triana fue escenario de un encuentro intercultural con vicheras mexicanas El viche se consolid\u00f3 como patrimonio vivo, s\u00edmbolo de resistencia afrodescendiente y bebida con proyecci\u00f3n internacional Yennyfer Tatiana Nieva Parrado SemM\u00e9xico\/Radio Nacional de Colombia,&nbsp; Triana, 25 de agosto, 2025.- El&nbsp;viche,&nbsp;bebida ancestral del Pac\u00edfico colombiano, se fortalece cada vez m\u00e1s como referente cultural [&hellip;]<\/p>\n","protected":false},"author":3,"featured_media":98037,"comment_status":"open","ping_status":"open","sticky":false,"template":"","format":"standard","meta":{"_monsterinsights_skip_tracking":false,"footnotes":""},"categories":[748],"tags":[],"class_list":["post-98035","post","type-post","status-publish","format-standard","has-post-thumbnail","category-cultura-feminista"],"_links":{"self":[{"href":"https:\/\/redsemlac.com\/semmexico\/wp-json\/wp\/v2\/posts\/98035","targetHints":{"allow":["GET"]}}],"collection":[{"href":"https:\/\/redsemlac.com\/semmexico\/wp-json\/wp\/v2\/posts"}],"about":[{"href":"https:\/\/redsemlac.com\/semmexico\/wp-json\/wp\/v2\/types\/post"}],"author":[{"embeddable":true,"href":"https:\/\/redsemlac.com\/semmexico\/wp-json\/wp\/v2\/users\/3"}],"replies":[{"embeddable":true,"href":"https:\/\/redsemlac.com\/semmexico\/wp-json\/wp\/v2\/comments?post=98035"}],"version-history":[{"count":0,"href":"https:\/\/redsemlac.com\/semmexico\/wp-json\/wp\/v2\/posts\/98035\/revisions"}],"wp:featuredmedia":[{"embeddable":true,"href":"https:\/\/redsemlac.com\/semmexico\/wp-json\/wp\/v2\/media\/98037"}],"wp:attachment":[{"href":"https:\/\/redsemlac.com\/semmexico\/wp-json\/wp\/v2\/media?parent=98035"}],"wp:term":[{"taxonomy":"category","embeddable":true,"href":"https:\/\/redsemlac.com\/semmexico\/wp-json\/wp\/v2\/categories?post=98035"},{"taxonomy":"post_tag","embeddable":true,"href":"https:\/\/redsemlac.com\/semmexico\/wp-json\/wp\/v2\/tags?post=98035"}],"curies":[{"name":"wp","href":"https:\/\/api.w.org\/{rel}","templated":true}]}}