{"id":98029,"date":"2025-08-25T12:57:08","date_gmt":"2025-08-25T18:57:08","guid":{"rendered":"https:\/\/redsemlac.com\/semmexico\/?p=98029"},"modified":"2025-08-25T12:57:08","modified_gmt":"2025-08-25T18:57:08","slug":"tras-la-puerta-del-poder-reforma-hacendaria-para-gastar-las-reservas-internacionales","status":"publish","type":"post","link":"https:\/\/redsemlac.com\/semmexico\/tras-la-puerta-del-poder-reforma-hacendaria-para-gastar-las-reservas-internacionales\/","title":{"rendered":"Tras la Puerta del Poder| \u00bfReforma hacendaria para gastar las reservas internacionales? \u00a0"},"content":{"rendered":"\n<p class=\"wp-block-paragraph\">&nbsp;Roberto Vizca\u00edno<\/p>\n\n\n\n<p class=\"wp-block-paragraph\">SemM\u00e9xico, Cd. de M\u00e9xico, 25 de agosto, 2025.- Todo indica que la presidenta&nbsp;<strong>Claudia Sheinbaum<\/strong>&nbsp;-y tras de ella&nbsp;<strong>Andr\u00e9s Manuel L\u00f3pez Obrador<\/strong>-, ha decidido ir por lo seguro para cerrar el c\u00edrculo de la consolidaci\u00f3n de la 4T.<\/p>\n\n\n\n<p class=\"wp-block-paragraph\">Eso ocurri\u00f3 el lunes anterior al recibir ella en Palacio Nacional -para una larga sesi\u00f3n de decisiones y acuerdos-, a los cuestionados coordinadores parlamentarios de Morena&nbsp;<strong>Ad\u00e1n Augusto L\u00f3pez<\/strong>&nbsp;en el Senado y&nbsp;<strong>Ricardo Monreal<\/strong>&nbsp;en la C\u00e1mara de Diputados.<\/p>\n\n\n\n<p class=\"wp-block-paragraph\">La foto de ese encuentro, con ambos coordinadores flanqueando a una mandataria sonriente, ratific\u00f3&nbsp;<em>como nunca antes<\/em>&nbsp;la verdad pol\u00edtica del dicho popular que indica que&nbsp;<strong><em>una imagen dice m\u00e1s que mil palabras<\/em><\/strong>.<\/p>\n\n\n\n<p class=\"wp-block-paragraph\">Con ese encuentro y esa foto quedaron atr\u00e1s los cuestionamientos que se vertieron durante las semanas anteriores sobre la posible salida y defenestraci\u00f3n pol\u00edtica de&nbsp;<strong>Ad\u00e1n Augusto L\u00f3pez<\/strong>&nbsp;de la coordinaci\u00f3n de la mayor\u00eda de Morena en el Senado por su vinculaci\u00f3n delincuencial con&nbsp;<strong>Hern\u00e1n Berm\u00fadez Requena<\/strong>, su exsecretario de Seguridad en Tabasco, quien tiene orden de aprehensi\u00f3n por ser cabeza del cartel denominado&nbsp;<strong><em>La Barredora<\/em><\/strong>.<\/p>\n\n\n\n<p class=\"wp-block-paragraph\">A partir de este espaldarazo&nbsp;<strong>Ad\u00e1n Augusto L\u00f3pez<\/strong>&nbsp;no s\u00f3lo se queda d\u00f3nde est\u00e1 con todo el poder en el Senado, sino que adem\u00e1s es intocable.<\/p>\n\n\n\n<p class=\"wp-block-paragraph\">En ese encuentro y con esa foto igual se fortaleci\u00f3 el liderazgo de&nbsp;<strong>Ricardo Monreal<\/strong>&nbsp;quien ven\u00eda siendo objeto de duros cuestionamientos internos en su fracci\u00f3n parlamentaria en San L\u00e1zaro.<\/p>\n\n\n\n<p class=\"wp-block-paragraph\">Ambos coordinadores parlamentarios &#8211;<strong>Ad\u00e1n Augusto<\/strong>&nbsp;y&nbsp;<strong>Monreal<\/strong>-, salieron de Palacio Nacional con todo el apoyo de&nbsp;<strong>Sheinbaum<\/strong>&nbsp;listos para tramitar la designaci\u00f3n de las nuevas presidencias en el Senado y la C\u00e1mara de Diputados.<\/p>\n\n\n\n<p class=\"wp-block-paragraph\">Estos presidentes -para el per\u00edodo septiembre de 2025 a agosto de 2026-, ser\u00e1n quienes conducir\u00e1n a fines de este a\u00f1o la aprobaci\u00f3n del presupuesto de Ingresos y Egresos para 2026, y a principios del siguiente las Plenarias de la Reforma Electoral que fue promovida por&nbsp;<strong>AMLO<\/strong>&nbsp;desde febrero de 2024, y con la que culmina el paquete de 18 reformas propuestas el 5 de febrero de 2024 de&nbsp;<strong>Andr\u00e9s Manuel L\u00f3pez Obrador,<\/strong>&nbsp;y que desde entonces ha significado el fin total de los contrapesos al poder presidencial.<\/p>\n\n\n\n<p class=\"wp-block-paragraph\">De febrero de 2024 a la fecha, con&nbsp;<strong>Gerardo Fern\u00e1ndez Noro\u00f1a<\/strong>&nbsp;en la presidencia del Senado y&nbsp;<strong>Sergio Guti\u00e9rrez Luna<\/strong>&nbsp;en San L\u00e1zaro, cayeron instituciones y organismos aut\u00f3nomos, y luego el Poder Judicial que se cerr\u00f3 con la atropellada elecci\u00f3n mediante acordeones de la mitad de la red de ministros, Magistrados y Jueces.<\/p>\n\n\n\n<p class=\"wp-block-paragraph\">Quienes los suplir\u00e1n a partir del pr\u00f3ximo 1 de septiembre, dentro de 7 d\u00edas, deber\u00e1n ser designados y ratificados a fines de esta semana en ambas c\u00e1maras.<\/p>\n\n\n\n<p class=\"wp-block-paragraph\"><strong>\u00bfRESERVAS INTERNACIONALES\u2026 Y DESAFUERO DE LILLY?<\/strong><\/p>\n\n\n\n<p class=\"wp-block-paragraph\">Quienes sean los elegidos como presidentes o presidentas en el Senado y C\u00e1mara de Diputados, se dice, ser\u00e1n dos morenistas institucionales. probadamente leales a&nbsp;<strong>AMLO<\/strong>, a&nbsp;<strong>Claudia Sheinbaum<\/strong>&nbsp;y al proyecto profundo de la 4T.<\/p>\n\n\n\n<p class=\"wp-block-paragraph\">A esos dos les tocar\u00eda encabezar no s\u00f3lo la aprobaci\u00f3n de la muy cuestionada Reforma Electoral sino muy posiblemente una reforma Hacendaria que le permitir\u00eda a la presidenta&nbsp;<strong>Claudia Sheinbaum<\/strong>&nbsp;<em>meterle la mano<\/em>&nbsp;a las reservas internacionales calculadas en 170 mil millones de d\u00f3lares, para solventar los crecientes bonos y apoyos sociales del Bienestar, y la insolvencia por pago de deuda y otras pensiones.<\/p>\n\n\n\n<p class=\"wp-block-paragraph\">Una decisi\u00f3n que provocar\u00eda fuertes reacciones internas e internacionales, de resultar cierto lo que se dice por ah\u00ed.<\/p>\n\n\n\n<p class=\"wp-block-paragraph\">Y m\u00e1s a\u00fan si continua en ciertos grupos de las bancadas de Morena, y su partido, la idea de ir por el desafuero de la muy inc\u00f3moda senadora panista sonorense&nbsp;<strong>Lilly T\u00e9llez<\/strong>&nbsp;quien se ha convertido en un clavo de tortura p\u00fablica insoportable para el senador&nbsp;<strong>Ad\u00e1n Augusto L\u00f3pez<\/strong>, para buena parte de la bancada de Morena en el Senado\u2026 y desde que dio una entrevista a la cadena Fox de EU, en una opositora insoportable para la presidenta&nbsp;<strong>Claudia Sheinbaum<\/strong>.<\/p>\n\n\n\n<p class=\"wp-block-paragraph\">En esta entrevista transmitida no s\u00f3lo dentro de EU sino en el mundo entero, la aguerrida legisladora mexicana que lleg\u00f3 al senado de la mano y a propuesta del expresidente&nbsp;<strong>Andr\u00e9s Manuel L\u00f3pez Obrador<\/strong>&nbsp;en 2018, pronto se sali\u00f3 de la bancada de Morena y fue a la oposici\u00f3n por el PAN, luego de que se declar\u00f3 haber sido enga\u00f1ada por el entonces mandatario.<\/p>\n\n\n\n<p class=\"wp-block-paragraph\">Hoy -una vez que result\u00f3 reelecta en las elecciones federales de 2024-, en sus intervenciones en tribuna y en conferencias de prensa cotidianas, la senadora&nbsp;<strong>T\u00e9llez<\/strong>&nbsp;acusa insistente y reiteradamente a su exl\u00edder pol\u00edtico y a la presidenta&nbsp;<strong>Sheinbaum<\/strong>&nbsp;de haber construido su Poder ,y operar Gobiernos, a partir de su alianza con carteles del narco y de la delincuencia organizada.<\/p>\n\n\n\n<p class=\"wp-block-paragraph\">En esta entrevista con la cadena Fox -un medio aliado y del agrado del presidente&nbsp;<strong>Donald Trump<\/strong>-, la legisladora sonorense no pidi\u00f3 pero simpatiz\u00f3 con una posible intervenci\u00f3n militar directa de EU en territorio mexicano contra carteles del narco.<\/p>\n\n\n\n<p class=\"wp-block-paragraph\">Eso le vali\u00f3 un duro e inmediato reproche de la presidenta&nbsp;<strong>Claudia Sheinbaum<\/strong>&nbsp;quien en su ma\u00f1anera de fines de la semana anterior &nbsp;la calific\u00f3 de traidora a M\u00e9xico.<\/p>\n\n\n\n<p class=\"wp-block-paragraph\">La reacci\u00f3n de la mandataria tuvo su efecto entre los morenistas en el Senado y la C\u00e1mara de Diputados quienes de inmediato consideraron que la legisladora deber\u00eda ser sometida a un desafuero fulminante.<\/p>\n\n\n\n<p class=\"wp-block-paragraph\">La sola idea del desafuero gener\u00f3 una ola de apoyos de la oposici\u00f3n PAN, PRI y de sectores de la sociedad hacia la senadora&nbsp;<strong>T\u00e9llez<\/strong>&nbsp;y la exigencia tanto a la presidenta&nbsp;<strong>Sheinbaum<\/strong>&nbsp;como a los legisladores y otros cuadros de Morena de no entrar en ese terreno peligroso del desafuero, y respetar el derecho a la libre expresi\u00f3n de la sonorense. &nbsp;<\/p>\n\n\n\n<p class=\"wp-block-paragraph\">En todo este contexto llega al final del segundo per\u00edodo de descanso legislativo y los preparativos para el inicio del tercer per\u00edodo legislativo septiembre-diciembre de la actual legislatura.<\/p>\n\n\n\n<p class=\"wp-block-paragraph\">Twitter: @_Vizcaino \/ Facebook<\/p>\n\n\n\n<p class=\"wp-block-paragraph\">\/&nbsp;<a href=\"https:\/\/www.facebook.com\/rvizcainoa\" target=\"_blank\" rel=\"noreferrer noopener\">https:\/\/www.facebook.com\/rvizcainoa<\/a><\/p>\n","protected":false},"excerpt":{"rendered":"<p>&nbsp;Roberto Vizca\u00edno SemM\u00e9xico, Cd. de M\u00e9xico, 25 de agosto, 2025.- Todo indica que la presidenta&nbsp;Claudia Sheinbaum&nbsp;-y tras de ella&nbsp;Andr\u00e9s Manuel L\u00f3pez Obrador-, ha decidido ir por lo seguro para cerrar el c\u00edrculo de la consolidaci\u00f3n de la 4T. Eso ocurri\u00f3 el lunes anterior al recibir ella en Palacio Nacional -para una larga sesi\u00f3n de decisiones [&hellip;]<\/p>\n","protected":false},"author":3,"featured_media":39589,"comment_status":"open","ping_status":"open","sticky":false,"template":"","format":"standard","meta":{"_monsterinsights_skip_tracking":false,"footnotes":""},"categories":[35,623,622],"tags":[],"class_list":["post-98029","post","type-post","status-publish","format-standard","has-post-thumbnail","category-opinion","category-roberto-vizcaino","category-tras-la-puerta-del-poder"],"_links":{"self":[{"href":"https:\/\/redsemlac.com\/semmexico\/wp-json\/wp\/v2\/posts\/98029","targetHints":{"allow":["GET"]}}],"collection":[{"href":"https:\/\/redsemlac.com\/semmexico\/wp-json\/wp\/v2\/posts"}],"about":[{"href":"https:\/\/redsemlac.com\/semmexico\/wp-json\/wp\/v2\/types\/post"}],"author":[{"embeddable":true,"href":"https:\/\/redsemlac.com\/semmexico\/wp-json\/wp\/v2\/users\/3"}],"replies":[{"embeddable":true,"href":"https:\/\/redsemlac.com\/semmexico\/wp-json\/wp\/v2\/comments?post=98029"}],"version-history":[{"count":0,"href":"https:\/\/redsemlac.com\/semmexico\/wp-json\/wp\/v2\/posts\/98029\/revisions"}],"wp:featuredmedia":[{"embeddable":true,"href":"https:\/\/redsemlac.com\/semmexico\/wp-json\/wp\/v2\/media\/39589"}],"wp:attachment":[{"href":"https:\/\/redsemlac.com\/semmexico\/wp-json\/wp\/v2\/media?parent=98029"}],"wp:term":[{"taxonomy":"category","embeddable":true,"href":"https:\/\/redsemlac.com\/semmexico\/wp-json\/wp\/v2\/categories?post=98029"},{"taxonomy":"post_tag","embeddable":true,"href":"https:\/\/redsemlac.com\/semmexico\/wp-json\/wp\/v2\/tags?post=98029"}],"curies":[{"name":"wp","href":"https:\/\/api.w.org\/{rel}","templated":true}]}}