{"id":98018,"date":"2025-08-22T19:28:06","date_gmt":"2025-08-23T01:28:06","guid":{"rendered":"https:\/\/redsemlac.com\/semmexico\/?p=98018"},"modified":"2025-08-22T19:28:06","modified_gmt":"2025-08-23T01:28:06","slug":"lanzan-4o-concurso-de-la-cancion-feminista-de-la-casa-del-lago-de-la-unam","status":"publish","type":"post","link":"https:\/\/redsemlac.com\/semmexico\/lanzan-4o-concurso-de-la-cancion-feminista-de-la-casa-del-lago-de-la-unam\/","title":{"rendered":"Lanzan 4\u00ba.\u00a0 Concurso de la Canci\u00f3n Feminista\u00a0 de la Casa del Lago de la UNAM"},"content":{"rendered":"\n<p class=\"wp-block-paragraph\"><em>\u00a0Dirigido a mujeres y disidencia de la comunidad estudiantil de la UNAM, desde bachillerato hasta posgrado<\/em><\/p>\n\n\n\n<p class=\"wp-block-paragraph\"><em>El objetivo es dar voz a las luchas feministas contempor\u00e1neas mediante la m\u00fasica como medio de expresi\u00f3n, resistencia y transformaci\u00f3n social<\/em><\/p>\n\n\n\n<p class=\"wp-block-paragraph\">Redacci\u00f3n<br>SemM\u00e9xico, Cd. de M\u00e9xico, 22 de agosto, 2025.-&nbsp; Ayer se lanz\u00f3 &nbsp;&nbsp;el Cuarto Concurso de la Canci\u00f3n Feminista, cuyo objetivo es dar voz a las luchas contempor\u00e1neas del movimiento, y hacer patente su fuerza y propuestas, el concurso est\u00e1 iinspirado en los hist\u00f3ricos &nbsp;organizados en &nbsp;los a\u00f1os ochenta por los primeros movimientos feministas en M\u00e9xico.<\/p>\n\n\n\n<p class=\"wp-block-paragraph\">Lo convocan la Coordinaci\u00f3n de Difusi\u00f3n Cultural a trav\u00e9s de Casa del Lago UNAM, la Direcci\u00f3n General de Radio UNAM, la Direcci\u00f3n General de M\u00fasica UNAM, la C\u00e1tedra Rosario Castellanos de Literatura y G\u00e9neros, la Revista de la Universidad de M\u00e9xico, la Facultad de M\u00fasica UNAM, la Escuela Nacional Preparatoria UNAM, el Colegio de Ciencias y Humanidades, el Sello Jueves y la agrupaci\u00f3n SIPAM que produce &nbsp;Violeta Radio.<\/p>\n\n\n\n<p class=\"wp-block-paragraph\">Se convoca a la comunidad estudiantil a participar en el&nbsp;<em> Concurso, con letra y m\u00fasica originales. .<\/em><\/p>\n\n\n\n<p class=\"wp-block-paragraph\">Este certamen est\u00e1 dirigido a mujeres &nbsp;feministas contempor\u00e1neas para&nbsp; conocer su voz y sus luchas para&nbsp; la comunidad estudiantil de la UNAM, desde nivel bachillerato (Preparatorias y CCH) hasta licenciatura y posgrado, ya sea de forma individual o colectiva.<\/p>\n\n\n\n<p class=\"wp-block-paragraph\">Seg\u00fan la convocatoria las&nbsp; interesadas deber\u00e1n ser mayores de edad, sin importar su nacionalidad, y presentar una canci\u00f3n in\u00e9dita, en espa\u00f1ol y que se asuma feminista, tanto en su letra como en su proceso creativo o forma de expresi\u00f3n.<\/p>\n\n\n\n\n\n<p class=\"wp-block-paragraph\">Tras el \u00e9xito de las tres ediciones anteriores, en las que se recibieron m\u00e1s de 150 canciones, el concurso contin\u00faa consolid\u00e1ndose como un espacio art\u00edstico, pol\u00edtico y cultural que celebra y visibiliza las nuevas voces que est\u00e1n tejiendo los feminismos actuales dentro del \u00e1mbito universitario.<\/p>\n\n\n\n<p class=\"wp-block-paragraph\">La \ufb01nal del concurso se llevar\u00e1 a cabo el s\u00e1bado 29 de noviembre de 2025 en el Foro Alicia Urreta de Casa del Lago UNAM, donde se presentar\u00e1n las canciones \ufb01nalistas y se realizar\u00e1 la premiaci\u00f3n. Las canciones ganadoras ser\u00e1n transmitidas a trav\u00e9s de Radio UNAM y Violeta Radio.<\/p>\n\n\n\n<p class=\"wp-block-paragraph\">Las propuestas musicales deber\u00e1n tener una duraci\u00f3n de entre 2 y 7 minutos y enviarse en formato MP3. Se aceptan todos los g\u00e9neros musicales, siempre que las canciones contengan letra y aborden temas vinculados con las m\u00faltiples dimensiones del feminismo, como la lucha contra la violencia de g\u00e9nero, la visibilidad de identidades disidentes, la justicia social, entre otros.<\/p>\n\n\n\n<p class=\"wp-block-paragraph\">\u201cQuien canta su mal espanta\u201d, dice el dicho popular. Con esta cuarta edici\u00f3n del&nbsp;<em>Concurso de Canci\u00f3n Feminista<\/em>, las instituciones organizadoras rea\ufb01rman su compromiso con la creaci\u00f3n art\u00edstica y la lucha por un mundo m\u00e1s justo, plural e incluyente.<\/p>\n\n\n\n<p class=\"wp-block-paragraph\">Convocatoria completa<\/p>\n\n\n\n<figure class=\"wp-block-embed is-type-wp-embed is-provider-casa-del-lago-unam wp-block-embed-casa-del-lago-unam\"><div class=\"wp-block-embed__wrapper\">\n<blockquote class=\"wp-embedded-content\" data-secret=\"mvV8nifS32\"><a href=\"https:\/\/casadellago.unam.mx\/nuevo\/evento\/4o-concurso-cancion-feminista\">Convocatoria: 4\u00ba Concurso de Canci\u00f3n Feminista Recepci\u00f3n de propuestas hasta el 28 de septiembre, 2025<\/a><\/blockquote><iframe loading=\"lazy\" class=\"wp-embedded-content\" sandbox=\"allow-scripts\" security=\"restricted\" style=\"position: absolute; visibility: hidden;\" title=\"&#8220;Convocatoria: 4\u00ba Concurso de Canci\u00f3n Feminista&lt;br&gt; Recepci\u00f3n de propuestas hasta el 28 de septiembre, 2025&#8221; &#8212; Casa del Lago UNAM\" src=\"https:\/\/casadellago.unam.mx\/nuevo\/evento\/4o-concurso-cancion-feminista\/embed#?secret=mvV8nifS32\" data-secret=\"mvV8nifS32\" width=\"600\" height=\"338\" frameborder=\"0\" marginwidth=\"0\" marginheight=\"0\" scrolling=\"no\"><\/iframe>\n<\/div><\/figure>\n","protected":false},"excerpt":{"rendered":"<p>\u00a0Dirigido a mujeres y disidencia de la comunidad estudiantil de la UNAM, desde bachillerato hasta posgrado El objetivo es dar voz a las luchas feministas contempor\u00e1neas mediante la m\u00fasica como medio de expresi\u00f3n, resistencia y transformaci\u00f3n social Redacci\u00f3nSemM\u00e9xico, Cd. de M\u00e9xico, 22 de agosto, 2025.-&nbsp; Ayer se lanz\u00f3 &nbsp;&nbsp;el Cuarto Concurso de la Canci\u00f3n Feminista, [&hellip;]<\/p>\n","protected":false},"author":3,"featured_media":98020,"comment_status":"open","ping_status":"open","sticky":false,"template":"","format":"standard","meta":{"_monsterinsights_skip_tracking":false,"footnotes":""},"categories":[748],"tags":[],"class_list":["post-98018","post","type-post","status-publish","format-standard","has-post-thumbnail","category-cultura-feminista"],"_links":{"self":[{"href":"https:\/\/redsemlac.com\/semmexico\/wp-json\/wp\/v2\/posts\/98018","targetHints":{"allow":["GET"]}}],"collection":[{"href":"https:\/\/redsemlac.com\/semmexico\/wp-json\/wp\/v2\/posts"}],"about":[{"href":"https:\/\/redsemlac.com\/semmexico\/wp-json\/wp\/v2\/types\/post"}],"author":[{"embeddable":true,"href":"https:\/\/redsemlac.com\/semmexico\/wp-json\/wp\/v2\/users\/3"}],"replies":[{"embeddable":true,"href":"https:\/\/redsemlac.com\/semmexico\/wp-json\/wp\/v2\/comments?post=98018"}],"version-history":[{"count":0,"href":"https:\/\/redsemlac.com\/semmexico\/wp-json\/wp\/v2\/posts\/98018\/revisions"}],"wp:featuredmedia":[{"embeddable":true,"href":"https:\/\/redsemlac.com\/semmexico\/wp-json\/wp\/v2\/media\/98020"}],"wp:attachment":[{"href":"https:\/\/redsemlac.com\/semmexico\/wp-json\/wp\/v2\/media?parent=98018"}],"wp:term":[{"taxonomy":"category","embeddable":true,"href":"https:\/\/redsemlac.com\/semmexico\/wp-json\/wp\/v2\/categories?post=98018"},{"taxonomy":"post_tag","embeddable":true,"href":"https:\/\/redsemlac.com\/semmexico\/wp-json\/wp\/v2\/tags?post=98018"}],"curies":[{"name":"wp","href":"https:\/\/api.w.org\/{rel}","templated":true}]}}