{"id":98003,"date":"2025-08-22T19:12:23","date_gmt":"2025-08-23T01:12:23","guid":{"rendered":"https:\/\/redsemlac.com\/semmexico\/?p=98003"},"modified":"2025-08-22T19:12:24","modified_gmt":"2025-08-23T01:12:24","slug":"muestra-anual-exhibe-audiovisuales-hechos-por-mujeres-en-el-mundo","status":"publish","type":"post","link":"https:\/\/redsemlac.com\/semmexico\/muestra-anual-exhibe-audiovisuales-hechos-por-mujeres-en-el-mundo\/","title":{"rendered":"Muestra anual exhibe audiovisuales hechos por mujeres en el mundo"},"content":{"rendered":"\n<p class=\"wp-block-paragraph\">La XXI Muestra Internacional de Mujeres en el Cine y la TV se llevar\u00e1 a cabo del 27 al 31 de agosto en diferentes sedes de la capital<\/p>\n\n\n\n<p class=\"wp-block-paragraph\">La muestra ofrecer\u00e1 al espectador un total de 38 proyectos dirigidos totalmente por mujeres, de las cuales 15 son largometrajes y 23 son cortos&nbsp;\/&nbsp;Foto: Asociaci\u00f3n de Mujeres en el Cine y la Televisi\u00f3n<\/p>\n\n\n\n<p class=\"wp-block-paragraph\">Froylan Escobar Lara<\/p>\n\n\n\n<p class=\"wp-block-paragraph\">SemM\u00e9xico \/ El Sol de M\u00e9xico, Cd. de M\u00e9xico, 22 de agosto, 2025.- Un&nbsp;total de 135 producciones recibidas, marca un crecimiento en los largometrajes que se presentaron a la convocatoria de la&nbsp;edici\u00f3n XXI de la Muestra Internacional de Mujeres en el&nbsp;<a href=\"https:\/\/oem.com.mx\/elsoldemexico\/gossip\/jessica-diaz-se-despide-de-mentiras-el-musical-25255659\" target=\"_blank\" rel=\"noreferrer noopener\">Cine<\/a>&nbsp;y la Televisi\u00f3n, que se llevar\u00e1 a cabo del 27 al 31 de agosto, en relaci\u00f3n con la del a\u00f1o pasado.<\/p>\n\n\n\n<p class=\"wp-block-paragraph\">\u201cHay muchas mujeres que dirigen, muestra de ello es que llegaron m\u00e1s de 135 trabajos s\u00f3lo realizados por mujeres, no aceptamos trabajos realizados en codirecci\u00f3n con hombres, y eso habla de que hay 135 mujeres que hicieron cine en este a\u00f1o en todo el mundo\u201c, afirm\u00f3 en entrevista, Cristina Prado, presidenta de la Asociaci\u00f3n de Mujeres en el Cine y la Televisi\u00f3n, que organiza la muestra.<\/p>\n\n\n\n<p class=\"wp-block-paragraph\">\u201cEs un n\u00famero realmente bajo, pero significativo en referencia a lo que se pod\u00eda realizar por mujeres hace a\u00f1os, producciones de hombres hay cuatro veces m\u00e1s que este n\u00famero, pero ya hemos avanzado, cuando yo veo 135, la verdad digo: \u2018ah\u00ed vamos\u2019, hay que seguir subiendo la escalera para llegar al piso donde vamos a encontrar la equidad\u201d, agreg\u00f3 la promotora.<\/p>\n\n\n\n<p class=\"wp-block-paragraph\">Destaca el documental &nbsp;Mar\u00eda, dirigida por la feminista Irma Saucedo. Es sobre la lucha chicana y puertorrique\u00f1a, en la Universidad p\u00fablica de Chicago donde estudi\u00f3, para ser reconocida en la instituci\u00f3n. Irma se detiene en la vida de las activistas de ese n\u00facleo. Su documental se presentar\u00e1 el viernes 29 a las 2 pm en la Cineteca.<\/p>\n\n\n\n<p class=\"wp-block-paragraph\">Tuve dos mentoras fundamentales en mi vida, t\u00fa una de ellas, la otra es Irma. Muestra ofrecer\u00e1 al espectador un total de 38 proyectos dirigidos totalmente por mujeres, de las cuales 15 son largometrajes y 23 son cortos, provenientes de pa\u00edses como&nbsp;<strong>M\u00e9xico, Argentina, Ecuador, Cuba, Nicaragua, Brasil, Espa\u00f1a, Suiza, Polonia, Inglaterra, Bulgaria, Croacia y Finlandia.<\/strong><\/p>\n\n\n\n<p class=\"wp-block-paragraph\">Uno de los objetivos de esta muestra es visibilizar el cine de mujeres y potenciar el realizado por mujeres ind\u00edgenas, especialmente de estados como&nbsp;<strong>Chiapas y Oaxaca<\/strong>. Entre los t\u00edtulos que se presentar\u00e1n est\u00e1n: \u201cValentina o la serenidad\u201d, de \u00c1ngeles Cruz; \u201cViente de la luna\u201d, de Liliana K\u2019an; \u201cMujeres de barro\u201d, de Concepci\u00f3n Mart\u00ednez y \u201cChicharras\u201d, de Luna Mar\u00e1n. En el rubro de documentales, se estrenar\u00e1n \u201cMi t\u00eda\u201d, de Claudia Loredo y \u201cDedo de novia\u201d, de Giselle El\u00edas Karam.<\/p>\n\n\n\n<p class=\"wp-block-paragraph\">\u201cEsta muestra es una lucha que se ha dado, una que se ha construido con los a\u00f1os, que naci\u00f3 para la Asociaci\u00f3n hace 21 a\u00f1os con mujeres que levantaron la voz y dijeron: \u2018hay que visibilizar el trabajo de las mujeres, no se ve, no se respeta\u2019, y a partir de ello empez\u00f3 a avanzar esta asociaci\u00f3n, ha tenido altas y bajas, pero llevamos ya varios a\u00f1os de efervescencia porque se est\u00e1 produciendo y dirigiendo mucho cine realizado por mujeres y eso ha permitido a la Asociaci\u00f3n fortificar enormemente y enriquecer la muestra que hacemos a\u00f1o con a\u00f1o\u201d, coment\u00f3 Prado.<\/p>\n\n\n\n<p class=\"wp-block-paragraph\">La muestra otorgar\u00e1 el reconocimiento&nbsp;<strong>MUSA<\/strong>, escultura realizada por la artista pl\u00e1stica Elena Somonte, a la actriz \u00darsula Pruneda y a la productora audiovisual Conchita Taboada, realizadora que, adem\u00e1s de ser integrante de la asociaci\u00f3n, tambi\u00e9n es conocida por trabajos de producci\u00f3n en filmes como \u201cMam\u00e1 reinventada\u201d (2025), \u201cEl roomie\u201d (2024), \u201cCindy la regia\u201d (2020) y \u201cMirreyes Vs God\u00ednez\u201d (2019).<\/p>\n\n\n\n<figure class=\"wp-block-image size-large\"><a href=\"https:\/\/redsemlac.com\/semmexico\/wp-content\/uploads\/2025\/08\/muestra-anual-02.png\"><img loading=\"lazy\" decoding=\"async\" width=\"1024\" height=\"574\" src=\"https:\/\/redsemlac.com\/semmexico\/wp-content\/uploads\/2025\/08\/muestra-anual-02-1024x574.png\" alt=\"\" class=\"wp-image-98007\" srcset=\"https:\/\/redsemlac.com\/semmexico\/wp-content\/uploads\/2025\/08\/muestra-anual-02-1024x574.png 1024w, https:\/\/redsemlac.com\/semmexico\/wp-content\/uploads\/2025\/08\/muestra-anual-02-300x168.png 300w, https:\/\/redsemlac.com\/semmexico\/wp-content\/uploads\/2025\/08\/muestra-anual-02-768x431.png 768w, https:\/\/redsemlac.com\/semmexico\/wp-content\/uploads\/2025\/08\/muestra-anual-02-150x84.png 150w, https:\/\/redsemlac.com\/semmexico\/wp-content\/uploads\/2025\/08\/muestra-anual-02-696x390.png 696w, https:\/\/redsemlac.com\/semmexico\/wp-content\/uploads\/2025\/08\/muestra-anual-02-1068x599.png 1068w, https:\/\/redsemlac.com\/semmexico\/wp-content\/uploads\/2025\/08\/muestra-anual-02.png 1200w\" sizes=\"auto, (max-width: 1024px) 100vw, 1024px\" \/><\/a><\/figure>\n\n\n\n<p class=\"wp-block-paragraph\">La muestra ofrecer\u00e1 al espectador un total de 38 proyectos dirigidos totalmente por mujeres, de las cuales 15 son largometrajes y 23 son cortos&nbsp;\/&nbsp;Foto: Asociaci\u00f3n de Mujeres en el Cine y la Televisi\u00f3n<\/p>\n\n\n\n<p class=\"wp-block-paragraph\">\u201cConchita es de las pocas mujeres que ha podido escapar al \u00e1mbito comercial y hacer pel\u00edculas que son rentables y le cuesta mucho trabajo, pero ella ha hecho su lucha y lo ha logrado. No solamente el cine autoral se debe ver, se debe ver todo el cine mexicano\u201d, dijo Prado.<\/p>\n\n\n\n<p class=\"wp-block-paragraph\"><strong>La muestra se inaugurar\u00e1 el 27 de agosto, en la Cineteca Nacional, a las 19:00 horas,<\/strong>&nbsp;con el cortometraje \u201cApnea\u201d, de Natalia Berm\u00fadez y \u201cLos rostros de \u00c1gata\u201d, de Malgorzata Kozera, una coproducci\u00f3n entre Polonia e Inglaterra.<\/p>\n\n\n\n<p class=\"wp-block-paragraph\">\u201cLo que hace falta es posicionar los nombres de las realizadoras porque las actrices est\u00e1n posicionadas, si nombro 10 realizadoras, la verdad esos nombres todav\u00eda no han tenido contacto con las grandes audiencias y hacen un trabajo tan meritorio, tan profesional y tan riguroso que creo que el primer paso es eso, posicionarlas, darle mayor visibilidad a su trabajo y que esos nombres queden en nuestro imaginario\u201d, indic\u00f3 la presidenta de la asociaci\u00f3n.<\/p>\n\n\n\n<p class=\"wp-block-paragraph\">La muestra se podr\u00e1 disfrutar en sedes como la&nbsp;<strong>Cineteca Nacional, El Cinemat\u00f3grafo del Chopo, SAE Institute M\u00e9xico, Cineman\u00eda, Casa del Cine y El Gato Azul.<\/strong><\/p>\n\n\n\n<figure class=\"wp-block-image size-large\"><a href=\"https:\/\/redsemlac.com\/semmexico\/wp-content\/uploads\/2025\/08\/muestra-anual-03.jpg\"><img loading=\"lazy\" decoding=\"async\" width=\"682\" height=\"1024\" src=\"https:\/\/redsemlac.com\/semmexico\/wp-content\/uploads\/2025\/08\/muestra-anual-03-682x1024.jpg\" alt=\"\" class=\"wp-image-98004\" srcset=\"https:\/\/redsemlac.com\/semmexico\/wp-content\/uploads\/2025\/08\/muestra-anual-03-682x1024.jpg 682w, https:\/\/redsemlac.com\/semmexico\/wp-content\/uploads\/2025\/08\/muestra-anual-03-200x300.jpg 200w, https:\/\/redsemlac.com\/semmexico\/wp-content\/uploads\/2025\/08\/muestra-anual-03-768x1152.jpg 768w, https:\/\/redsemlac.com\/semmexico\/wp-content\/uploads\/2025\/08\/muestra-anual-03-150x225.jpg 150w, https:\/\/redsemlac.com\/semmexico\/wp-content\/uploads\/2025\/08\/muestra-anual-03-300x450.jpg 300w, https:\/\/redsemlac.com\/semmexico\/wp-content\/uploads\/2025\/08\/muestra-anual-03-696x1044.jpg 696w, https:\/\/redsemlac.com\/semmexico\/wp-content\/uploads\/2025\/08\/muestra-anual-03.jpg 853w\" sizes=\"auto, (max-width: 682px) 100vw, 682px\" \/><\/a><\/figure>\n\n\n\n<p class=\"wp-block-paragraph\">Esperemos puedan acompa\u00f1arnos en la proyecci\u00f3n de Marta en el marco de la XXI Muestra Internacional de Mujeres&nbsp;&nbsp; en el Cine y la Televisi\u00f3n \ud83d\udcfd\u2728<\/p>\n\n\n\n<p class=\"wp-block-paragraph\">Mar\u00eda: \ud83d\uddd3Viernes 29 de agosto&nbsp; \u23f02:00 pm \ud83d\udccdCineteca Nacional, Sala 7<\/p>\n\n\n\n<p class=\"wp-block-paragraph\">Revisen el programa completo en la p\u00e1gina de: Asociaci\u00f3n de Mujeres en el Cine y TV M\u00e9xico \/ WIFTVMex Oficial https:\/\/www.facebook.com\/share\/1CMM1FzZJ8\/<\/p>\n\n\n\n<figure class=\"wp-block-image size-large\"><a href=\"https:\/\/redsemlac.com\/semmexico\/wp-content\/uploads\/2025\/08\/muestra-anual-04.png\"><img loading=\"lazy\" decoding=\"async\" width=\"822\" height=\"1024\" src=\"https:\/\/redsemlac.com\/semmexico\/wp-content\/uploads\/2025\/08\/muestra-anual-04-822x1024.png\" alt=\"\" class=\"wp-image-98005\" srcset=\"https:\/\/redsemlac.com\/semmexico\/wp-content\/uploads\/2025\/08\/muestra-anual-04-822x1024.png 822w, https:\/\/redsemlac.com\/semmexico\/wp-content\/uploads\/2025\/08\/muestra-anual-04-241x300.png 241w, https:\/\/redsemlac.com\/semmexico\/wp-content\/uploads\/2025\/08\/muestra-anual-04-768x957.png 768w, https:\/\/redsemlac.com\/semmexico\/wp-content\/uploads\/2025\/08\/muestra-anual-04-150x187.png 150w, https:\/\/redsemlac.com\/semmexico\/wp-content\/uploads\/2025\/08\/muestra-anual-04-300x374.png 300w, https:\/\/redsemlac.com\/semmexico\/wp-content\/uploads\/2025\/08\/muestra-anual-04-696x867.png 696w, https:\/\/redsemlac.com\/semmexico\/wp-content\/uploads\/2025\/08\/muestra-anual-04-1068x1331.png 1068w, https:\/\/redsemlac.com\/semmexico\/wp-content\/uploads\/2025\/08\/muestra-anual-04.png 1080w\" sizes=\"auto, (max-width: 822px) 100vw, 822px\" \/><\/a><\/figure>\n","protected":false},"excerpt":{"rendered":"<p>La XXI Muestra Internacional de Mujeres en el Cine y la TV se llevar\u00e1 a cabo del 27 al 31 de agosto en diferentes sedes de la capital La muestra ofrecer\u00e1 al espectador un total de 38 proyectos dirigidos totalmente por mujeres, de las cuales 15 son largometrajes y 23 son cortos&nbsp;\/&nbsp;Foto: Asociaci\u00f3n de Mujeres [&hellip;]<\/p>\n","protected":false},"author":3,"featured_media":98006,"comment_status":"open","ping_status":"open","sticky":false,"template":"","format":"standard","meta":{"_monsterinsights_skip_tracking":false,"footnotes":""},"categories":[748,694],"tags":[],"class_list":["post-98003","post","type-post","status-publish","format-standard","has-post-thumbnail","category-cultura-feminista","category-destacadas"],"_links":{"self":[{"href":"https:\/\/redsemlac.com\/semmexico\/wp-json\/wp\/v2\/posts\/98003","targetHints":{"allow":["GET"]}}],"collection":[{"href":"https:\/\/redsemlac.com\/semmexico\/wp-json\/wp\/v2\/posts"}],"about":[{"href":"https:\/\/redsemlac.com\/semmexico\/wp-json\/wp\/v2\/types\/post"}],"author":[{"embeddable":true,"href":"https:\/\/redsemlac.com\/semmexico\/wp-json\/wp\/v2\/users\/3"}],"replies":[{"embeddable":true,"href":"https:\/\/redsemlac.com\/semmexico\/wp-json\/wp\/v2\/comments?post=98003"}],"version-history":[{"count":0,"href":"https:\/\/redsemlac.com\/semmexico\/wp-json\/wp\/v2\/posts\/98003\/revisions"}],"wp:featuredmedia":[{"embeddable":true,"href":"https:\/\/redsemlac.com\/semmexico\/wp-json\/wp\/v2\/media\/98006"}],"wp:attachment":[{"href":"https:\/\/redsemlac.com\/semmexico\/wp-json\/wp\/v2\/media?parent=98003"}],"wp:term":[{"taxonomy":"category","embeddable":true,"href":"https:\/\/redsemlac.com\/semmexico\/wp-json\/wp\/v2\/categories?post=98003"},{"taxonomy":"post_tag","embeddable":true,"href":"https:\/\/redsemlac.com\/semmexico\/wp-json\/wp\/v2\/tags?post=98003"}],"curies":[{"name":"wp","href":"https:\/\/api.w.org\/{rel}","templated":true}]}}