{"id":98001,"date":"2025-08-22T19:04:50","date_gmt":"2025-08-23T01:04:50","guid":{"rendered":"https:\/\/redsemlac.com\/semmexico\/?p=98001"},"modified":"2025-08-22T19:04:51","modified_gmt":"2025-08-23T01:04:51","slug":"mujer-y-poder-trump-nuestro-salvador","status":"publish","type":"post","link":"https:\/\/redsemlac.com\/semmexico\/mujer-y-poder-trump-nuestro-salvador\/","title":{"rendered":"Mujer y Poder| Trump \u2026\u00bfNuestro Salvador?"},"content":{"rendered":"\n<p class=\"wp-block-paragraph\">*Natalia Vidales de Bitterlin<\/p>\n\n\n\n<p class=\"wp-block-paragraph\">SemM\u00e9xico, Baja California Sur, 22 de agosto, 2025.- Podr\u00e1 caernos bien, mal\u2026 o peor,&nbsp; el presidente del vecino pa\u00eds del norte; podr\u00e1n no gustarnos sus poses, el trato desp\u00f3tico que brinda a quienes considera sus subalternos y opositores; podremos incluso criticar su modo de vida y podremos no aprobar su pol\u00edtica migratoria;&nbsp; pero resulta que,&nbsp; sin duda, Donald Trump\u2026est\u00e1 ayudando a los mexicanos; le est\u00e1 jalando las riendas a la presidenta de M\u00e9xico para que act\u00fae en contra del narco y del crimen organizado que se ha ido apoderando del pa\u00eds.<\/p>\n\n\n\n<p class=\"wp-block-paragraph\">Eso es suficiente para nosotros&nbsp; y para hacer de lado sus aspectos negativos.&nbsp; Darnos por bien servidos en el intento de controlar -si es que no de acabar-&nbsp; no solo a los narco jornaleros&nbsp; de los plant\u00edos y a los \u201cburreros\u201d de las drogas &#8212; que son lo m\u00e1s delgado en la&nbsp; &nbsp;cadena&nbsp; de los c\u00e1rteles-&nbsp; sino a los pol\u00edticos que han facilitado esas actividades il\u00edcitas \u2026esas que llevan a destrozar vidas enteras de j\u00f3venes&nbsp; &#8211;estadunidenses y mexicanos&#8211;&nbsp; que cayeron en las drogas y quienes, salvo contadas excepciones, no tienen salvaci\u00f3n.<\/p>\n\n\n\n<p class=\"wp-block-paragraph\">Por eso todos debemos unirnos y aplaudir las acciones que \u00a8los gringos\u00a8 est\u00e1n realizando en nuestro pa\u00eds, y no dejarnos confundir&nbsp;&nbsp; con el discurso de una supuesta \u00a8invasi\u00f3n a nuestra soberan\u00eda\u00a8 -como lo ha dicho la presidenta Claudia Sheinbaum- porque no\u2026. no se trata de vulnerarla&nbsp; sino, por el contrario, de protegerla de los narco pol\u00edticos, y lo que debemos hacer es recibir&nbsp; el apoyo&nbsp; con los brazos abiertos para combatir esta plaga&nbsp; que el&nbsp; gobierno mexicano no ha podido -o no ha querido por las razones que sea-&nbsp; atender con e-fec-ti-vi-dad.<\/p>\n\n\n\n<p class=\"wp-block-paragraph\">De hecho cada vez que la presidenta se molesta por la \u201cinjerencia\u201d del gobierno vecino, da la impresi\u00f3n de que est\u00e1&nbsp; &#8211;como su antecesor&#8211;&nbsp; cubriendo&nbsp; a los criminales.&nbsp;&nbsp;&nbsp;<\/p>\n\n\n\n<p class=\"wp-block-paragraph\">Familias enteras sufren a diario&nbsp; -y sin esperanza-&nbsp; por la drogadicci\u00f3n de alg\u00fan miembro de su familia, amigos y dem\u00e1s.&nbsp;&nbsp; Los estragos son enormes y alcanzan tanto a quien vive en la pobreza como quien lo hace en la abundancia.&nbsp; No hay discriminaci\u00f3n en eso y podemos asegurar que en cada hogar de M\u00e9xico hay o un conocido o un familiar que ha ca\u00eddo en las adicciones causando graves problemas &#8211; econ\u00f3micos, espirituales, morales, sociales-&nbsp; a sus seres queridos.<\/p>\n\n\n\n<p class=\"wp-block-paragraph\">Por supuesto que hubiera sido preferible&nbsp; que fueran las autoridades de nuestro pa\u00eds quienes limpiaran este cochinero, \u00a1claro!,&nbsp; pero&nbsp; o no quiere o no puede solo&nbsp; sin olvidar que el problema es internacional, y entonces lo&nbsp; importante es que se den las capturas y se realicen&nbsp; las&nbsp; investigaciones a fondo&nbsp; -como las autoridades norteamericanas lo est\u00e1n haciendo-&nbsp; para descubrir a los narcos y a los&nbsp; pol\u00edticos&nbsp; asociados,&nbsp; desenmascararlos y ponerlos tras las rejas.<\/p>\n\n\n\n<p class=\"wp-block-paragraph\">En los m\u00e1s altos niveles gubernamentales el c\u00e1ncer de la ambici\u00f3n desmedida ha llegado y a ellos debe&nbsp; tambi\u00e9n llegar la justicia, el castigo por el irreparable da\u00f1o causado sobre todo a la juventud.&nbsp;<\/p>\n\n\n\n<p class=\"wp-block-paragraph\">Muchos que a\u00fan est\u00e1n disfrutando de los bienes y privilegios mal habidos\u2026tendr\u00e1n que pagar por su corrupci\u00f3n e inconciencia tarde o temprano.&nbsp;&nbsp;&nbsp;&nbsp;&nbsp;&nbsp; Hoy los vemos en lujosos hoteles, en&nbsp; mansiones, despilfarrando el dinero en ropa de marca, joyas, viajes, pero&#8230;ma\u00f1ana los veremos en prisi\u00f3n, repudiados por la sociedad entera y para la verg\u00fcenza de sus&nbsp; familias.&nbsp;<\/p>\n\n\n\n<p class=\"wp-block-paragraph\">Los \u00faltimos acontecimientos que muestran la vida ostentosa que de un d\u00eda&nbsp; para otro tienen funcionarios, gobernantes y legisladores -a nivel nacional y en nuestro propio estado y municipio-&nbsp; son prueba irrefutable de la corrupci\u00f3n que prevalece entre esa \u00a8\u00e9lite\u00a8 que se cree intocable.<\/p>\n\n\n\n<p class=\"wp-block-paragraph\">Los mexicanos debemos apoyar los esfuerzos&nbsp; &#8211;nacionales y extranjeros&#8211;&nbsp; que se hagan para ir capturando uno a uno a estos pol\u00edticos y gobernantes corruptos que han permitido&nbsp;&nbsp; y se han coludido&nbsp;&nbsp; con&nbsp;&nbsp;&nbsp; la&nbsp;&nbsp; operaci\u00f3n impune de&nbsp;&nbsp;&nbsp; los carteles de la droga en nuestro querido pa\u00eds.&nbsp;&nbsp; El problema es de todos y por ello todos deber\u00edamos levantar la voz para que se le d\u00e9 &nbsp;&nbsp;&nbsp;&nbsp;&nbsp;&nbsp;&nbsp;&nbsp;&nbsp;&nbsp;&nbsp;&nbsp;&nbsp;&nbsp;&nbsp;&nbsp;&nbsp;&nbsp;&nbsp;&nbsp;&nbsp;&nbsp;&nbsp;&nbsp;&nbsp;&nbsp;&nbsp;&nbsp;&nbsp;&nbsp;&nbsp;&nbsp;&nbsp;&nbsp;&nbsp;&nbsp;&nbsp;&nbsp;&nbsp;&nbsp;&nbsp;&nbsp;&nbsp;&nbsp;&nbsp;&nbsp;&nbsp;&nbsp;&nbsp;&nbsp;&nbsp;&nbsp;&nbsp;&nbsp;&nbsp;&nbsp;&nbsp;&nbsp;&nbsp;&nbsp;&nbsp;&nbsp;&nbsp;&nbsp;&nbsp;&nbsp;&nbsp;&nbsp;&nbsp;&nbsp;&nbsp;&nbsp;&nbsp;&nbsp;&nbsp;&nbsp;la soluci\u00f3n\u2026 sin o con ayuda del exterior.<\/p>\n","protected":false},"excerpt":{"rendered":"<p>*Natalia Vidales de Bitterlin SemM\u00e9xico, Baja California Sur, 22 de agosto, 2025.- Podr\u00e1 caernos bien, mal\u2026 o peor,&nbsp; el presidente del vecino pa\u00eds del norte; podr\u00e1n no gustarnos sus poses, el trato desp\u00f3tico que brinda a quienes considera sus subalternos y opositores; podremos incluso criticar su modo de vida y podremos no aprobar su pol\u00edtica [&hellip;]<\/p>\n","protected":false},"author":3,"featured_media":38550,"comment_status":"open","ping_status":"open","sticky":false,"template":"","format":"standard","meta":{"_monsterinsights_skip_tracking":false,"footnotes":""},"categories":[100,72,35],"tags":[],"class_list":["post-98001","post","type-post","status-publish","format-standard","has-post-thumbnail","category-mujer-y-poder","category-natalia-vidales","category-opinion"],"_links":{"self":[{"href":"https:\/\/redsemlac.com\/semmexico\/wp-json\/wp\/v2\/posts\/98001","targetHints":{"allow":["GET"]}}],"collection":[{"href":"https:\/\/redsemlac.com\/semmexico\/wp-json\/wp\/v2\/posts"}],"about":[{"href":"https:\/\/redsemlac.com\/semmexico\/wp-json\/wp\/v2\/types\/post"}],"author":[{"embeddable":true,"href":"https:\/\/redsemlac.com\/semmexico\/wp-json\/wp\/v2\/users\/3"}],"replies":[{"embeddable":true,"href":"https:\/\/redsemlac.com\/semmexico\/wp-json\/wp\/v2\/comments?post=98001"}],"version-history":[{"count":0,"href":"https:\/\/redsemlac.com\/semmexico\/wp-json\/wp\/v2\/posts\/98001\/revisions"}],"wp:featuredmedia":[{"embeddable":true,"href":"https:\/\/redsemlac.com\/semmexico\/wp-json\/wp\/v2\/media\/38550"}],"wp:attachment":[{"href":"https:\/\/redsemlac.com\/semmexico\/wp-json\/wp\/v2\/media?parent=98001"}],"wp:term":[{"taxonomy":"category","embeddable":true,"href":"https:\/\/redsemlac.com\/semmexico\/wp-json\/wp\/v2\/categories?post=98001"},{"taxonomy":"post_tag","embeddable":true,"href":"https:\/\/redsemlac.com\/semmexico\/wp-json\/wp\/v2\/tags?post=98001"}],"curies":[{"name":"wp","href":"https:\/\/api.w.org\/{rel}","templated":true}]}}