{"id":97955,"date":"2025-08-20T15:01:13","date_gmt":"2025-08-20T21:01:13","guid":{"rendered":"https:\/\/redsemlac.com\/semmexico\/?p=97955"},"modified":"2025-08-20T15:01:13","modified_gmt":"2025-08-20T21:01:13","slug":"opinion-cuidados-nuevo-paradigma-en-al","status":"publish","type":"post","link":"https:\/\/redsemlac.com\/semmexico\/opinion-cuidados-nuevo-paradigma-en-al\/","title":{"rendered":"Opini\u00f3n | Cuidados, nuevo paradigma en AL"},"content":{"rendered":"\n<p class=\"wp-block-paragraph\">Claudia Corichi<\/p>\n\n\n\n<p class=\"wp-block-paragraph\">SemM\u00e9xico, Cd. de M\u00e9xico, 20 de agosto, 2025.- Las delegaciones de 31 Estados miembros de&nbsp;la Comisi\u00f3n Econ\u00f3mica para Am\u00e9rica Latina y el Caribe (Cepal)&nbsp;que participaron en la&nbsp;Conferencia regional sobre la Mujer&nbsp;celebrada la semana pasada,&nbsp;aprobaron el&nbsp;<em>Compromiso de Tlatelolco<\/em>,<em>&nbsp;<\/em>la declaratoria final de 80 puntos que busca acelerar el logro de la igualdad sustantiva&nbsp;y perfilar la sociedad del cuidado del siglo XXI. &nbsp;<\/p>\n\n\n\n<p class=\"wp-block-paragraph\">Este encuentro se ha consolidado como&nbsp;el principal foro intergubernamental de debate y propuestas sobre los derechos de las mujeres a escala intercontinental.&nbsp;Los acuerdos adoptados en cada uno de ellos han nutrido&nbsp;la Agenda Regional de G\u00e9nero que gu\u00eda las pol\u00edticas p\u00fablicas de los pa\u00edses para lograr la igualdad en la ley y en los hechos y la autonom\u00eda de las mujeres.<\/p>\n\n\n\n<p class=\"wp-block-paragraph\">El&nbsp;<em>Compromiso de Tlatelolco&nbsp;<\/em>representa un punto de inflexi\u00f3n en la larga historia de las Conferencias regionales&nbsp;que cumplen 48 a\u00f1os desde la primera celebrada en La Habana.&nbsp;Plantea como nuevo paradigma a la sociedad del cuidado y propone medidas para superar la divisi\u00f3n sexual del trabajo&nbsp;y transitar hacia una justa organizaci\u00f3n social de los cuidados.<\/p>\n\n\n\n<p class=\"wp-block-paragraph\">El documento es profundo, ambicioso y progresista.&nbsp;Reconoce los cuidados como una necesidad a lo largo del ciclo de la vida,&nbsp;el derecho al cuidado como un derecho humano, como bien p\u00fablico, como un trabajo y un sector dinamizador de la econom\u00eda. Pide a los Estados adoptar marcos normativos, pol\u00edticas y programas de cuidado que respeten y protejan los derechos de quienes reciben y proveen cuidados de forma remunerada y no remunerada.<\/p>\n\n\n\n<p class=\"wp-block-paragraph\">De acuerdo con&nbsp;la definici\u00f3n m\u00e1s aceptada en la academia, los cuidados tienen que ver con la preocupaci\u00f3n por las otras personas y con hacerse cargo de su bienestar. Su relevancia deriva de la divisi\u00f3n sexual del trabajo y el sistema patriarcal que ha asignado a las mujeres esta responsabilidad que nos corresponde a todas y todos.<\/p>\n\n\n\n<p class=\"wp-block-paragraph\">Seg\u00fan ONU Mujeres, las ni\u00f1as y mujeres de Am\u00e9rica Latina dedican hasta tres veces m\u00e1s horas que los hombres al trabajo de cuidados no remunerado&nbsp;(cocinar, cuidar infancias, dar apoyo a personas enfermas y mayores). Se\u00f1ala que invertir en los cuidados no solo alivia su carga, sino que tambi\u00e9n libera el potencial de sociedades enteras.<\/p>\n\n\n\n<p class=\"wp-block-paragraph\">Los resolutivos de la Conferencia regional proponen incrementar el financiamiento para abordar las desigualdades de g\u00e9nero, proporcionar los recursos financieros para el dise\u00f1o de pol\u00edticas de igualdad sustantiva y sistemas integrales de cuidados e impulsar sistemas financieros que contemplen la educaci\u00f3n financiera y el acceso equitativo de las mujeres con menores recursos a servicios y productos de ahorro y cr\u00e9dito.&nbsp;<\/p>\n\n\n\n<p class=\"wp-block-paragraph\">En M\u00e9xico seg\u00fan el Inegi, 32 millones de personas brindaron cuidados a integrantes de su hogar durante 2022; de esa poblaci\u00f3n 75% correspondi\u00f3 a mujeres.&nbsp;El valor econ\u00f3mico del trabajo no remunerado equivale al 26.3% del PIB total de la econom\u00eda.&nbsp;En Colombia y Chile se estima que el trabajo de cuidados contribuye con el 19.6% y el 25.6% del PIB nacional, respectivamente.<\/p>\n\n\n\n<p class=\"wp-block-paragraph\">Los pa\u00edses decidieron que la reuni\u00f3n se denomine a partir de ahora Conferencia Regional sobre las Mujeres de ALC, as\u00ed como establecer una d\u00e9cada de acci\u00f3n (2025-2035) para implementar mecanismos de seguimiento con perspectiva de g\u00e9nero, alcanzar los objetivos propuestos y hacer realidad la nueva visi\u00f3n estrat\u00e9gica de la sociedad de cuidados.<\/p>\n\n\n\n<p class=\"wp-block-paragraph\">Todas y todos debemos impulsar esta gran tarea.<\/p>\n\n\n\n<p class=\"wp-block-paragraph\">#HablemosDeCuidados<\/p>\n\n\n\n<p class=\"wp-block-paragraph\">@ClauCorichi<\/p>\n","protected":false},"excerpt":{"rendered":"<p>Claudia Corichi SemM\u00e9xico, Cd. de M\u00e9xico, 20 de agosto, 2025.- Las delegaciones de 31 Estados miembros de&nbsp;la Comisi\u00f3n Econ\u00f3mica para Am\u00e9rica Latina y el Caribe (Cepal)&nbsp;que participaron en la&nbsp;Conferencia regional sobre la Mujer&nbsp;celebrada la semana pasada,&nbsp;aprobaron el&nbsp;Compromiso de Tlatelolco,&nbsp;la declaratoria final de 80 puntos que busca acelerar el logro de la igualdad sustantiva&nbsp;y perfilar la [&hellip;]<\/p>\n","protected":false},"author":3,"featured_media":79168,"comment_status":"open","ping_status":"open","sticky":false,"template":"","format":"standard","meta":{"_monsterinsights_skip_tracking":false,"footnotes":""},"categories":[35],"tags":[],"class_list":["post-97955","post","type-post","status-publish","format-standard","has-post-thumbnail","category-opinion"],"_links":{"self":[{"href":"https:\/\/redsemlac.com\/semmexico\/wp-json\/wp\/v2\/posts\/97955","targetHints":{"allow":["GET"]}}],"collection":[{"href":"https:\/\/redsemlac.com\/semmexico\/wp-json\/wp\/v2\/posts"}],"about":[{"href":"https:\/\/redsemlac.com\/semmexico\/wp-json\/wp\/v2\/types\/post"}],"author":[{"embeddable":true,"href":"https:\/\/redsemlac.com\/semmexico\/wp-json\/wp\/v2\/users\/3"}],"replies":[{"embeddable":true,"href":"https:\/\/redsemlac.com\/semmexico\/wp-json\/wp\/v2\/comments?post=97955"}],"version-history":[{"count":0,"href":"https:\/\/redsemlac.com\/semmexico\/wp-json\/wp\/v2\/posts\/97955\/revisions"}],"wp:featuredmedia":[{"embeddable":true,"href":"https:\/\/redsemlac.com\/semmexico\/wp-json\/wp\/v2\/media\/79168"}],"wp:attachment":[{"href":"https:\/\/redsemlac.com\/semmexico\/wp-json\/wp\/v2\/media?parent=97955"}],"wp:term":[{"taxonomy":"category","embeddable":true,"href":"https:\/\/redsemlac.com\/semmexico\/wp-json\/wp\/v2\/categories?post=97955"},{"taxonomy":"post_tag","embeddable":true,"href":"https:\/\/redsemlac.com\/semmexico\/wp-json\/wp\/v2\/tags?post=97955"}],"curies":[{"name":"wp","href":"https:\/\/api.w.org\/{rel}","templated":true}]}}