{"id":97952,"date":"2025-08-20T14:58:46","date_gmt":"2025-08-20T20:58:46","guid":{"rendered":"https:\/\/redsemlac.com\/semmexico\/?p=97952"},"modified":"2025-08-20T14:58:47","modified_gmt":"2025-08-20T20:58:47","slug":"las-mujeres-ya-no-lloran-shakira-lidera-ventas-de-conciertos-en-estados-unidos-con-700-000-entradas","status":"publish","type":"post","link":"https:\/\/redsemlac.com\/semmexico\/las-mujeres-ya-no-lloran-shakira-lidera-ventas-de-conciertos-en-estados-unidos-con-700-000-entradas\/","title":{"rendered":"\u201cLas mujeres ya no lloran\u201d: Shakira lidera ventas de conciertos en Estados Unidos con 700.000 entradas"},"content":{"rendered":"\n<p class=\"wp-block-paragraph\">La artista barranquillera se consagra como la solista con mayor convocatoria en el pa\u00eds y agota localidades en tiempo r\u00e9cord, mientras ampl\u00eda el tour a m\u00e1s ciudades y cosecha sold outs por toda la regi\u00f3n: Foto: Getty Images<\/p>\n\n\n\n<p class=\"wp-block-paragraph\">Seg\u00fan datos oficiales, la cantante colombiana super\u00f3 los 2,5 millones de entradas en su tour mundial, conquistando M\u00e9xico, Colombia y Estados Unidos<\/p>\n\n\n\n<p class=\"wp-block-paragraph\">Redacci\u00f3n<\/p>\n\n\n\n<p class=\"wp-block-paragraph\">SemM\u00e9xico, Cd. de M\u00e9xico, 20 de agosto, 2025.- La gira mundial de Shakira, titulada&nbsp;<em>Las mujeres ya no lloran<\/em>, super\u00f3 la marca de 2,5 millones de entradas vendidas tras su inicio en Latinoam\u00e9rica y la confirmaci\u00f3n de nuevas fechas en Am\u00e9rica y otras regiones.<\/p>\n\n\n\n<p class=\"wp-block-paragraph\">La artista barranquillera posicion\u00f3 su tour como&nbsp;el m\u00e1s grande en la historia de M\u00e9xico para un solo artista, con un mill\u00f3n de entradas, y alcanz\u00f3 700.000 boletos vendidos en Estados Unidos, seg\u00fan datos revelados por la propia cantante y las promotoras del tour en sus redes sociales.<\/p>\n\n\n\n<p class=\"wp-block-paragraph\"><strong>R\u00e9cord hist\u00f3rico de asistencia en M\u00e9xico<\/strong><\/p>\n\n\n\n<p class=\"wp-block-paragraph\">M\u00e9xico se convirti\u00f3 en el epicentro del fen\u00f3meno Shakira, alcanzando un mill\u00f3n de entradas vendidas en distintos recintos, un registro sin precedentes para un artista en solitario.<\/p>\n\n\n\n<p class=\"wp-block-paragraph\">Catorce nuevas fechas se sumaron recientemente al itinerario, ampliando la cobertura a ciudades del norte y sur del pa\u00eds, incluso,&nbsp;el inter\u00e9s super\u00f3 las expectativas con localidades agotadas en plazos cortos, lo que consolid\u00f3 a la int\u00e9rprete como la figura internacional femenina de mayor convocatoria en la naci\u00f3n.<\/p>\n\n\n\n<p class=\"wp-block-paragraph\"><strong>Colombia, centro neur\u00e1lgico del tour latino<\/strong><\/p>\n\n\n\n<p class=\"wp-block-paragraph\">El tour tambi\u00e9n marc\u00f3 un hito en Colombia, pues Shakira anunci\u00f3 nueve presentaciones solo en ese territorio, incluyendo dos shows en cada una de las ciudades de Medell\u00edn, Bogot\u00e1 y Barranquilla, as\u00ed como dos en Cali y otra fecha adicional confirmada para la capital, cifras que sit\u00faan a la gira como la m\u00e1s extensa realizada por un artista de habla hispana en el pa\u00eds.<\/p>\n\n\n\n<p class=\"wp-block-paragraph\">La multiplatinada cantante eligi\u00f3 los escenarios colombianos para rendir homenaje a quienes la impulsaron desde el inicio de su carrera, subrayando la importancia que tiene para su trayectoria el p\u00fablico local.<\/p>\n\n\n\n<p class=\"wp-block-paragraph\"><strong>Expansi\u00f3n regional y \u00e9xitos internacionales<\/strong><\/p>\n\n\n\n<p class=\"wp-block-paragraph\">A la par del impacto en M\u00e9xico y Colombia, el tour recorre nuevamente mercados estrat\u00e9gicos en Chile, Argentina, Uruguay y Ecuador, en los que la respuesta se tradujo en llenos absolutos y ventas sin precedentes.<\/p>\n\n\n\n<p class=\"wp-block-paragraph\">En estos pa\u00edses, Shakira impuso marcas de asistencia hist\u00f3rica, logr\u00e1ndolo en sede tras sede.<\/p>\n\n\n\n<p class=\"wp-block-paragraph\">La gira avanza con fuerza tambi\u00e9n en la segunda etapa de su programaci\u00f3n, bajo el concepto&nbsp;<em>Estoy aqu\u00ed<\/em>, en referencia a uno de sus temas m\u00e1s emblem\u00e1ticos, con el que la cantante reedit\u00f3 parte del repertorio original e incorpor\u00f3 nuevas canciones como&nbsp;<em>D\u00eda de enero<\/em>&nbsp;a la lista de interpretaciones en vivo.<\/p>\n\n\n\n<p class=\"wp-block-paragraph\"><strong>Estados Unidos, clave en la consolidaci\u00f3n mundial<\/strong><\/p>\n\n\n\n<p class=\"wp-block-paragraph\">En Estados Unidos, el tour de Shakira vendi\u00f3 ya 700.000 boletos, cifra que sit\u00faa a la serie de conciertos entre los tours latinos m\u00e1s exitosos registrados en ese mercado, seg\u00fan datos compartidos por la artista y las productoras asociados,&nbsp;las ciudades estadounidenses respondieron masivamente a la convocatoria, agotando aforos en sedes emblem\u00e1ticas.<\/p>\n\n\n\n<p class=\"wp-block-paragraph\">Hasta la fecha la gira acumul\u00f3 50 shows con&nbsp;<em>sold out<\/em>&nbsp;a nivel internacional, las cifras oficiales no contemplan todav\u00eda los pr\u00f3ximos anuncios de fechas en Europa ni eventual presencia en Asia, por lo que el alcance global del tour contin\u00faa en expansi\u00f3n.<\/p>\n\n\n\n<p class=\"wp-block-paragraph\"><strong>Innovaci\u00f3n en el repertorio y conexi\u00f3n con el p\u00fablico<\/strong><\/p>\n\n\n\n<p class=\"wp-block-paragraph\">Shakira apost\u00f3 por una interacci\u00f3n directa con sus seguidores en esta segunda temporada al solicitarles seleccionar nuevas canciones para cada presentaci\u00f3n, una estrategia que permiti\u00f3 diversificar la experiencia del espect\u00e1culo en cada plaza.<\/p>\n\n\n\n<p class=\"wp-block-paragraph\">Este enfoque, combinado con una puesta en escena de alto impacto y la inclusi\u00f3n de cl\u00e1sicos y temas in\u00e9ditos, mantuvo el inter\u00e9s constante y favoreci\u00f3 el di\u00e1logo multigeneracional entre p\u00fablico y artista en pa\u00edses distintos.<br><\/p>\n","protected":false},"excerpt":{"rendered":"<p>La artista barranquillera se consagra como la solista con mayor convocatoria en el pa\u00eds y agota localidades en tiempo r\u00e9cord, mientras ampl\u00eda el tour a m\u00e1s ciudades y cosecha sold outs por toda la regi\u00f3n: Foto: Getty Images Seg\u00fan datos oficiales, la cantante colombiana super\u00f3 los 2,5 millones de entradas en su tour mundial, conquistando [&hellip;]<\/p>\n","protected":false},"author":3,"featured_media":97953,"comment_status":"open","ping_status":"open","sticky":false,"template":"","format":"standard","meta":{"_monsterinsights_skip_tracking":false,"footnotes":""},"categories":[748],"tags":[],"class_list":["post-97952","post","type-post","status-publish","format-standard","has-post-thumbnail","category-cultura-feminista"],"_links":{"self":[{"href":"https:\/\/redsemlac.com\/semmexico\/wp-json\/wp\/v2\/posts\/97952","targetHints":{"allow":["GET"]}}],"collection":[{"href":"https:\/\/redsemlac.com\/semmexico\/wp-json\/wp\/v2\/posts"}],"about":[{"href":"https:\/\/redsemlac.com\/semmexico\/wp-json\/wp\/v2\/types\/post"}],"author":[{"embeddable":true,"href":"https:\/\/redsemlac.com\/semmexico\/wp-json\/wp\/v2\/users\/3"}],"replies":[{"embeddable":true,"href":"https:\/\/redsemlac.com\/semmexico\/wp-json\/wp\/v2\/comments?post=97952"}],"version-history":[{"count":0,"href":"https:\/\/redsemlac.com\/semmexico\/wp-json\/wp\/v2\/posts\/97952\/revisions"}],"wp:featuredmedia":[{"embeddable":true,"href":"https:\/\/redsemlac.com\/semmexico\/wp-json\/wp\/v2\/media\/97953"}],"wp:attachment":[{"href":"https:\/\/redsemlac.com\/semmexico\/wp-json\/wp\/v2\/media?parent=97952"}],"wp:term":[{"taxonomy":"category","embeddable":true,"href":"https:\/\/redsemlac.com\/semmexico\/wp-json\/wp\/v2\/categories?post=97952"},{"taxonomy":"post_tag","embeddable":true,"href":"https:\/\/redsemlac.com\/semmexico\/wp-json\/wp\/v2\/tags?post=97952"}],"curies":[{"name":"wp","href":"https:\/\/api.w.org\/{rel}","templated":true}]}}