{"id":97837,"date":"2025-08-15T19:54:59","date_gmt":"2025-08-16T01:54:59","guid":{"rendered":"https:\/\/redsemlac.com\/semmexico\/?p=97837"},"modified":"2025-08-15T19:55:00","modified_gmt":"2025-08-16T01:55:00","slug":"una-replica-del-tren-interoceanico-la-alegria-trascendio","status":"publish","type":"post","link":"https:\/\/redsemlac.com\/semmexico\/una-replica-del-tren-interoceanico-la-alegria-trascendio\/","title":{"rendered":"Una r\u00e9plica del tren interoce\u00e1nico, la alegr\u00eda trascendi\u00f3"},"content":{"rendered":"\n<p class=\"wp-block-paragraph\">Mi hermano y yo<\/p>\n\n\n\n<p class=\"wp-block-paragraph\">El legado de mi abuela<\/p>\n\n\n\n<p class=\"wp-block-paragraph\">Cristina Salazar\/ III y IV partes<\/p>\n\n\n\n<p class=\"wp-block-paragraph\">SemM\u00e9xico, Oaxaca, 14 de agosto, 2025.-<strong>&nbsp;<\/strong>Es noviembre de 2024 y recibo una&nbsp;llamada telef\u00f3nica de mi hermano.<strong><\/strong><\/p>\n\n\n\n<p class=\"wp-block-paragraph\">\u2014\u00bfPuedes apoyarme? Me acaban de encargar una r\u00e9plica del Tren Interoce\u00e1nico&nbsp;\u2014me solicit\u00f3 mi hermano por tel\u00e9fono\u2014. Necesitamos ideas para que todas las&nbsp;personas que se suban disfruten de esa experiencia y tambi\u00e9n se d\u00e9 a conocer la&nbsp;importancia de esa obra. Por lo pronto, ya estoy adaptando un jeep para que sea el&nbsp;que jale los vagones.<\/p>\n\n\n\n<p class=\"wp-block-paragraph\">Quedo sorprendida nuevamente. Mundo, como le digo a mi hermano Edmundo,&nbsp;siempre me ha impresionado con las creaciones y adaptaciones que realiza con un&nbsp;equipo de talentosos y comprometidos maestros, e incluso maestras, de los oficios&nbsp;de mec\u00e1nica, electricidad, modelado de fibra de vidrio, pintura, carpinter\u00eda y&nbsp;cartoner\u00eda, una ingeniera, un ingeniero y una arquitecta. Son verdaderas obras de&nbsp;ingenier\u00eda y arte un enorme carrusel de dos pisos con 42 caballitos de fibra de vidrio&nbsp;y 2 carrozas para 4 personas; el simp\u00e1tico trenecito de 3 vagones de Bob Esponja&nbsp;que puede transportar a 12 ni\u00f1as y ni\u00f1os; el otro gracioso trenecito del Chavo del 8&nbsp;tambi\u00e9n de 3 vagones; el primoroso trenecito de Cars con 5 carritos que despu\u00e9s&nbsp;se convirti\u00f3 en convoy con un carrito m\u00e1s y poder llevar a 16 ni\u00f1as y ni\u00f1os; la&nbsp;sensacional plataforma con 5 toros salvajes que se mueven sincronizados, \u00a1\u00a1se les&nbsp;encienden los ojos y sacan humo\u00a1\u00a1; el extraordinario carrusel con 12 figuras del&nbsp;C\u00f3dice Vindobonensis, con los nombres de las figuras de estos animales en lengua&nbsp;mixteca y en espa\u00f1ol, dos tronos-carrozas para 2 personas y con acceso y espacio&nbsp;para personas con discapacidad en silla de ruedas. \u00a1Y qu\u00e9 decir del elefante y el&nbsp;camello gigantes para que el d\u00eda de Reyes se suban las ni\u00f1as y ni\u00f1os y esos&nbsp;animales emitan sus propios sonidos!<\/p>\n\n\n\n<figure class=\"wp-block-gallery has-nested-images columns-default is-cropped wp-block-gallery-1 is-layout-flex wp-block-gallery-is-layout-flex\">\n<figure class=\"wp-block-image size-large\"><a href=\"https:\/\/redsemlac.com\/semmexico\/wp-content\/uploads\/2025\/08\/Screenshot_20250815-191847.Word-1.png\"><img loading=\"lazy\" decoding=\"async\" width=\"829\" height=\"1024\" data-id=\"97838\" src=\"https:\/\/redsemlac.com\/semmexico\/wp-content\/uploads\/2025\/08\/Screenshot_20250815-191847.Word-1-829x1024.png\" alt=\"\" class=\"wp-image-97838\" srcset=\"https:\/\/redsemlac.com\/semmexico\/wp-content\/uploads\/2025\/08\/Screenshot_20250815-191847.Word-1-829x1024.png 829w, https:\/\/redsemlac.com\/semmexico\/wp-content\/uploads\/2025\/08\/Screenshot_20250815-191847.Word-1-243x300.png 243w, https:\/\/redsemlac.com\/semmexico\/wp-content\/uploads\/2025\/08\/Screenshot_20250815-191847.Word-1-768x949.png 768w, https:\/\/redsemlac.com\/semmexico\/wp-content\/uploads\/2025\/08\/Screenshot_20250815-191847.Word-1-150x185.png 150w, https:\/\/redsemlac.com\/semmexico\/wp-content\/uploads\/2025\/08\/Screenshot_20250815-191847.Word-1-300x371.png 300w, https:\/\/redsemlac.com\/semmexico\/wp-content\/uploads\/2025\/08\/Screenshot_20250815-191847.Word-1-324x400.png 324w, https:\/\/redsemlac.com\/semmexico\/wp-content\/uploads\/2025\/08\/Screenshot_20250815-191847.Word-1-696x860.png 696w, https:\/\/redsemlac.com\/semmexico\/wp-content\/uploads\/2025\/08\/Screenshot_20250815-191847.Word-1.png 950w\" sizes=\"auto, (max-width: 829px) 100vw, 829px\" \/><\/a><\/figure>\n\n\n\n<figure class=\"wp-block-image size-large\"><a href=\"https:\/\/redsemlac.com\/semmexico\/wp-content\/uploads\/2025\/08\/Screenshot_20250815-191852.Word-1.png\"><img loading=\"lazy\" decoding=\"async\" width=\"980\" height=\"1024\" data-id=\"97839\" src=\"https:\/\/redsemlac.com\/semmexico\/wp-content\/uploads\/2025\/08\/Screenshot_20250815-191852.Word-1-980x1024.png\" alt=\"\" class=\"wp-image-97839\" srcset=\"https:\/\/redsemlac.com\/semmexico\/wp-content\/uploads\/2025\/08\/Screenshot_20250815-191852.Word-1-980x1024.png 980w, https:\/\/redsemlac.com\/semmexico\/wp-content\/uploads\/2025\/08\/Screenshot_20250815-191852.Word-1-287x300.png 287w, https:\/\/redsemlac.com\/semmexico\/wp-content\/uploads\/2025\/08\/Screenshot_20250815-191852.Word-1-768x803.png 768w, https:\/\/redsemlac.com\/semmexico\/wp-content\/uploads\/2025\/08\/Screenshot_20250815-191852.Word-1-150x157.png 150w, https:\/\/redsemlac.com\/semmexico\/wp-content\/uploads\/2025\/08\/Screenshot_20250815-191852.Word-1-300x314.png 300w, https:\/\/redsemlac.com\/semmexico\/wp-content\/uploads\/2025\/08\/Screenshot_20250815-191852.Word-1-696x727.png 696w, https:\/\/redsemlac.com\/semmexico\/wp-content\/uploads\/2025\/08\/Screenshot_20250815-191852.Word-1.png 1039w\" sizes=\"auto, (max-width: 980px) 100vw, 980px\" \/><\/a><\/figure>\n<\/figure>\n\n\n\n<figure class=\"wp-block-table\"><table class=\"has-fixed-layout\"><tbody><tr><th><\/th><th><\/th><\/tr><tr><th><br>Mi sobrino Pablo montando el elefante&nbsp;creado para la fiesta de los Reyes&nbsp;Magos en Ejutla, en el taller de mi&nbsp;hermano. 1 de enero de 2022.<br><br>Fotograf\u00eda: Edmundo Salazar Acevedo.<\/th><td><br>Mi mam\u00e1 Lucila Acevedo D\u00edaz&nbsp;estrenando el camello. 1 de enero de&nbsp;2022.<br><br><br>Fotograf\u00eda: Mar\u00eda Cristina Salazar&nbsp;Acevedo.<\/td><\/tr><\/tbody><\/table><\/figure>\n\n\n\n<p class=\"wp-block-paragraph\">Con mucha raz\u00f3n mi amiga Tere me dice: &nbsp;<\/p>\n\n\n\n<p class=\"wp-block-paragraph\">\u2014Tu hermano es un inventor.<\/p>\n\n\n\n<figure class=\"wp-block-image size-large\"><a href=\"https:\/\/redsemlac.com\/semmexico\/wp-content\/uploads\/2025\/08\/Screenshot_20250815-191858.Word-1.png\"><img loading=\"lazy\" decoding=\"async\" width=\"1024\" height=\"811\" src=\"https:\/\/redsemlac.com\/semmexico\/wp-content\/uploads\/2025\/08\/Screenshot_20250815-191858.Word-1-1024x811.png\" alt=\"\" class=\"wp-image-97840\" srcset=\"https:\/\/redsemlac.com\/semmexico\/wp-content\/uploads\/2025\/08\/Screenshot_20250815-191858.Word-1-1024x811.png 1024w, https:\/\/redsemlac.com\/semmexico\/wp-content\/uploads\/2025\/08\/Screenshot_20250815-191858.Word-1-300x237.png 300w, https:\/\/redsemlac.com\/semmexico\/wp-content\/uploads\/2025\/08\/Screenshot_20250815-191858.Word-1-768x608.png 768w, https:\/\/redsemlac.com\/semmexico\/wp-content\/uploads\/2025\/08\/Screenshot_20250815-191858.Word-1-150x119.png 150w, https:\/\/redsemlac.com\/semmexico\/wp-content\/uploads\/2025\/08\/Screenshot_20250815-191858.Word-1-696x551.png 696w, https:\/\/redsemlac.com\/semmexico\/wp-content\/uploads\/2025\/08\/Screenshot_20250815-191858.Word-1.png 1060w\" sizes=\"auto, (max-width: 1024px) 100vw, 1024px\" \/><\/a><\/figure>\n\n\n\n<p class=\"wp-block-paragraph\">Armado de la estructura de la cabina de operaciones de la r\u00e9plica del Tren&nbsp;Interoce\u00e1nico. Noviembre de 2024<\/p>\n\n\n\n<p class=\"wp-block-paragraph\">Fotograf\u00eda: Edmundo Salazar Acevedo.<\/p>\n\n\n\n<p class=\"wp-block-paragraph\">S\u00ed. Estoy convencida de que tanto \u00e9l, como todos mis primos y primas quienes se&nbsp;dedican a trabajar los juegos mec\u00e1nicos, han heredado el ingenio y la visi\u00f3n del&nbsp;abuelo Natalio y la abuela Luchita: que las ni\u00f1as y ni\u00f1os tengan alegr\u00eda, logrando&nbsp;una experiencia m\u00e1gica en cada juego.<\/p>\n\n\n\n<p class=\"wp-block-paragraph\">En el taller todos est\u00e1n muy activos y corren de un lado para otro. Suena un esmeril,&nbsp;martillos, un taladro; arranca el motor, pausa, vuelta a arrancar. \u00bfHay alguna falla?&nbsp;Se arregla. Se toman medidas, se indican compras precisas de l\u00e1mina troquelada,&nbsp;llantas, tornillos, tuercas y pernos de determinadas medidas; se dan ideas de d\u00f3nde&nbsp;debe ir la luz y de qu\u00e9 color es m\u00e1s conveniente. Todos con un objetivo en mente:&nbsp;que el tren funcione, que sea del agrado de quienes se van a subir, que sea seguro,&nbsp;que sea lo m\u00e1s parecido al Ferrocarril del Istmo de Tehuantepec (FIT) y que sea de&nbsp;f\u00e1cil operaci\u00f3n y mantenimiento. Largos d\u00edas con sus tardes y a veces noches&nbsp;alcanzan a todo el equipo.<\/p>\n\n\n\n<figure class=\"wp-block-image size-large\"><a href=\"https:\/\/redsemlac.com\/semmexico\/wp-content\/uploads\/2025\/08\/Screenshot_20250815-191904.Word-1.png\"><img loading=\"lazy\" decoding=\"async\" width=\"1024\" height=\"783\" src=\"https:\/\/redsemlac.com\/semmexico\/wp-content\/uploads\/2025\/08\/Screenshot_20250815-191904.Word-1-1024x783.png\" alt=\"\" class=\"wp-image-97841\" srcset=\"https:\/\/redsemlac.com\/semmexico\/wp-content\/uploads\/2025\/08\/Screenshot_20250815-191904.Word-1-1024x783.png 1024w, https:\/\/redsemlac.com\/semmexico\/wp-content\/uploads\/2025\/08\/Screenshot_20250815-191904.Word-1-300x229.png 300w, https:\/\/redsemlac.com\/semmexico\/wp-content\/uploads\/2025\/08\/Screenshot_20250815-191904.Word-1-768x587.png 768w, https:\/\/redsemlac.com\/semmexico\/wp-content\/uploads\/2025\/08\/Screenshot_20250815-191904.Word-1-150x115.png 150w, https:\/\/redsemlac.com\/semmexico\/wp-content\/uploads\/2025\/08\/Screenshot_20250815-191904.Word-1-696x532.png 696w, https:\/\/redsemlac.com\/semmexico\/wp-content\/uploads\/2025\/08\/Screenshot_20250815-191904.Word-1.png 1027w\" sizes=\"auto, (max-width: 1024px) 100vw, 1024px\" \/><\/a><\/figure>\n\n\n\n<p class=\"wp-block-paragraph\">Vagones de la r\u00e9plica del Tren Interoce\u00e1nico con techo y asientos terminados.&nbsp;Diciembre de 2024.<\/p>\n\n\n\n<p class=\"wp-block-paragraph\">Fotograf\u00eda: Edmundo Salazar Acevedo<\/p>\n\n\n\n<p class=\"wp-block-paragraph\">Dos meses despu\u00e9s, el 5 de enero de 2025, un d\u00eda antes del d\u00eda de Reyes, hicimos&nbsp;la primera prueba.<\/p>\n\n\n\n<p class=\"wp-block-paragraph\">\u2014Vamos a probar el tren en el pueblo \u2014me dice Mundo. &nbsp;<\/p>\n\n\n\n<p class=\"wp-block-paragraph\">\u2014Claro \u2014afirmo.<\/p>\n\n\n\n<p class=\"wp-block-paragraph\">\u2014Este d\u00eda es muy tranquilo aqu\u00ed en San Bartolo Coyotepec \u2014me explica.<\/p>\n\n\n\n<p class=\"wp-block-paragraph\">Nos subimos junto con tres maestros que est\u00e1n checando que funcione bien el&nbsp;motor y el encendido de las luces. Llamamos a una amiga que tiene un ni\u00f1o&nbsp;peque\u00f1o y sobrinos en casa. Pasamos justo frente a su puerta. &nbsp;<\/p>\n\n\n\n<p class=\"wp-block-paragraph\">\u2014\u00a1Hola! \u00a1S\u00fabanse! \u2014les saludo muy contenta. &nbsp;<\/p>\n\n\n\n<p class=\"wp-block-paragraph\">\u2014Hola, Dante \u2014dirigi\u00e9ndome al ni\u00f1o peque\u00f1o\u2014 ven, si\u00e9ntate con mam\u00e1.<\/p>\n\n\n\n<p class=\"wp-block-paragraph\">El peque\u00f1o Dante, de dos a\u00f1os, mira hacia todos lados. Es un espacio muy amplio.&nbsp;Se acurruca hacia su mam\u00e1. Una ni\u00f1a de unos 5 a\u00f1os, la primita de Dante, tambi\u00e9n&nbsp;se sube con ellos. Sus ojos est\u00e1n abiertos husmeando todo, la campana, el techo y&nbsp;las lucecitas de color rosa. Otra se\u00f1ora que est\u00e1 con dos ni\u00f1as, dos ni\u00f1os y un beb\u00e9&nbsp;en su carriola nos mira con curiosidad desde la casa de enfrente. Las ni\u00f1as y ni\u00f1os&nbsp;le jalan la blusa buscando su aprobaci\u00f3n para subirse.<\/p>\n\n\n\n<p class=\"wp-block-paragraph\">\u2014Pueden venir tambi\u00e9n \u2014expresamos juntos mi hermano que va conduciendo y&nbsp;yo. &nbsp;<\/p>\n\n\n\n<p class=\"wp-block-paragraph\">Nos re\u00edmos. La se\u00f1ora toma al beb\u00e9 de la carriola y se van subiendo uno a uno.<\/p>\n\n\n\n<figure class=\"wp-block-image size-large\"><a href=\"https:\/\/redsemlac.com\/semmexico\/wp-content\/uploads\/2025\/08\/Screenshot_20250815-191914.Word-1.png\"><img decoding=\"async\" src=\"https:\/\/redsemlac.com\/semmexico\/wp-content\/uploads\/2025\/08\/Screenshot_20250815-191914.Word-1-1024x685.png\" alt=\"\" class=\"wp-image-97842\"\/><\/a><\/figure>\n\n\n\n<p class=\"wp-block-paragraph\">R\u00e9plica del Tren Interoce\u00e1nico estrenado el 30 de abril de 2025 en el Parque&nbsp;Primavera, ciudad de Oaxaca.<\/p>\n\n\n\n<p class=\"wp-block-paragraph\">Fotograf\u00eda: Cortes\u00eda Comunicaci\u00f3n Social del Gobierno del Estado de Oaxaca.<\/p>\n\n\n\n<p class=\"wp-block-paragraph\">\u2014Hola, hola. Por favor ocupen una sola banca todos. Vayan de frente, para que no&nbsp;se vayan a marear. Usted, se\u00f1ora, por favor en medio de todos \u2014solicito&nbsp;amablemente.<\/p>\n\n\n\n<p class=\"wp-block-paragraph\">\u2014Lupis, por favor, ve con la se\u00f1ora, pues lleva 5 ni\u00f1os a cargo \u2014indico a mi hija&nbsp;que es una mujer adulta\u2014, por si se requiere apoyo. &nbsp;<\/p>\n\n\n\n<p class=\"wp-block-paragraph\">El trenecito arranca. Las ni\u00f1as y ni\u00f1os abren los ojos y van sonriendo, en silencio&nbsp;las primeras cuadras. Despu\u00e9s de un rato se relajan y van diciendo adi\u00f3s a cuanta&nbsp;persona encuentran. En un momento Dante llora. Su mam\u00e1 lo abraza y nos dice&nbsp;que es raro que se comporte as\u00ed, que seguramente es porque ha estado enfermo.&nbsp;Lo consuela y deja de llorar. Pero Mundo ya detuvo el tren y voltea a ver qu\u00e9 pasa.&nbsp;La primita de Dante exclama con mucha firmeza: &nbsp;<\/p>\n\n\n\n<p class=\"wp-block-paragraph\">\u2014\u00a1\u00a1S\u00edgale, se\u00f1or!!<\/p>\n\n\n\n<p class=\"wp-block-paragraph\"><strong>IV. EL LEGADO DE MI ABUELA, MI ABUELO, T\u00cdOS, T\u00cdAS Y PAP\u00c1<\/strong><\/p>\n\n\n\n<p class=\"wp-block-paragraph\">Muy muy queridos Abuelito Natalio, Abuelita Lucha, t\u00edo Joel, t\u00edo Carlos, t\u00edo Talo, t\u00edo&nbsp;Beto, t\u00edo To\u00f1o, pap\u00e1 Mundo, t\u00edo Neco, t\u00eda Angelita, t\u00eda Cheli, t\u00eda Soco, t\u00eda Vicko, t\u00eda&nbsp;July y t\u00eda Luchita:<\/p>\n\n\n\n<p class=\"wp-block-paragraph\">Hace unos 20 a\u00f1os (ya tengo edad, jiji) estaba en un curso de Juego Teatral en el&nbsp;que la persona capacitadora nos puso a jugar much\u00edsimo y solamente en algunos&nbsp;momentos expon\u00eda la parte te\u00f3rica y metodol\u00f3gica que est\u00e1bamos aprendiendo: la&nbsp;formaci\u00f3n psicomotriz de Bernard Aucouturier.<\/p>\n\n\n\n<p class=\"wp-block-paragraph\">Al paso de los d\u00edas de entrenamiento, que por cierto dur\u00f3 2 semanas y nos llevaba&nbsp;todo el d\u00eda, fui comprendiendo, por vivencia propia y por las explicaciones que nos&nbsp;dieron, que una de las funciones y efectos del juego, es provocar seguridad en las&nbsp;ni\u00f1as y ni\u00f1os y que, adem\u00e1s, existen \u201cjuegos de aseguramiento\u201d: las escondidas, el&nbsp;columpio, las \u201catrapadas\u201d y el lobo son ejemplos de ello. Todos manejan un&nbsp;momento de incertidumbre o \u201cmiedo de baja intensidad\u201d: \u201cMe voy a esconder \u00bfY si&nbsp;no me encuentran?\u201d; \u201cMe van a atrapar y tengo que escapar\u201d; \u201cSe ve divertido, \u00bfy&nbsp;si me caigo?\u201d. Este miedo se ve envuelto en la expectativa del final del juego, y al&nbsp;mismo tiempo se resuelve ah\u00ed: me encuentran -no qued\u00e9 olvidado-, me atrapan -pero sigo vivo-, puedo moverme a mi ritmo sin caerme. Y justo es aqu\u00ed donde se&nbsp;provoca la seguridad, el miedo queda resuelto y olvidado por completo. No hay falla.&nbsp;Por eso los ni\u00f1os y ni\u00f1as buscar jugar una y otra vez, una y otra vez, para resolver&nbsp;las tensiones que viven cotidianamente. Aucouturier dice que este mecanismo est\u00e1&nbsp;enraizado en lo m\u00e1s hondo de la psique de todos los seres humanos y en todas las&nbsp;culturas. \u00bfC\u00f3mo la ven?<\/p>\n\n\n\n<figure class=\"wp-block-image size-large\"><a href=\"https:\/\/redsemlac.com\/semmexico\/wp-content\/uploads\/2025\/08\/Screenshot_20250815-191921.Word-1.png\"><img loading=\"lazy\" decoding=\"async\" width=\"1024\" height=\"726\" src=\"https:\/\/redsemlac.com\/semmexico\/wp-content\/uploads\/2025\/08\/Screenshot_20250815-191921.Word-1-1024x726.png\" alt=\"\" class=\"wp-image-97843\" srcset=\"https:\/\/redsemlac.com\/semmexico\/wp-content\/uploads\/2025\/08\/Screenshot_20250815-191921.Word-1-1024x726.png 1024w, https:\/\/redsemlac.com\/semmexico\/wp-content\/uploads\/2025\/08\/Screenshot_20250815-191921.Word-1-300x213.png 300w, https:\/\/redsemlac.com\/semmexico\/wp-content\/uploads\/2025\/08\/Screenshot_20250815-191921.Word-1-768x544.png 768w, https:\/\/redsemlac.com\/semmexico\/wp-content\/uploads\/2025\/08\/Screenshot_20250815-191921.Word-1-150x106.png 150w, https:\/\/redsemlac.com\/semmexico\/wp-content\/uploads\/2025\/08\/Screenshot_20250815-191921.Word-1-696x493.png 696w, https:\/\/redsemlac.com\/semmexico\/wp-content\/uploads\/2025\/08\/Screenshot_20250815-191921.Word-1.png 1033w\" sizes=\"auto, (max-width: 1024px) 100vw, 1024px\" \/><\/a><\/figure>\n\n\n\n<p class=\"wp-block-paragraph\">Mi querido t\u00edo To\u00f1o en su taller abrazando con gran cari\u00f1o a \u201cCebra\u201d, uno de los&nbsp;caballitos. Junio de 2017.<\/p>\n\n\n\n<p class=\"wp-block-paragraph\">Fotograf\u00eda: Regina Mej\u00eda.<\/p>\n\n\n\n<p class=\"wp-block-paragraph\">Ya se imaginar\u00e1n, abuelito, abuelita, t\u00edos, t\u00edas, en qu\u00e9 juegos pens\u00e9 cuando fui&nbsp;entendiendo este asunto. Claro, en los juegos mec\u00e1nicos donde crec\u00ed, los que&nbsp;ustedes crearon, cuidaron y trabajaron con sus mentes, manos y corazones.&nbsp;Comprend\u00ed que el movimiento constante, r\u00edtmico, suave y acorde a la edad, da &nbsp; &nbsp; &nbsp; &nbsp; &nbsp; &nbsp;S \u2013 E \u2013 G \u2013 U \u2013 R \u2013 I \u2013 D \u2013 A &#8211; D que es hermana de sangre de la &nbsp; &nbsp; &nbsp; &nbsp; &nbsp; &nbsp; &nbsp; &nbsp; &nbsp; &nbsp; &nbsp; &nbsp; &nbsp; &nbsp; &nbsp; &nbsp; &nbsp; &nbsp; &nbsp; &nbsp;&nbsp;A \u2013 L \u2013 E \u2013 G \u2013 R \u2013 \u00cd \u2013 A. &nbsp;<\/p>\n\n\n\n<p class=\"wp-block-paragraph\">La \u00fanica diferencia con los juegos para adolescentes, j\u00f3venes y adultos es que la&nbsp;intensidad puede subir, pero al final, tambi\u00e9n provoca alegr\u00eda y seguridad.<\/p>\n\n\n\n<p class=\"wp-block-paragraph\">\u00bfPuede entonces la alegr\u00eda trascender generaciones? Estoy absolutamente segura&nbsp;de que s\u00ed. Pero, \u00bfc\u00f3mo lo hace en los juegos mec\u00e1nicos? No basta con tenerlo en&nbsp;movimiento y trabajando. Adem\u00e1s de ello, se necesita, al igual que ustedes lo&nbsp;hicieron conmigo, con mi hermana, mi hermano, mis primos y primas, asegurarse&nbsp;de varios aspectos. En primer lugar, que TODAS las personas puedan disfrutar del&nbsp;juego y con ello me refiero a la inclusi\u00f3n como primer\u00edsimo punto. Que no existan&nbsp;impedimentos para que alguien pueda disfrutar. Es por ello que, en la r\u00e9plica del&nbsp;Tren Interoce\u00e1nico, mi hermano construy\u00f3 una rampa de acceso para personas con&nbsp;discapacidad y el vag\u00f3n trasero tiene un amplio espacio especialmente dise\u00f1ado&nbsp;para sillas de ruedas. Como segundo punto, tambi\u00e9n es indispensable conectar con&nbsp;las personas, igual que ustedes abuelito, abuelita, t\u00edas y t\u00edos, lo hac\u00edan: recibirles&nbsp;mir\u00e1ndolos a los ojos con una cort\u00e9s sonrisa, dar indicaciones con firmeza y&nbsp;cordialidad y siempre, siempre, siempre, siempre, tratar a todos y a todas,&nbsp;especialmente a las ni\u00f1as y a los ni\u00f1os, como personas, con amabilidad y respeto.&nbsp;No menos importante un tercer punto, subir y bajar con seguridad y facilidad,&nbsp;mientras el juego est\u00e1 detenido por completo. As\u00ed evitamos accidentes innecesarios.<\/p>\n\n\n\n<p class=\"wp-block-paragraph\">Abuelito, abuelita, t\u00edos y t\u00edas: pueden estar ustedes muy tranquilos y felices de que&nbsp;este nuevo juego, la r\u00e9plica del Tren Interoce\u00e1nico, tendr\u00e1 el sello que ustedes le&nbsp;dieron a cada uno de sus juegos: el sello de la generaci\u00f3n de alegr\u00eda. Las nuevas y&nbsp;las no tan nuevas generaciones experimentar\u00e1n este juego de aseguramiento y de&nbsp;alegr\u00eda como lo hicimos tantas y tantas personas en d\u00e9cadas de amoroso y arduo&nbsp;trabajo por parte de ustedes. Ser\u00e1n muchas y muchos quienes podr\u00e1n subirse&nbsp;gratuitamente y como nos contaron la se\u00f1ora de San Pablo Huixtepec y la de Santo&nbsp;Domingo Barrio Bajo, Etla, jam\u00e1s lo van a olvidar. As\u00ed como yo tampoco olvido.<\/p>\n\n\n\n<p class=\"wp-block-paragraph\">Infinitas gracias por su legado.<\/p>\n\n\n\n<p class=\"wp-block-paragraph\">Los quiere y admira mucho.<\/p>\n\n\n\n<p class=\"wp-block-paragraph\">Mar\u00eda Cristina Salazar Acevedo.<\/p>\n\n\n\n<figure class=\"wp-block-image size-large\"><a href=\"https:\/\/redsemlac.com\/semmexico\/wp-content\/uploads\/2025\/08\/Screenshot_20250815-191928.Word-1.png\"><img loading=\"lazy\" decoding=\"async\" width=\"770\" height=\"1024\" src=\"https:\/\/redsemlac.com\/semmexico\/wp-content\/uploads\/2025\/08\/Screenshot_20250815-191928.Word-1-770x1024.png\" alt=\"\" class=\"wp-image-97844\" srcset=\"https:\/\/redsemlac.com\/semmexico\/wp-content\/uploads\/2025\/08\/Screenshot_20250815-191928.Word-1-770x1024.png 770w, https:\/\/redsemlac.com\/semmexico\/wp-content\/uploads\/2025\/08\/Screenshot_20250815-191928.Word-1-226x300.png 226w, https:\/\/redsemlac.com\/semmexico\/wp-content\/uploads\/2025\/08\/Screenshot_20250815-191928.Word-1-768x1021.png 768w, https:\/\/redsemlac.com\/semmexico\/wp-content\/uploads\/2025\/08\/Screenshot_20250815-191928.Word-1-150x199.png 150w, https:\/\/redsemlac.com\/semmexico\/wp-content\/uploads\/2025\/08\/Screenshot_20250815-191928.Word-1-300x399.png 300w, https:\/\/redsemlac.com\/semmexico\/wp-content\/uploads\/2025\/08\/Screenshot_20250815-191928.Word-1-696x925.png 696w, https:\/\/redsemlac.com\/semmexico\/wp-content\/uploads\/2025\/08\/Screenshot_20250815-191928.Word-1.png 1048w\" sizes=\"auto, (max-width: 770px) 100vw, 770px\" \/><\/a><\/figure>\n\n\n\n<p class=\"wp-block-paragraph\">Mi amado padre me mostr\u00f3 muy feliz un avioncito de madera que fabric\u00f3 para que&nbsp;las ni\u00f1as y ni\u00f1os de una familia lo manejaran. Mayo de 2015.<\/p>\n\n\n\n<p class=\"wp-block-paragraph\">Fotograf\u00eda: Mar\u00eda Cristina Salazar Acevedo.<\/p>\n\n\n\n<hr class=\"wp-block-separator has-alpha-channel-opacity\"\/>\n","protected":false},"excerpt":{"rendered":"<p>Mi hermano y yo El legado de mi abuela Cristina Salazar\/ III y IV partes SemM\u00e9xico, Oaxaca, 14 de agosto, 2025.-&nbsp;Es noviembre de 2024 y recibo una&nbsp;llamada telef\u00f3nica de mi hermano. \u2014\u00bfPuedes apoyarme? Me acaban de encargar una r\u00e9plica del Tren Interoce\u00e1nico&nbsp;\u2014me solicit\u00f3 mi hermano por tel\u00e9fono\u2014. Necesitamos ideas para que todas las&nbsp;personas que se [&hellip;]<\/p>\n","protected":false},"author":3,"featured_media":97842,"comment_status":"open","ping_status":"open","sticky":false,"template":"","format":"standard","meta":{"_monsterinsights_skip_tracking":false,"footnotes":""},"categories":[748],"tags":[],"class_list":["post-97837","post","type-post","status-publish","format-standard","has-post-thumbnail","category-cultura-feminista"],"_links":{"self":[{"href":"https:\/\/redsemlac.com\/semmexico\/wp-json\/wp\/v2\/posts\/97837","targetHints":{"allow":["GET"]}}],"collection":[{"href":"https:\/\/redsemlac.com\/semmexico\/wp-json\/wp\/v2\/posts"}],"about":[{"href":"https:\/\/redsemlac.com\/semmexico\/wp-json\/wp\/v2\/types\/post"}],"author":[{"embeddable":true,"href":"https:\/\/redsemlac.com\/semmexico\/wp-json\/wp\/v2\/users\/3"}],"replies":[{"embeddable":true,"href":"https:\/\/redsemlac.com\/semmexico\/wp-json\/wp\/v2\/comments?post=97837"}],"version-history":[{"count":0,"href":"https:\/\/redsemlac.com\/semmexico\/wp-json\/wp\/v2\/posts\/97837\/revisions"}],"wp:featuredmedia":[{"embeddable":true,"href":"https:\/\/redsemlac.com\/semmexico\/wp-json\/wp\/v2\/media\/97842"}],"wp:attachment":[{"href":"https:\/\/redsemlac.com\/semmexico\/wp-json\/wp\/v2\/media?parent=97837"}],"wp:term":[{"taxonomy":"category","embeddable":true,"href":"https:\/\/redsemlac.com\/semmexico\/wp-json\/wp\/v2\/categories?post=97837"},{"taxonomy":"post_tag","embeddable":true,"href":"https:\/\/redsemlac.com\/semmexico\/wp-json\/wp\/v2\/tags?post=97837"}],"curies":[{"name":"wp","href":"https:\/\/api.w.org\/{rel}","templated":true}]}}