{"id":9783,"date":"2019-07-16T01:32:41","date_gmt":"2019-07-16T01:32:41","guid":{"rendered":"https:\/\/redsemlac.com\/semmexico\/?p=9783"},"modified":"2023-07-21T14:50:42","modified_gmt":"2023-07-21T19:50:42","slug":"chihuahuenses-obligaron-al-mundo-a-poner-los-ojos-en-los-feminicidios","status":"publish","type":"post","link":"https:\/\/redsemlac.com\/semmexico\/chihuahuenses-obligaron-al-mundo-a-poner-los-ojos-en-los-feminicidios\/","title":{"rendered":"Chihuahuenses obligaron al mundo a poner los ojos en los feminicidios"},"content":{"rendered":"\n<p class=\"wp-block-paragraph\"><strong>*\nRealizan en Chihuahua consulta para elaborar el Proigualdad<\/strong><\/p>\n\n\n\n<p class=\"wp-block-paragraph\"><strong>* Se\nintegrar\u00e1 con la participaci\u00f3n de las mujeres la agenda nacional de g\u00e9nero<\/strong><\/p>\n\n\n\n<p class=\"wp-block-paragraph\"><strong>Redacci\u00f3n<\/strong><\/p>\n\n\n\n<p class=\"wp-block-paragraph\">SemM\u00e9xico, Chihuahua, 15 julio 2019.- La presidenta del Instituto\nNacional de las Mujeres, Nadine Gasman Zylbermann, reconoci\u00f3 que aqu\u00ed han\nsurgido \u201cmuchas de las causas por las que luchamos hoy en d\u00eda; las\nchihuahuenses obligaron al mundo a poner los ojos en los feminicidios, y con su\ntrabajo se han gestado sentencias hist\u00f3ricas\u201d.<\/p>\n\n\n\n<p class=\"wp-block-paragraph\">Durante la inauguraci\u00f3n del Foro de Consulta Proigualdad \u201cMujeres trabajando juntas por la transformaci\u00f3n de M\u00e9xico\u201d, organizado por el Instituto Nacional de las Mujeres (INMUJERES) en colaboraci\u00f3n con el Instituto Chihuahuense de las Mujeres (Ichmujeres), cuyo prop\u00f3sito fue escuchar las visiones, intereses y necesidades de las mujeres y las ni\u00f1as chihuahuenses, y que se utilizar\u00e1n como base para la elaboraci\u00f3n del Programa Nacional para la Igualdad entre Mujeres y Hombres 2019-2024. <\/p>\n\n\n\n<p class=\"wp-block-paragraph\">Gasman Zylbermann sostuvo que la transformaci\u00f3n profunda y radical\ndel pa\u00eds, solo ser\u00e1 posible si las voces, los intereses y las necesidades de\nlas ni\u00f1as y las mujeres de M\u00e9xico son consideradas en todos los niveles de toma\nde decisiones. \u201cCon ustedes comenzamos los trabajos en el norte del pa\u00eds, con\nla convicci\u00f3n de que todas tenemos algo que aportar; sus vivencias y\nnecesidades son una pieza clave para construir un programa cercano y eficaz que\nnos lleve a transformar la realidad\u201d, dijo.<\/p>\n\n\n\n<p class=\"wp-block-paragraph\">La funcionaria federal destac\u00f3 el compromiso de las autoridades de\nChihuahua para fortalecer los mecanismos para transversalizar la perspectiva de\ng\u00e9nero en la entidad y en los municipios. \u201cEn el Instituto Chihuahuense de las\nMujeres y las instancias municipales adem\u00e1s de ver aliadas, vemos un ejemplo en\nla administraci\u00f3n p\u00fablica local\u201d, afirm\u00f3.<\/p>\n\n\n\n<p class=\"wp-block-paragraph\">Asimismo, recalc\u00f3 que en este estado se cre\u00f3 la primera ley para\ngarantizar a las mujeres una vida libre de violencia, incluso antes de la Ley\nGeneral, por lo cual aplaudi\u00f3 la labor en materia de armonizaci\u00f3n legislativa,\npero indic\u00f3 que es necesario poner esfuerzos en otros temas como la trata de\npersonas y cualquier otro precepto discriminatorio que viole los derechos\nhumanos de las mujeres y ni\u00f1as en el estado.<\/p>\n\n\n\n<p class=\"wp-block-paragraph\">Por su parte, la directora del Ichmujeres, Emma Salda\u00f1a Lobera,\nexpres\u00f3 que las mujeres de Chihuahua contribuir\u00e1n a la construcci\u00f3n del\ndocumento macro que gu\u00ede los esfuerzos en pro de la igualdad entre mujeres y\nhombres, en esta parte del camino que tenemos por delante. <\/p>\n\n\n\n<p class=\"wp-block-paragraph\">Salda\u00f1a Lobera manifest\u00f3 que la meta es recabar propuestas\nciudadanas que permitan integrar una agenda nacional de g\u00e9nero, desde la mirada\nde las propias mujeres, principalmente de aquellas que enfrentan diversas\ndesventajas, y m\u00faltiples formas de exclusi\u00f3n y discriminaci\u00f3n.<\/p>\n\n\n\n<p class=\"wp-block-paragraph\">Recalc\u00f3 que es necesario el compromiso del estado para eliminar\nlas barreras de discriminaci\u00f3n e implementar condiciones para que las mujeres\nno s\u00f3lo adquieran el capital humano para poder acceder a todos los beneficios\ndel desarrollo en el mismo nivel que los hombres, sino que tambi\u00e9n favorezcan\nsu empoderamiento para la toma de decisiones, incluyendo sus derechos sexuales\ny reproductivos; su representaci\u00f3n en las instancias de poder, as\u00ed como en la\nvida p\u00fablica y privada.<\/p>\n\n\n\n<p class=\"wp-block-paragraph\">En su participaci\u00f3n, el secretario de Desarrollo Social, V\u00edctor\nQuintana Silveyra, mencion\u00f3 que, en gran medida, la violencia hacia las mujeres\nen Chihuahua se ha generado por que los mecanismos tradicionales de control de\nlos hombres se vieron amenazados con la participaci\u00f3n de las mujeres en la vida\necon\u00f3mica. <\/p>\n\n\n\n<p class=\"wp-block-paragraph\">Por ello apunt\u00f3 que las leyes y las instituciones son parte de una\nde las l\u00edneas de trabajo que debe fortalecerse de manera permanente, y siempre\ncon el acompa\u00f1amiento de las mujeres que forman parte de las organizaciones de\nla sociedad civil.<\/p>\n\n\n\n<p class=\"wp-block-paragraph\">La declaratoria inaugural del evento corri\u00f3 a cargo del secretario\ngeneral de Gobierno, Luis Fernando Mesta Soul\u00e9, quien subray\u00f3 que el hist\u00f3rico\ncombate de las mujeres a la discriminaci\u00f3n, la desigualdad y la exclusi\u00f3n se\nasume como una de las pol\u00edticas p\u00fablicas contenidas en esta administraci\u00f3n.<\/p>\n\n\n\n<p class=\"wp-block-paragraph\">\u201cDefender su derecho humano a una vida libre de violencia y digna,\nes nuestro compromiso primordial, por ello las mujeres son el primer grupo social\nprioritario para el trabajo interinstitucional\u201d, dijo.<\/p>\n\n\n\n<p class=\"wp-block-paragraph\">El foro cont\u00f3 con la asistencia de 150 mujeres pertenecientes a\norganizaciones de la sociedad civil, funcionarias p\u00fablicas, defensoras de\nderechos humanos y acad\u00e9micas, mujeres ind\u00edgenas, campesinas y jornaleras,\ntrabajadoras del hogar y obreras, jefas de hogar, v\u00edctimas de violencia de\ng\u00e9nero, microempresarias, madres j\u00f3venes, adultas mayores y trabajadoras\nsexuales.<\/p>\n\n\n\n<p class=\"wp-block-paragraph\">Las mesas de trabajo se dividieron en diversos temas: mujeres\nviviendo en comunidades seguras y en paz; mujeres tomando decisiones; mujeres\nlibres de violencia; mujeres con salud y bienestar; compartir las labores de\ncuidados y mujeres con independencia econ\u00f3mica.<\/p>\n\n\n\n<p class=\"wp-block-paragraph\">Los trabajos se extendieron hasta las 5:00 de la tarde en el\nCentro de Convenciones y Exposiciones. Cabe mencionar que Chihuahua es el\ntercer estado en donde se implementa este foro de consulta ciudadana.<\/p>\n\n\n\n<p class=\"wp-block-paragraph\">SEM\/sj<\/p>\n","protected":false},"excerpt":{"rendered":"<p>Realizan en Chihuahua consulta para elaborar el Proigualdad<\/p>\n","protected":false},"author":3,"featured_media":9784,"comment_status":"open","ping_status":"open","sticky":false,"template":"","format":"standard","meta":{"_monsterinsights_skip_tracking":false,"footnotes":""},"categories":[690,51],"tags":[],"class_list":["post-9783","post","type-post","status-publish","format-standard","has-post-thumbnail","category-690","category-ejecutivo"],"_links":{"self":[{"href":"https:\/\/redsemlac.com\/semmexico\/wp-json\/wp\/v2\/posts\/9783","targetHints":{"allow":["GET"]}}],"collection":[{"href":"https:\/\/redsemlac.com\/semmexico\/wp-json\/wp\/v2\/posts"}],"about":[{"href":"https:\/\/redsemlac.com\/semmexico\/wp-json\/wp\/v2\/types\/post"}],"author":[{"embeddable":true,"href":"https:\/\/redsemlac.com\/semmexico\/wp-json\/wp\/v2\/users\/3"}],"replies":[{"embeddable":true,"href":"https:\/\/redsemlac.com\/semmexico\/wp-json\/wp\/v2\/comments?post=9783"}],"version-history":[{"count":0,"href":"https:\/\/redsemlac.com\/semmexico\/wp-json\/wp\/v2\/posts\/9783\/revisions"}],"wp:featuredmedia":[{"embeddable":true,"href":"https:\/\/redsemlac.com\/semmexico\/wp-json\/wp\/v2\/media\/9784"}],"wp:attachment":[{"href":"https:\/\/redsemlac.com\/semmexico\/wp-json\/wp\/v2\/media?parent=9783"}],"wp:term":[{"taxonomy":"category","embeddable":true,"href":"https:\/\/redsemlac.com\/semmexico\/wp-json\/wp\/v2\/categories?post=9783"},{"taxonomy":"post_tag","embeddable":true,"href":"https:\/\/redsemlac.com\/semmexico\/wp-json\/wp\/v2\/tags?post=9783"}],"curies":[{"name":"wp","href":"https:\/\/api.w.org\/{rel}","templated":true}]}}