{"id":9781,"date":"2019-07-16T01:17:23","date_gmt":"2019-07-16T01:17:23","guid":{"rendered":"https:\/\/redsemlac.com\/semmexico\/?p=9781"},"modified":"2023-07-21T14:50:42","modified_gmt":"2023-07-21T19:50:42","slug":"palabra-de-antigona-5","status":"publish","type":"post","link":"https:\/\/redsemlac.com\/semmexico\/palabra-de-antigona-5\/","title":{"rendered":"Palabra de Ant\u00edgona"},"content":{"rendered":"\n<h2 class=\"wp-block-heading\"> El reto enorme de las feministas de la 4T: hagan un congreso <\/h2>\n\n\n\n<p class=\"wp-block-paragraph\"><strong>* \u00bfCambios? Pide a feministas INMUJERES y debi\u00e9ramos trabajar \u00bfcon otra filosof\u00eda? <\/strong><\/p>\n\n\n\n<p class=\"wp-block-paragraph\"><strong>* Luchar a contracorriente requiere convicci\u00f3n y contundencia entre funcionarias<\/strong><\/p>\n\n\n\n<p class=\"wp-block-paragraph\">Sara Lovera<\/p>\n\n\n\n<p class=\"wp-block-paragraph\">SemM\u00e9xico, 16 julio 2019.- En estos d\u00edas le\u00ed en el Facebook un peque\u00f1o texto de Muriel Salinas D\u00edaz, hoy subsecretaria de la Mujer en Jalisco. Ella dice: \u201cHoy tenemos el reto de ver qu\u00e9 tenemos que cambiar en la forma en la que trabajamos desde el Estado. Porque tenemos un Estado fragmentado al que le cuesta mucho trabajo integrar la multidimensionalidad. Necesitamos cambiar muchas cosas para asegurar una mejor planeaci\u00f3n y coordinaci\u00f3n, para que sea m\u00e1s coherente y para poder realmente transversalizar la pol\u00edtica de igualdad de g\u00e9nero de forma mucho m\u00e1s contundente\u201d.<\/p>\n\n\n\n<p class=\"wp-block-paragraph\">Estas palabras me revolotearon un par de d\u00edas en mi cabeza. En qu\u00e9 ha estado pensando quien, como muchas, es en su \u00e9tica y pr\u00e1ctica feminista resultado de una combinaci\u00f3n de factores que a lo largo de m\u00e1s de 30 a\u00f1os han sucedido en la comunidad feminista mundial.<\/p>\n\n\n\n<p class=\"wp-block-paragraph\">La militancia, la formaci\u00f3n ideol\u00f3gica, la academia y el andar oyendo y mirando a las mujeres en M\u00e9xico. Un ramillete enorme de talentos y capacidades de mujeres que buscando la reivindicaci\u00f3n de los derechos y la libertad de las mexicanas han experimentado un enorme proceso de conocimiento.<\/p>\n\n\n\n<p class=\"wp-block-paragraph\">Mujeres que adem\u00e1s de crear redes e instituciones han\/hemos conseguido darnos cuenta del infranqueable l\u00edmite que nos impone el patriarcado. Hemos imaginado juntas qu\u00e9 pol\u00edticas pueden ponerse en juego para lograr avances. Hemos conseguido avances tanto en el terreno de la libertad, como el aborto en la Ciudad de M\u00e9xico; el reconocimiento de humanas y con derechos; la discusi\u00f3n p\u00fablica de la violencia contra las mujeres; la enorme capacidad de aprendizaje que miles de mujeres han adquirido con nuestro peregrinar por valles y monta\u00f1as. Le hemos puesto rostro al feminicidio, al salario desigual, a la opresi\u00f3n milenaria.<\/p>\n\n\n\n<p class=\"wp-block-paragraph\">Nosotras hemos alcanzado a vislumbrar buenas pol\u00edticas p\u00fablicas. Hemos identificado los nudos y obst\u00e1culos. Nos hemos enfrentado a los l\u00edmites de las acciones gubernamentales y por ello hemos invadido espacios. No hemos callado, hemos escrito, hemos propuesto, hemos marchado para conseguir tambi\u00e9n algunos compromisos.<\/p>\n\n\n\n<p class=\"wp-block-paragraph\">Pero \u00bfy ahora? Pienso en ellas, las observo, veo como no cesa el griter\u00edo y las demandas; los diagn\u00f3sticos y los observatorios. Repitiendo el silabario hist\u00f3rico.<\/p>\n\n\n\n<p class=\"wp-block-paragraph\">Desde la instalaci\u00f3n del nuevo r\u00e9gimen, todo ha sido a contracorriente. \u00bfC\u00f3mo es que quienes detentan el poder, tienen tal c\u00famulo de resistencias? \u00bfC\u00f3mo hemos ido tan lento en la transformaci\u00f3n de las mentalidades? \u00bfC\u00f3mo tenemos dificultades para lograr nuevos avances? \u00bfC\u00f3mo es que en los centros del saber se nos humilla?<\/p>\n\n\n\n<p class=\"wp-block-paragraph\">Las vi luchando en la nueva legislatura para hacer respetar acuerdos internacionales; peleando por mantener lo ganado en presupuestos y leyes que modificamos juntas, movimiento, legisladoras y acad\u00e9micas. Las he visto furiosas y desesperadas, cuando se arranc\u00f3 el 50 por ciento del presupuesto a las estancias infantiles; la mara\u00f1a de argumentos oficiales para mantener los refugios para mujeres violentadas; los recursos para los c\u00e1nceres femeninos, la desaparici\u00f3n de programas y denunciando c\u00f3mo ha crecido el n\u00famero de madres del feminicidio. Mesas de denuncia no han faltado, ahora se llama Parlamento Abierto.<\/p>\n\n\n\n<p class=\"wp-block-paragraph\">Muchas de nuestras colegas, comadres, feministas est\u00e1n ahora en el proceso del nuevo r\u00e9gimen, de la Secretaria de Gobernaci\u00f3n, Olga S\u00e1nchez Cordero a las compa\u00f1eras solitarias explicando que, en la monta\u00f1a de Guerrero, se cre\u00f3 una Ciudad de las Mujeres, que no tuvo estatuto legal y ahora su trabajo, empe\u00f1o y convicci\u00f3n est\u00e1 a la buena de Dios. El pretexto hoy es la \u201ccorrupci\u00f3n\u201d.<\/p>\n\n\n\n<p class=\"wp-block-paragraph\">Positivas y actuantes como algunas diputadas y senadoras armando la agenda de la 4t. Por conseguir reglamentar la violencia pol\u00edtica contra las mujeres; el cumplimiento de cambios jur\u00eddicos como los de la administraci\u00f3n para la sobrevivencia de los enlaces de g\u00e9nero en la administraci\u00f3n p\u00fablica; c\u00f3mo hacer para que haya recursos locales y federales que hagan una realidad instituciones en municipios, comunidades y entidades de la Rep\u00fablica.<\/p>\n\n\n\n<p class=\"wp-block-paragraph\">Veo a las responsables en CONAVIM, como Candelaria Ochoa \u00c1valos tratando de entender qu\u00e9 sucedi\u00f3 y c\u00f3mo funcionan las medidas para prevenir, atender, sancionar y erradicar la violencia contra las mujeres. C\u00f3mo se perdi\u00f3 en el camino tanto hecho: Alertas de Violencia de G\u00e9nero sin los resultados esperados.<\/p>\n\n\n\n<p class=\"wp-block-paragraph\">Veo luchando a muchas feministas de la Academia se\u00f1alando huecos, pendientes, falta de evaluaciones, indicadores, estad\u00edsticas manipuladas. Desesperadas por los recortes presupuestales, por una parte y las medidas pol\u00edticas por la otra que vieron sucumbir un programa, el Proequidad desde el Instituto Nacional de las Mujeres cuya naturaleza era apuntalar a las organizaciones de mujeres, las m\u00e1s chicas, esas que trabajaban como hormiguitas, aqu\u00ed y all\u00e1.<\/p>\n\n\n\n<p class=\"wp-block-paragraph\">Estas feministas formadas en la calle, en el grupo, en la red, pero tambi\u00e9n 18 a\u00f1os, desde la institucionalizaci\u00f3n de la pol\u00edtica feminista, tratando de armar un programa nacional. De mantener al Instituto, din\u00e1mico y capaz, para no dejarlo sucumbir en una oficina que nos justifique ante los organismos internacionales. Asomadas y expectantes, reclamando el cumplimiento de los compromisos firmados, dentro y fuera de M\u00e9xico.<\/p>\n\n\n\n<p class=\"wp-block-paragraph\">No ha cesado la tarea con la esperanza en los labios: foros, conferencias, propuestas, libros, como el de la historia de las que han militado en el troskismo, para que no se nos olvide, y c\u00f3mo fue posible un d\u00eda recuperar historia. Hoy sabemos mil veces m\u00e1s que hace 30 a\u00f1os de nuestras ancestras, donde han colaborado historiadoras, soci\u00f3logas, periodistas, cineastas, literatas, para tener ese piso b\u00e1sico que nos d\u00e9 pasado, orgullo, confianza y futuro.<\/p>\n\n\n\n<p class=\"wp-block-paragraph\">Est\u00e1n ah\u00ed las funcionarias de inmensas historias curriculares, ahora en los despachos, en la ilusionada toma de decisiones. Dice Muriel Salinas D\u00edaz de cara a un Estado fragmentado al que le cuesta mucho trabajo integrar la multidimensionalidad de la discriminaci\u00f3n, opresi\u00f3n, desvalorizaci\u00f3n de la mitad de las pobladoras de M\u00e9xico, de las migrantes y las eternamente marginadas ind\u00edgenas y campesinas.<\/p>\n\n\n\n<p class=\"wp-block-paragraph\">Mujeres comprometidas, pero sujetas por una realidad que las convoca a muchas preguntas. Cuando las consejeras de INMUJERES trataban de salvar el Proequidad, ah\u00ed en INMUJERES les dijeron que probablemente todo lo hecho ha estado mal. Con Muriel Salinas D\u00edaz coincidi\u00f3 esa funcionaria, venida de la lucha popular, con nombre y apellido, Celia Aguilar, quien les dijo que hab\u00eda que cambiar las cosas. Muchas hay que cambiar, dice ahora la subsecretaria de Jalisco, \u00bfcu\u00e1les? y \u00bfc\u00f3mo me pregunto? \u00bfCon qu\u00e9 herramientas y con qu\u00e9 experiencias?<\/p>\n\n\n\n<p class=\"wp-block-paragraph\">A nosotras nos convocan a que tenemos que cambiar el rumbo. No ha sido suficiente diagnosticar el horror de la violencia machista; ni la falta de democracia igualitaria en nuestros partidos y organizaciones; no ha sido suficiente documentar y retratar a esas mujeres que todav\u00eda, por lo visto, no se han enterado de sus derechos.<\/p>\n\n\n\n<p class=\"wp-block-paragraph\">Las comunicadoras, que podr\u00edan apoyar, de pronto, dejaron su papel de documentalistas de la realidad, heraldos de una nueva mirada y un nuevo lenguaje, se han parapetado en la defensa de nuestras propias vidas. Pasamos de heraldos a sujetas tambi\u00e9n de la violencia.<\/p>\n\n\n\n<p class=\"wp-block-paragraph\">\u00bfC\u00f3mo habr\u00e1n de trabajar las nuevas funcionarias? Frente al valladar de la impunidad en el sistema de justicia; la ginop\u00eda absoluta en la planeaci\u00f3n del nuevo r\u00e9gimen; la incapacidad para reconocer a los brazos e inteligencias de millones de trabajadoras con doble jornada y por lo visto sin derechos, con salarios desiguales e injustos. Ah\u00ed est\u00e1n las funcionarias y las legisladoras mirando el despido masivo, la p\u00e9rdida de programas e instituciones.<\/p>\n\n\n\n<p class=\"wp-block-paragraph\">Estas mujeres del funcionariado, llamadas a aplicar los avances, est\u00e1n ahora en el dintel de sus responsabilidades, mirando c\u00f3mo necesitamos otros 200 a\u00f1os de lucha para alcanzar el disfrute de nuestros derechos; mirando como el autoritarismo es el aprendizaje de ni\u00f1as y ni\u00f1os, con un profesorado que no alcanza a entender la discriminaci\u00f3n ni el oprobio.<\/p>\n\n\n\n<p class=\"wp-block-paragraph\">Enfrentadas legisladoras, funcionarias, maestras conscientes, periodistas feministas, a un diagn\u00f3stico tremendo. Tenemos que cambiar el ritmo de nuestra acci\u00f3n. O sea, \u00bfcambiar la filosof\u00eda? \u00bfCallar la opresi\u00f3n? \u00bfRecoger las demandas y las denuncias con otra mirada? \u00bfCu\u00e1l que no sea la feminista?<\/p>\n\n\n\n<p class=\"wp-block-paragraph\">Estas mujeres que admiro y respeto, sujetas ahora al c\u00f3mo hacer. Qu\u00e9 deshilvanar, c\u00f3mo construir. Muriel Salinas tambi\u00e9n dice tenemos que planear y coordinar de otra manera, en forma contundente. Para que se logre la igualdad, la paridad total, digo yo ya est\u00e1 en la ley \u00bfy qu\u00e9?<\/p>\n\n\n\n<p class=\"wp-block-paragraph\">Yo creo que las feministas de la 4T deben hacer un Congreso, a fondo, mientras nosotras preparamos nuevos encuentros, nuevas rutas, tambi\u00e9n, en nuestro accionar civil. Necesitamos encontrarnos, hablar, discutir, analizar el momento en que estamos. Con toda seriedad. Con toda responsabilidad, con eso que Celia les dijo a las consejeras, con ideas geniales que nos indiquen a donde ir. Algo que nos haga salir del marasmo, de la costumbre de creer y de actuar, acabar con la repetici\u00f3n infinita.<\/p>\n\n\n\n<p class=\"wp-block-paragraph\">Usar nuevas estrategias. Encerrar a los funcionarios y a muchas otras funcionarias, que no son como nosotras y explicarles, como en su tiempo lo intent\u00f3 Isabel Largu\u00eda en el Estado Cubano, quien advirti\u00f3 que, sin cambios profundos en la familia, el pensamiento y la acci\u00f3n, desde el feminismo, cualquier estado, por nuevo, revolucionario y transformador que se nos prometa, las mujeres, su fuerza, su experiencia, su capacidad y productividad, quedar\u00e1n en el camino y s\u00f3lo habr\u00e1 m\u00e1s de lo mismo. El sufrimiento y la violencia, la marginalidad y la desvaloraci\u00f3n, no s\u00f3lo est\u00e1 en las pobres.<\/p>\n\n\n\n<p class=\"wp-block-paragraph\"><a href=\"mailto:saraloveralopez@gmail.com\" target=\"_blank\" rel=\"noreferrer noopener\">saraloveralopez@gmail.com<\/a><\/p>\n\n\n\n<p class=\"wp-block-paragraph\">@saraloveralopez&nbsp;&nbsp;&nbsp;<br><\/p>\n","protected":false},"excerpt":{"rendered":"<p>El reto enorme de las feministas de la 4T: hagan un congreso<\/p>\n","protected":false},"author":3,"featured_media":9290,"comment_status":"open","ping_status":"open","sticky":false,"template":"","format":"standard","meta":{"_monsterinsights_skip_tracking":false,"footnotes":""},"categories":[690,95,69],"tags":[],"class_list":["post-9781","post","type-post","status-publish","format-standard","has-post-thumbnail","category-690","category-palabra-de-antigona","category-sara-lovera"],"_links":{"self":[{"href":"https:\/\/redsemlac.com\/semmexico\/wp-json\/wp\/v2\/posts\/9781","targetHints":{"allow":["GET"]}}],"collection":[{"href":"https:\/\/redsemlac.com\/semmexico\/wp-json\/wp\/v2\/posts"}],"about":[{"href":"https:\/\/redsemlac.com\/semmexico\/wp-json\/wp\/v2\/types\/post"}],"author":[{"embeddable":true,"href":"https:\/\/redsemlac.com\/semmexico\/wp-json\/wp\/v2\/users\/3"}],"replies":[{"embeddable":true,"href":"https:\/\/redsemlac.com\/semmexico\/wp-json\/wp\/v2\/comments?post=9781"}],"version-history":[{"count":0,"href":"https:\/\/redsemlac.com\/semmexico\/wp-json\/wp\/v2\/posts\/9781\/revisions"}],"wp:featuredmedia":[{"embeddable":true,"href":"https:\/\/redsemlac.com\/semmexico\/wp-json\/wp\/v2\/media\/9290"}],"wp:attachment":[{"href":"https:\/\/redsemlac.com\/semmexico\/wp-json\/wp\/v2\/media?parent=9781"}],"wp:term":[{"taxonomy":"category","embeddable":true,"href":"https:\/\/redsemlac.com\/semmexico\/wp-json\/wp\/v2\/categories?post=9781"},{"taxonomy":"post_tag","embeddable":true,"href":"https:\/\/redsemlac.com\/semmexico\/wp-json\/wp\/v2\/tags?post=9781"}],"curies":[{"name":"wp","href":"https:\/\/api.w.org\/{rel}","templated":true}]}}