{"id":97805,"date":"2025-08-15T10:56:28","date_gmt":"2025-08-15T16:56:28","guid":{"rendered":"https:\/\/redsemlac.com\/semmexico\/?p=97805"},"modified":"2025-08-15T11:20:45","modified_gmt":"2025-08-15T17:20:45","slug":"relanzan-observatorio-de-igualdad-de-genero-ahora-incluira-datos-sobre-trabajo-de-cuidados","status":"publish","type":"post","link":"https:\/\/redsemlac.com\/semmexico\/relanzan-observatorio-de-igualdad-de-genero-ahora-incluira-datos-sobre-trabajo-de-cuidados\/","title":{"rendered":"Relanzan Observatorio de Igualdad de G\u00e9nero; ahora incluir\u00e1 datos sobre trabajo de cuidados"},"content":{"rendered":"\n<p class=\"wp-block-paragraph\">La plataforma tambi\u00e9n incluye filtros actualizados para repositorios de normativa y pol\u00edticas de igualdad,\u00a0\/\u00a0Foto: Laura Lovera \/ El Sol de M\u00e9xico<\/p>\n\n\n\n<p class=\"wp-block-paragraph\">De acuerdo con la CEPAL, el objetivo es mostrar la brecha de g\u00e9nero y el impacto que se tiene en la vida de las ni\u00f1as, adolescentes y mujeres que se dedican al trabajo dom\u00e9stico<\/p>\n\n\n\n<p class=\"wp-block-paragraph\"><strong>Montserrat Maldonado<\/strong><\/p>\n\n\n\n<p class=\"wp-block-paragraph\">SemM\u00e9xico, Cd.\u00a0 de\u00a0 M\u00e9xico,\u00a0 15 de agosto, 2025.- La Comisi\u00f3n\u00a0\u00a0\u00a0\u00a0 Econ\u00f3mica para Am\u00e9rica Latina\u00a0y el Caribe (CEPAL) present\u00f3 el\u00a0<strong>relanzamiento del Observatorio de Igualdad<\/strong>\u00a0de G\u00e9nero, en esta nueva edici\u00f3n s<strong>e incluir\u00e1n datos sobre el impacto de trabajo de cuidados.<\/strong><\/p>\n\n\n\n<p class=\"wp-block-paragraph\">Ana G\u00fcezmes Garc\u00eda, directora de la&nbsp;Divisi\u00f3n de Asuntos de G\u00e9nero de la Comisi\u00f3n, afirm\u00f3 que se&nbsp;necesita de datos e indicadores&nbsp;de la regi\u00f3n para tener&nbsp;pol\u00edticas p\u00fablicas que aporten al&nbsp;bienestar de las mujeres.<\/p>\n\n\n\n<p class=\"wp-block-paragraph\">El objetivo es romper el silencio estad\u00edstico&nbsp;y&nbsp;fortalecer los mecanismos&nbsp;con los&nbsp;organismos internacionales&nbsp;para medir los avances y&nbsp;retrocesos de la vida de las mujeres. Tener indicadores de las&nbsp;pol\u00edticas p\u00fablicas efectivas de igualdad<strong>.<\/strong><\/p>\n\n\n\n<p class=\"wp-block-paragraph\">Asimismo, se busca contribuir el fortalecimiento de los&nbsp;Mecanismos Nacionales para el Adelanto de las Mujeres&nbsp;(MAM), poner a disposici\u00f3n&nbsp;informaci\u00f3n oficial de los pa\u00edses&nbsp;y&nbsp;facilitar el seguimiento de los acuerdos regionales&nbsp;e internacionales sobre derechos de las mujeres.<\/p>\n\n\n\n<p class=\"wp-block-paragraph\">El sitio cuenta con&nbsp;un nuevo dise\u00f1o y herramientas avanzadas&nbsp;con indicadores de&nbsp;autonom\u00eda econ\u00f3mica,&nbsp;donde se especifica el&nbsp;tiempo total de trabajo, el tiempo de&nbsp;trabajo dom\u00e9stico no remunerado, y la&nbsp;poblaci\u00f3n de ingresos propios, entre otros.<\/p>\n\n\n\n<p class=\"wp-block-paragraph\">En la&nbsp;Autonom\u00eda f\u00edsica,&nbsp;se pueden encontrar&nbsp;datos de la mortalidad materna,&nbsp;fecundidad de las adolescentes&nbsp;y embarazos infantiles.<\/p>\n\n\n\n<p class=\"wp-block-paragraph\">Mientras que en el&nbsp;<strong>indicador de autonom\u00eda<\/strong>&nbsp;en la toma de&nbsp;<strong>decisiones destaca informaci\u00f3n de mujeres<\/strong>&nbsp;en el&nbsp;<strong>poder ejecutivo,<\/strong>&nbsp;<strong>judicial<\/strong>,&nbsp;<strong>legislativos<\/strong>, en los gobiernos locales, alcaldesas y concejales.<\/p>\n\n\n\n<p class=\"wp-block-paragraph\">La plataforma tambi\u00e9n&nbsp;<strong>incluye filtros actualizados<\/strong>&nbsp;para repositorios de normativa y pol\u00edticas de igualdad, publicaci\u00f3n de i<strong>nformes, estudios, boletines y notas de igualdad.<\/strong>&nbsp;As\u00ed como herramientas de&nbsp;<strong>mapas de cuidados y perfiles de pa\u00edses<\/strong>&nbsp;y regiones con estad\u00edsticas informativas.<\/p>\n\n\n\n<p class=\"wp-block-paragraph\">\u201cHemos estado trabajando en los \u00faltimos dos a\u00f1os,<strong>&nbsp;esta actualizaci\u00f3n fue por un mandato de esta Conferencia en 2007.<\/strong>&nbsp;Estos indicadores propician que haya&nbsp;<strong>mayor autonom\u00eda de las mujeres<\/strong>&nbsp;y que&nbsp;<strong>se garantice el ejercicio de todos sus derechos.<\/strong>&nbsp;Hoy debemos superar la desigualdad y&nbsp;<strong>avanzar a la Sociedad del cuidado,<\/strong>&nbsp;es ah\u00ed la importancia de d<strong>ocumentar las brechas de desigualdad y as\u00ed poder combatirlas\u201d<\/strong>, coment\u00f3 la directora de asuntos de G\u00e9nero.<\/p>\n\n\n\n\n\n<p class=\"wp-block-paragraph\">En la presentaci\u00f3n&nbsp;<strong>se destac\u00f3 que el Observatorio se ha convertido<\/strong>&nbsp;en una las&nbsp;<strong>plataformas m\u00e1s visitadas de la CEPAL<\/strong>&nbsp;con 10 millones de&nbsp;<strong>visitas en los \u00faltimos cinco a\u00f1os<\/strong>.<\/p>\n\n\n\n<p class=\"wp-block-paragraph\">\u201cCon este tipo de ejercicios hoy podemos saber que en la regi\u00f3n, el<strong>&nbsp;23 por ciento de las mujeres de 15 a 24 a\u00f1os<\/strong>&nbsp;que no estudian ni trabajan, que&nbsp;<strong>es m\u00e1s del doble que en el caso de los hombres<\/strong>, la principal raz\u00f3n es porque est\u00e1n cuidando\u201d, detall\u00f3 G\u00fcezmes.<\/p>\n\n\n\n<p class=\"wp-block-paragraph\">Adem\u00e1s, mencion\u00f3 que&nbsp;<strong>una de cada tres mujeres fuera del mercado laboral se dedica solo al trabajo de cuidados<\/strong>&nbsp;no remunerado mientras que una de&nbsp;<strong>cada cuatro mujeres no cuenta con ingresos propios<\/strong>&nbsp;frente a uno de cada 10 hombres.<\/p>\n\n\n\n<p class=\"wp-block-paragraph\"><strong>\u201cSi hablamos de desigualdad de g\u00e9nero, lo hacemos con datos y evidencia<\/strong>&nbsp;con la convicci\u00f3n de que esto tiene que acabar\u201d, destac\u00f3.<\/p>\n","protected":false},"excerpt":{"rendered":"<p>La plataforma tambi\u00e9n incluye filtros actualizados para repositorios de normativa y pol\u00edticas de igualdad,\u00a0\/\u00a0Foto: Laura Lovera \/ El Sol de M\u00e9xico De acuerdo con la CEPAL, el objetivo es mostrar la brecha de g\u00e9nero y el impacto que se tiene en la vida de las ni\u00f1as, adolescentes y mujeres que se dedican al trabajo dom\u00e9stico [&hellip;]<\/p>\n","protected":false},"author":3,"featured_media":97806,"comment_status":"open","ping_status":"open","sticky":false,"template":"","format":"standard","meta":{"_monsterinsights_skip_tracking":false,"footnotes":""},"categories":[897],"tags":[],"class_list":["post-97805","post","type-post","status-publish","format-standard","has-post-thumbnail","category-especial"],"_links":{"self":[{"href":"https:\/\/redsemlac.com\/semmexico\/wp-json\/wp\/v2\/posts\/97805","targetHints":{"allow":["GET"]}}],"collection":[{"href":"https:\/\/redsemlac.com\/semmexico\/wp-json\/wp\/v2\/posts"}],"about":[{"href":"https:\/\/redsemlac.com\/semmexico\/wp-json\/wp\/v2\/types\/post"}],"author":[{"embeddable":true,"href":"https:\/\/redsemlac.com\/semmexico\/wp-json\/wp\/v2\/users\/3"}],"replies":[{"embeddable":true,"href":"https:\/\/redsemlac.com\/semmexico\/wp-json\/wp\/v2\/comments?post=97805"}],"version-history":[{"count":0,"href":"https:\/\/redsemlac.com\/semmexico\/wp-json\/wp\/v2\/posts\/97805\/revisions"}],"wp:featuredmedia":[{"embeddable":true,"href":"https:\/\/redsemlac.com\/semmexico\/wp-json\/wp\/v2\/media\/97806"}],"wp:attachment":[{"href":"https:\/\/redsemlac.com\/semmexico\/wp-json\/wp\/v2\/media?parent=97805"}],"wp:term":[{"taxonomy":"category","embeddable":true,"href":"https:\/\/redsemlac.com\/semmexico\/wp-json\/wp\/v2\/categories?post=97805"},{"taxonomy":"post_tag","embeddable":true,"href":"https:\/\/redsemlac.com\/semmexico\/wp-json\/wp\/v2\/tags?post=97805"}],"curies":[{"name":"wp","href":"https:\/\/api.w.org\/{rel}","templated":true}]}}