{"id":97801,"date":"2025-08-14T19:14:25","date_gmt":"2025-08-15T01:14:25","guid":{"rendered":"https:\/\/redsemlac.com\/semmexico\/?p=97801"},"modified":"2025-08-15T10:48:08","modified_gmt":"2025-08-15T16:48:08","slug":"america-latina-necesita-una-inversion-de-4-7-del-pib-para-crear-sistemas-de-cuidados","status":"publish","type":"post","link":"https:\/\/redsemlac.com\/semmexico\/america-latina-necesita-una-inversion-de-4-7-del-pib-para-crear-sistemas-de-cuidados\/","title":{"rendered":"Am\u00e9rica Latina necesita una inversi\u00f3n de 4.7% del PIB para crear Sistemas de Cuidados"},"content":{"rendered":"\n<p class=\"wp-block-paragraph\">Durante la XVI Conferencia Regional de la Mujer, Jos\u00e9 Manuel Salazar-Xirinachs, secretario ejecutivo de la CEPAL, enfatiz\u00f3 que para crear pol\u00edticas del cuidado es necesario impulsarlo con dinero\u00a0\/\u00a0Foto: Laura Lovera \/El Sol de M\u00e9xico<\/p>\n\n\n\n<p class=\"wp-block-paragraph\">Durante 10 a\u00f1os, los pa\u00edses de la regi\u00f3n tendr\u00e1n que aportar .5% del PIB para llegar a la meta, dice el secretario ejecutivo de la CEPAL<\/p>\n\n\n\n<p class=\"wp-block-paragraph\">Gloria L\u00f3pez y Montserrat Maldonado<\/p>\n\n\n\n<p class=\"wp-block-paragraph\">SemM\u00e9xico \/ El Sol de M\u00e9xico, CDMX, 14 de agosto, 2025.- En la regi\u00f3n, se tendr\u00e1 que dar por lo menos el&nbsp;4.7% del Producto Interno Bruto (PIB)&nbsp;para contar con&nbsp;presupuesto suficiente&nbsp;y crear Sistemas Nacionales de Cuidados.<\/p>\n\n\n\n<p class=\"wp-block-paragraph\">Durante la&nbsp;XVI Conferencia Regional de la Mujer, Jos\u00e9 Manuel Salazar-Xirinachs, secretario ejecutivo de la&nbsp;<a href=\"https:\/\/www.cepal.org\/es\" target=\"_blank\" rel=\"noreferrer noopener\">CEPAL<\/a>, enfatiz\u00f3 que para crear pol\u00edticas del cuidado&nbsp;es necesario&nbsp;impulsarlo con dinero.<\/p>\n\n\n\n<p class=\"wp-block-paragraph\">\u201cPara cuidar a la&nbsp;poblaci\u00f3n infantil y de personas mayores, tenemos que lograr esa inversi\u00f3n para 2035, es decir, por los pr\u00f3ximos 10 a\u00f1os, cada pa\u00eds tendr\u00eda que destinar&nbsp;.5 por ciento del PIB&nbsp;para llegar a esta meta\u201d, coment\u00f3.<\/p>\n\n\n\n<p class=\"wp-block-paragraph\">En contraste, en M\u00e9xico,&nbsp;sectores como ciencia y cultura reciben menos del 1 por ciento del PIB. De acuerdo con&nbsp;M\u00e9xico Eval\u00faa, el gasto&nbsp;para Ciencia, Tecnolog\u00eda e Innovaci\u00f3n en 2025 ser\u00eda de s\u00f3lo 0.16 por ciento, el m\u00e1s bajo desde 2008.<\/p>\n\n\n\n<p class=\"wp-block-paragraph\">Durante la presentaci\u00f3n del&nbsp;Paquete Econ\u00f3mico 2025, la presidenta&nbsp;Claudia Sheinbaum&nbsp;destac\u00f3 que en el presupuesto de este a\u00f1o \u201cse demuestra que para su administraci\u00f3n la&nbsp;cultura y la educaci\u00f3n son prioridad\u201d.<\/p>\n\n\n\n<p class=\"wp-block-paragraph\">Desde el&nbsp;Centro Cultural de&nbsp;Tlatelolco, el secretario afirm\u00f3 que si bien es una inversi\u00f3n elevada, es una decisi\u00f3n que traer\u00e1 enormes beneficios.<\/p>\n\n\n\n<p class=\"wp-block-paragraph\"><strong><em>Para cuidar a la poblaci\u00f3n infantil y de personas mayores, tenemos que lograr esa inversi\u00f3n para 2035, es decir, por los pr\u00f3ximos 10 a\u00f1os, cada pa\u00eds tendr\u00eda que destinar .5% del PIB para llegar a esta meta Jos\u00e9 Manuel Salazar-Xirinachs, secretario ejecutivo de la CEPAL<\/em><\/strong><\/p>\n\n\n\n<p class=\"wp-block-paragraph\">Entre ellos se destac\u00f3 la&nbsp;generaci\u00f3n de 31 millones de empleos&nbsp;en los 23 pa\u00edses para lo que se cuenta con informaci\u00f3n, lo que representar\u00eda el&nbsp;12 por ciento de la fuerza laboral&nbsp;proyectada a 2035; adem\u00e1s se combatir\u00e1 el&nbsp;cierre de la brecha de g\u00e9nero en el mercado laboral&nbsp;pasando de una tasa de ocupaci\u00f3n de las mujeres de 52.9 por ciento en 2019 a una tasa proyectada de 63 por ciento en 2035.<\/p>\n\n\n\n<p class=\"wp-block-paragraph\">Actualmente,&nbsp;la econom\u00eda del cuidado emplea al 27.4% de las mujeres&nbsp;ocupadas de la regi\u00f3n.<\/p>\n\n\n\n<p class=\"wp-block-paragraph\">Otro de los beneficios es la recaudaci\u00f3n tributaria en tomo al&nbsp;19 por ciento del costo de la inversi\u00f3n, as\u00ed como avances en el&nbsp;bienestar, salud, oportunidades de empleo y educaci\u00f3n, as\u00ed como en el Desarrollo de capacidades de ni\u00f1as, adolescentes y mujeres quienes son las principales responsables de&nbsp;cuidado en Am\u00e9rica Latina<\/p>\n\n\n\n<p class=\"wp-block-paragraph\">\u201cTenemos que entender que&nbsp;los cuidados son un sector productivo&nbsp;por s\u00ed mismo, si no se atiende se va a aumentar la&nbsp;desigualdad y la pobreza&nbsp;en cualquier ciclo de vida de las mujeres\u201d, coment\u00f3.<\/p>\n\n\n\n<p class=\"wp-block-paragraph\">Te podr\u00eda interesar:&nbsp;<a href=\"https:\/\/www.oem.com.mx\/elsoldemexico\/mexico\/congresista-y-organizaciones-de-america-latina-y-el-caribe-destacan-avances-y-reconocen-retos-en-materia-de-cuidados-25178947\" target=\"_blank\" rel=\"noreferrer noopener\">\u00bfPor qu\u00e9 el Trabajo de Cuidado es una Responsabilidad Social en Latinoam\u00e9rica?<\/a><\/p>\n\n\n\n<p class=\"wp-block-paragraph\">Adultos mayores deben ser prioridad en el cuidado<\/p>\n\n\n\n<p class=\"wp-block-paragraph\">En la presentaci\u00f3n, Salazar-Xirinachs resalt\u00f3 la necesidad de tomar en cuenta las necesidades de sectores de la poblaci\u00f3n que requieran cuidados, ya que en los pr\u00f3ximos 25 a\u00f1os&nbsp;la poblaci\u00f3n de 65 a\u00f1os y m\u00e1s se duplicar\u00e1 en la regi\u00f3n, alcanzando el 18.9 por ciento en 2050, es decir,&nbsp;se tendr\u00e1n 138 millones de adultos mayores.<\/p>\n\n\n\n<p class=\"wp-block-paragraph\">\u201cLa regi\u00f3n inicia un proceso de&nbsp;envejecimiento con alta feminizaci\u00f3n&nbsp;que implicar\u00e1 mayores demandas de cuidados m\u00e1s complejas y multidimensionales. Hoy por hoy no hemos logrado resolver el reto de cuidado infantil y ahora enfrentaremos el cuidado de personas mayores\u201d, sostuvo.<\/p>\n\n\n\n<p class=\"wp-block-paragraph\">El secretario de la&nbsp;CEPAL&nbsp;hizo un llamado a no perder este sector de la poblaci\u00f3n ya que las mujeres, a\u00fan despu\u00e9s de sus 80 a\u00f1os, siguen&nbsp;siendo las responsables de los cuidados.<\/p>\n\n\n\n<p class=\"wp-block-paragraph\">Actuar hoy es sembrar esperanza para las generaciones futuras asegurando que el cuidado en todas sus formas sea reconocido como el cimiento de una delicada m\u00e1s justa<em> Jos\u00e9 Manuel Salazar-Xirinachs, secretario ejecutivo de la CEPAL<\/em><\/p>\n\n\n\n<p class=\"wp-block-paragraph\">Una d\u00e9cada para lograr la construcci\u00f3n de la sociedad de cuidados<\/p>\n\n\n\n<p class=\"wp-block-paragraph\">Durante la presentaci\u00f3n de la \u201cLa sociedad del cuidado: Gobernanza, econom\u00eda pol\u00edtica y di\u00e1logo social para una transformaci\u00f3n con igualdad de g\u00e9nero\u201d, el secretario de la&nbsp;CEPAL&nbsp;hizo un llamado a los pa\u00edses de la regi\u00f3n para acelerar y lograr en diez a\u00f1os la&nbsp;igualdad sustantiva de g\u00e9nero&nbsp;y la construcci\u00f3n de la sociedad de cuidados.<\/p>\n\n\n\n<p class=\"wp-block-paragraph\">La Secretaria de Mujeres, Citlalli Hern\u00e1ndez Mora&nbsp;dijo que la presentaci\u00f3n de este documento presentado por la CEPAL es un ancla al futuro que obliga a los pa\u00edses a cumplir con el compromiso de generar acciones para garantizar una sociedad del cuidado en una d\u00e9cada.<\/p>\n\n\n\n<p class=\"wp-block-paragraph\">\u201cMe parece que es un ancla al futuro y la construcci\u00f3n de una sociedad m\u00e1s justa,&nbsp;m\u00e1s igualitaria, una sociedad sin hambre, una sociedad donde todas las personas tengan&nbsp;acceso a la educaci\u00f3n, a la vivienda y al tiempo libre,&nbsp;y esta eterna lucha en la que hay conquistas y avances que coloca una nueva discusi\u00f3n, c\u00f3mo construimos una sociedad de cuidado,&nbsp;c\u00f3mo la reconocemos\u201d, expres\u00f3.<\/p>\n\n\n\n\n\n<p class=\"wp-block-paragraph\"><a href=\"https:\/\/oem.com.mx\/elsoldemexico\/mexico\/llama-onu-mujeres-a-legislar-para-el-reconocimiento-del-cuidado-como-bien-publico-25174068\"><\/a><\/p>\n\n\n\n<p class=\"wp-block-paragraph\"><a href=\"https:\/\/oem.com.mx\/elsoldemexico\/mexico\/llama-onu-mujeres-a-legislar-para-el-reconocimiento-del-cuidado-como-bien-publico-25174068\">M\u00c9XICO<\/a><\/p>\n\n\n\n<p class=\"wp-block-paragraph\"><a href=\"https:\/\/oem.com.mx\/elsoldemexico\/mexico\/llama-onu-mujeres-a-legislar-para-el-reconocimiento-del-cuidado-como-bien-publico-25174068\">Llama ONU Mujeres a legislar para el reconocimiento del cuidado como bien p\u00fablico<\/a><\/p>\n\n\n\n<p class=\"wp-block-paragraph\"><a href=\"https:\/\/oem.com.mx\/elsoldemexico\/mexico\/llama-onu-mujeres-a-legislar-para-el-reconocimiento-del-cuidado-como-bien-publico-25174068\">ONU Mujeres reconoce que el trabajo de cuidados sostiene la vida, la econom\u00eda y la sociedad por lo que se deben emprender acciones para visibilizarlo y consolidar el sistema en Am\u00e9rica Latina<\/a><\/p>\n\n\n\n<p class=\"wp-block-paragraph\">Reconoci\u00f3 que las&nbsp;<a href=\"https:\/\/www.oem.com.mx\/elsoldemexico\/mexico\/red-nacional-de-alertistas-exige-un-acuerdo-nacional-por-el-cese-de-la-violencia-feminicida-25188553\" target=\"_blank\" rel=\"noreferrer noopener\">mujeres<\/a>, organizaciones civiles y actores pol\u00edticos que se encuentran en este evento est\u00e1n frente al nacimiento de&nbsp;un nuevo derecho, que es el derecho al cuidado.<\/p>\n\n\n\n<p class=\"wp-block-paragraph\">Destac\u00f3 que este diagn\u00f3stico plantea los cuestionamientos de c\u00f3mo&nbsp;<a href=\"https:\/\/oem.com.mx\/elsoldemexico\/mexico\/congresista-y-organizaciones-de-america-latina-y-el-caribe-destacan-avances-y-reconocen-retos-en-materia-de-cuidados-25178947\" target=\"_blank\" rel=\"noreferrer noopener\">reconocer y retribuirse a las mujeres de M\u00e9xico<\/a>&nbsp;y Am\u00e9rica del Caribe y el mundo que cuidan, son las que enfrentan m\u00e1s&nbsp;pobreza, con falta de acceso a otros derechos y servicios.<\/p>\n\n\n\n<p class=\"wp-block-paragraph\">\u201cEs un compromiso colectivo de todas y todos los tomadores de decisiones platear a diez a\u00f1os la construcci\u00f3n de una sociedad de cuidados\u201d, manifest\u00f3.<\/p>\n\n\n\n<p class=\"wp-block-paragraph\">Mar\u00eda-Noel Vaeza, directora Regional de ONU Mujeres para las Am\u00e9ricas y el Caribe, subray\u00f3 la importancia de asegurar un financiamiento sostenible&nbsp;p\u00fablico y privado&nbsp;que permita convertir una realidad la&nbsp;sociedad del cuidado.<\/p>\n\n\n\n<p class=\"wp-block-paragraph\">Destac\u00f3 que&nbsp;invertir en el cuidado es invertir en el futuro, ya que los cuidados generan empleo y estos trabajos deben ser reconocidos con contratos y&nbsp;formalizar el trabajo de las mujeres cuidadoras.<\/p>\n\n\n\n<p class=\"wp-block-paragraph\">\u201cDebemos asegurar&nbsp;financiamiento sostenible y diversificado,&nbsp;en nuestra regi\u00f3n las inversiones de cuidado siguen siendo insuficientes\u201d, se\u00f1al\u00f3 .<\/p>\n","protected":false},"excerpt":{"rendered":"<p>Durante la XVI Conferencia Regional de la Mujer, Jos\u00e9 Manuel Salazar-Xirinachs, secretario ejecutivo de la CEPAL, enfatiz\u00f3 que para crear pol\u00edticas del cuidado es necesario impulsarlo con dinero\u00a0\/\u00a0Foto: Laura Lovera \/El Sol de M\u00e9xico Durante 10 a\u00f1os, los pa\u00edses de la regi\u00f3n tendr\u00e1n que aportar .5% del PIB para llegar a la meta, dice el [&hellip;]<\/p>\n","protected":false},"author":3,"featured_media":97802,"comment_status":"open","ping_status":"open","sticky":false,"template":"","format":"standard","meta":{"_monsterinsights_skip_tracking":false,"footnotes":""},"categories":[897],"tags":[],"class_list":["post-97801","post","type-post","status-publish","format-standard","has-post-thumbnail","category-especial"],"_links":{"self":[{"href":"https:\/\/redsemlac.com\/semmexico\/wp-json\/wp\/v2\/posts\/97801","targetHints":{"allow":["GET"]}}],"collection":[{"href":"https:\/\/redsemlac.com\/semmexico\/wp-json\/wp\/v2\/posts"}],"about":[{"href":"https:\/\/redsemlac.com\/semmexico\/wp-json\/wp\/v2\/types\/post"}],"author":[{"embeddable":true,"href":"https:\/\/redsemlac.com\/semmexico\/wp-json\/wp\/v2\/users\/3"}],"replies":[{"embeddable":true,"href":"https:\/\/redsemlac.com\/semmexico\/wp-json\/wp\/v2\/comments?post=97801"}],"version-history":[{"count":0,"href":"https:\/\/redsemlac.com\/semmexico\/wp-json\/wp\/v2\/posts\/97801\/revisions"}],"wp:featuredmedia":[{"embeddable":true,"href":"https:\/\/redsemlac.com\/semmexico\/wp-json\/wp\/v2\/media\/97802"}],"wp:attachment":[{"href":"https:\/\/redsemlac.com\/semmexico\/wp-json\/wp\/v2\/media?parent=97801"}],"wp:term":[{"taxonomy":"category","embeddable":true,"href":"https:\/\/redsemlac.com\/semmexico\/wp-json\/wp\/v2\/categories?post=97801"},{"taxonomy":"post_tag","embeddable":true,"href":"https:\/\/redsemlac.com\/semmexico\/wp-json\/wp\/v2\/tags?post=97801"}],"curies":[{"name":"wp","href":"https:\/\/api.w.org\/{rel}","templated":true}]}}