{"id":97798,"date":"2025-08-14T19:06:01","date_gmt":"2025-08-15T01:06:01","guid":{"rendered":"https:\/\/redsemlac.com\/semmexico\/?p=97798"},"modified":"2025-08-14T19:06:02","modified_gmt":"2025-08-15T01:06:02","slug":"imposible-construir-un-sistema-de-cuidados-en-seis-anos-admite-la-secretaria-de-las-mujeres","status":"publish","type":"post","link":"https:\/\/redsemlac.com\/semmexico\/imposible-construir-un-sistema-de-cuidados-en-seis-anos-admite-la-secretaria-de-las-mujeres\/","title":{"rendered":"Imposible construir un Sistema de Cuidados en seis a\u00f1os, admite la secretaria de las Mujeres"},"content":{"rendered":"\n<p class=\"wp-block-paragraph\">La Conferencia se intercambiaron experiencias en la implementaci\u00f3n de pol\u00edticas p\u00fablicas de cuidado.&nbsp;\/&nbsp;Foto: Cortesia Gobierno de M\u00e9xico<\/p>\n\n\n\n<p class=\"wp-block-paragraph\">Citlalli Hern\u00e1ndez declar\u00f3 que este ejercicio permitir\u00e1 saber cu\u00e1nto dinero se debe aportar en M\u00e9xico cada a\u00f1o para el trabajo dom\u00e9stico no remunerado<\/p>\n\n\n\n<p class=\"wp-block-paragraph\">Montserrat Maldonado<\/p>\n\n\n\n<p class=\"wp-block-paragraph\">SemM\u00e9xico\/El Sol de M\u00e9xico, Cd. De M\u00e9xico,14 de agosto, 2025.- En seis a\u00f1os es imposible construir un&nbsp;Sistema de Cuidados, admiti\u00f3 la&nbsp;<a href=\"https:\/\/www.gob.mx\/mujeres\" target=\"_blank\" rel=\"noreferrer noopener\">secretaria de las Mujeres<\/a>, Citlalli Hern\u00e1ndez.<\/p>\n\n\n\n<p class=\"wp-block-paragraph\">\u201cEn seis a\u00f1os es imposible construir todo un Sistema que pueda reconocer y garantizar esta necesidad de cuidados, sin embargo, creemos que este sexenio es clave para tener las bases de este Sistema\u201d, dijo la funcionaria federal en entrevista con medios tras su participaci\u00f3n en la XVI Conferencia Regional sobre la Mujer de Am\u00e9rica Latina y el Caribe.<\/p>\n\n\n\n<p class=\"wp-block-paragraph\">Actualmente en el Congreso hay una iniciativa para crear el&nbsp;Sistema Nacional de Cuidados, pero hasta el momento la propuesta sigue sin aprobarse.&nbsp;<\/p>\n\n\n\n<p class=\"wp-block-paragraph\">La titular de la&nbsp;Secretar\u00eda de las Mujeres&nbsp;afirm\u00f3 que la administraci\u00f3n federal est\u00e1 elaborando un diagn\u00f3stico para conocer en d\u00f3nde est\u00e1 M\u00e9xico parado y a d\u00f3nde se tiene que ir avanzando.<\/p>\n\n\n\n<p class=\"wp-block-paragraph\">\u201cTodo el Gobierno est\u00e1 trabajando para conocer los servicios, programas sociales y la infraestructura que ya tenemos en beneficio de las personas que necesitan cuidado y de las cuidadoras. Hoy tenemos guarder\u00edas, casas de d\u00eda que atienden y ayudan al trabajo de cuidados pero ahora toca saber c\u00f3mo articulamos estos avances en un Sistema de Cuidados\u201d, explic\u00f3.<\/p>\n\n\n\n<p class=\"wp-block-paragraph\">Destac\u00f3 que tambi\u00e9n se trabaja para ampliar la construcci\u00f3n de una&nbsp;<a href=\"https:\/\/www.oem.com.mx\/elsoldemexico\/mexico\/red-nacional-de-alertistas-exige-un-acuerdo-nacional-por-el-cese-de-la-violencia-feminicida-25188553\" target=\"_blank\" rel=\"noreferrer noopener\">red nacional de Centros de Educaci\u00f3n y Cuidado Infantil (CECI)<\/a>&nbsp;para apoyar a las madres trabajadoras.<\/p>\n\n\n\n<p class=\"wp-block-paragraph\"><a href=\"https:\/\/oem.com.mx\/elsoldemexico\/metropoli\/diputados-de-cdmx-analizaran-cinco-iniciativas-del-sistema-publico-de-cuidados-25179237\"><\/a><\/p>\n\n\n\n<p class=\"wp-block-paragraph\">\u201cLa presidenta&nbsp;Claudia Sheinbaum&nbsp;ha planteado que tan solo este primer a\u00f1o se quiere la construcci\u00f3n de 200 centros y mil CECI a lo largo del sexenio\u201d, sostuvo.<\/p>\n\n\n\n<p class=\"wp-block-paragraph\">Hern\u00e1ndez a\u00f1adi\u00f3 que a finales de este 2025 se presentar\u00e1 una propuesta presupuestaria para conocer cu\u00e1nto se debe de invertir en el pa\u00eds en materia de cuidados.<\/p>\n\n\n\n<p class=\"wp-block-paragraph\">Inversi\u00f3n en trabajo de cuidados<\/p>\n\n\n\n<p class=\"wp-block-paragraph\">Durante la Conferencia, la&nbsp;<a href=\"https:\/\/www.cepal.org\/es\" target=\"_blank\" rel=\"noreferrer noopener\">CEPAL<\/a>&nbsp;destac\u00f3 que la regi\u00f3n de&nbsp;Am\u00e9rica Latina y el Caribe&nbsp;necesita invertir 4.7 por ciento de su&nbsp;Producto Interno Bruto (PIB)&nbsp;para crear&nbsp;Sistemas de Cuidados.<\/p>\n\n\n\n\n\n<p class=\"wp-block-paragraph\"><a href=\"https:\/\/oem.com.mx\/elsoldemexico\/mexico\/cepal-celebra-el-reconocimiento-del-derecho-al-cuidado-por-la-corte-idh-25138035\"><\/a><\/p>\n\n\n\n<p class=\"wp-block-paragraph\"><a href=\"https:\/\/oem.com.mx\/elsoldemexico\/mexico\/cepal-celebra-el-reconocimiento-del-derecho-al-cuidado-por-la-corte-idh-25138035\">M\u00c9XICO<\/a><\/p>\n\n\n\n<p class=\"wp-block-paragraph\"><strong><a href=\"https:\/\/oem.com.mx\/elsoldemexico\/mexico\/cepal-celebra-el-reconocimiento-del-derecho-al-cuidado-por-la-corte-idh-25138035\">CEPAL celebra el reconocimiento del derecho al cuidado por la Corte IDH<\/a><\/strong><\/p>\n\n\n\n<p class=\"wp-block-paragraph\"><a href=\"https:\/\/oem.com.mx\/elsoldemexico\/mexico\/cepal-celebra-el-reconocimiento-del-derecho-al-cuidado-por-la-corte-idh-25138035\">A cuatro d\u00edas de la XVI Convenci\u00f3n de la Mujer en la CDMX, la Comisi\u00f3n resalta la importancia del trabajo de cuidados<\/a><\/p>\n\n\n\n<p class=\"wp-block-paragraph\">\u27a1\ufe0f<a href=\"https:\/\/www.whatsapp.com\/channel\/0029Va7IpF5Id7nJvkxFt02Q\" target=\"_blank\" rel=\"noreferrer noopener\">&nbsp;\u00danete al canal de El Sol de M\u00e9xico en WhatsApp para no perderte la informaci\u00f3n m\u00e1s important<\/a>e&nbsp;<\/p>\n\n\n\n<p class=\"wp-block-paragraph\">Para el pa\u00eds, organizaciones sociales como&nbsp;<a href=\"https:\/\/oxfammexico.org\/\" target=\"_blank\" rel=\"noreferrer noopener\"><strong>Oxfam<\/strong><\/a>, estiman que como m\u00ednimo se require del 2 al 3 por ciento del&nbsp;<strong>PIB<\/strong>&nbsp;para lograr pol\u00edticas p\u00fablicas en beneficio de las mujeres, ni\u00f1as y adolescents que llevan a cabo la mayor carga de trabajo de cuidados.<\/p>\n","protected":false},"excerpt":{"rendered":"<p>La Conferencia se intercambiaron experiencias en la implementaci\u00f3n de pol\u00edticas p\u00fablicas de cuidado.&nbsp;\/&nbsp;Foto: Cortesia Gobierno de M\u00e9xico Citlalli Hern\u00e1ndez declar\u00f3 que este ejercicio permitir\u00e1 saber cu\u00e1nto dinero se debe aportar en M\u00e9xico cada a\u00f1o para el trabajo dom\u00e9stico no remunerado Montserrat Maldonado SemM\u00e9xico\/El Sol de M\u00e9xico, Cd. De M\u00e9xico,14 de agosto, 2025.- En seis a\u00f1os [&hellip;]<\/p>\n","protected":false},"author":3,"featured_media":97799,"comment_status":"open","ping_status":"open","sticky":false,"template":"","format":"standard","meta":{"_monsterinsights_skip_tracking":false,"footnotes":""},"categories":[50],"tags":[],"class_list":["post-97798","post","type-post","status-publish","format-standard","has-post-thumbnail","category-congreso"],"_links":{"self":[{"href":"https:\/\/redsemlac.com\/semmexico\/wp-json\/wp\/v2\/posts\/97798","targetHints":{"allow":["GET"]}}],"collection":[{"href":"https:\/\/redsemlac.com\/semmexico\/wp-json\/wp\/v2\/posts"}],"about":[{"href":"https:\/\/redsemlac.com\/semmexico\/wp-json\/wp\/v2\/types\/post"}],"author":[{"embeddable":true,"href":"https:\/\/redsemlac.com\/semmexico\/wp-json\/wp\/v2\/users\/3"}],"replies":[{"embeddable":true,"href":"https:\/\/redsemlac.com\/semmexico\/wp-json\/wp\/v2\/comments?post=97798"}],"version-history":[{"count":0,"href":"https:\/\/redsemlac.com\/semmexico\/wp-json\/wp\/v2\/posts\/97798\/revisions"}],"wp:featuredmedia":[{"embeddable":true,"href":"https:\/\/redsemlac.com\/semmexico\/wp-json\/wp\/v2\/media\/97799"}],"wp:attachment":[{"href":"https:\/\/redsemlac.com\/semmexico\/wp-json\/wp\/v2\/media?parent=97798"}],"wp:term":[{"taxonomy":"category","embeddable":true,"href":"https:\/\/redsemlac.com\/semmexico\/wp-json\/wp\/v2\/categories?post=97798"},{"taxonomy":"post_tag","embeddable":true,"href":"https:\/\/redsemlac.com\/semmexico\/wp-json\/wp\/v2\/tags?post=97798"}],"curies":[{"name":"wp","href":"https:\/\/api.w.org\/{rel}","templated":true}]}}