{"id":97778,"date":"2025-08-14T18:13:52","date_gmt":"2025-08-15T00:13:52","guid":{"rendered":"https:\/\/redsemlac.com\/semmexico\/?p=97778"},"modified":"2025-08-14T18:13:53","modified_gmt":"2025-08-15T00:13:53","slug":"opinion-conferencia-regional-sobre-la-mujer","status":"publish","type":"post","link":"https:\/\/redsemlac.com\/semmexico\/opinion-conferencia-regional-sobre-la-mujer\/","title":{"rendered":"Opini\u00f3n| Conferencia regional sobre la mujer"},"content":{"rendered":"\n<p class=\"wp-block-paragraph\">Claudia Corichi<\/p>\n\n\n\n<p class=\"wp-block-paragraph\">SemM\u00e9xico, Cd. de M\u00e9xico,&nbsp; 14 de agosto, 2025.-M\u00e9xico es sede por tercera ocasi\u00f3n de la<strong>&nbsp;Conferencia Regional sobre la Mujer de Am\u00e9rica Latina y el Caribe (ALC)<\/strong>, el foro intergubernamental de Naciones Unidas sobre los derechos de las mujeres y la igualdad de g\u00e9nero en la regi\u00f3n.&nbsp;<strong>Participan los Estados miembros de la CEPAL<\/strong>, organismos internacionales, legisladoras y la academia. Las ONGs feministas se han quejado por haber sido excluidas.<\/p>\n\n\n\n<p class=\"wp-block-paragraph\">La Cumbre tiene lugar en medio de dos grandes conmemoraciones. El 19 de junio se cumplieron 50 a\u00f1os de la<strong>&nbsp;Primera Conferencia Mundial sobre la Mujer de la ONU<\/strong>&nbsp;que congreg\u00f3 en M\u00e9xico a delegaciones de cien pa\u00edses, as\u00ed como las tres d\u00e9cadas de la cuarta (y \u00faltima)&nbsp;<strong>Conferencia Mundial<\/strong>&nbsp;que tuvo lugar en Beijing en septiembre de 1995 que fue un punto de inflexi\u00f3n para lograr la igualdad de g\u00e9nero, el empoderamiento de ni\u00f1as y mujeres y el respeto de sus derechos humanos.<\/p>\n\n\n\n<p class=\"wp-block-paragraph\">Teniendo como marco el impulso de la sociedad del cuidado, la Conferencia re\u00fane a mil mujeres del hemisferio que intercambiar\u00e1n propuestas y debatir\u00e1n en tres foros simult\u00e1neos. La v\u00edspera tuvo lugar el<strong>&nbsp;Foro Parlamentario<\/strong>&nbsp;que convoc\u00f3 a congresistas de la regi\u00f3n para abordar los avances y retos de la agenda de g\u00e9nero.<\/p>\n\n\n\n<p class=\"wp-block-paragraph\">Nuestro pa\u00eds tiene progresos sustanciales en derechos pol\u00edticos y en el marco normativo dirigido a combatir las violencias contra las mujeres, sin embargo, el camino por andar a\u00fan es largo y est\u00e1 plagado de resistencias asociadas a una l\u00f3gica patriarcal arraigada en las instituciones. Incrementar la participaci\u00f3n de la fuerza laboral, cerrar la brecha salarial y mejorar los servicios educativos y de salud para ni\u00f1as y mujeres son solo algunos de los temas por resolver.<\/p>\n\n\n\n<p class=\"wp-block-paragraph\">Este encuentro pone la mirada y la discusi\u00f3n en torno a los cuidados. Bajo esa gu\u00eda hoy se presenta el informe&nbsp;<em>La sociedad del cuidado: gobernanza, econom\u00eda pol\u00edtica y di\u00e1logo social para una transformaci\u00f3n con igualdad de g\u00e9nero<\/em>&nbsp;que recoge aportes de un centenar de expertas que en 170 p\u00e1ginas perfila y define la relevancia que tiene para la igualdad sustantiva la adopci\u00f3n de un sistema integral de cuidados.<\/p>\n\n\n\n<p class=\"wp-block-paragraph\">En el documento se sostiene que<strong>&nbsp;ALC&nbsp;<\/strong>lidera el posicionamiento del cuidado como un<strong>&nbsp;derecho humano<\/strong>, un bien p\u00fablico y un pilar del desarrollo sostenible. Se tiene claro el \u201cqu\u00e9\u201d, lo que se busca es \u201cc\u00f3mo\u201d lograrlo. Llama a dialogar sobre las capacidades t\u00e9cnicas de las instituciones encargadas de ello, as\u00ed como el financiamiento suficiente y sostenible de las pol\u00edticas y sistemas de cuidados.<\/p>\n\n\n\n<p class=\"wp-block-paragraph\">El texto ofrece un diagn\u00f3stico integral sobre la situaci\u00f3n de pobreza femenina en la regi\u00f3n, los cambios demogr\u00e1ficos, el escaso reconocimiento social al trabajo no remunerado y la importancia de que los Estados generen y difundan estad\u00edsticas oportunas sobre el uso del tiempo para desarrollar pol\u00edticas p\u00fablicas en la materia.<\/p>\n\n\n\n<p class=\"wp-block-paragraph\">Reconoce que ning\u00fan pa\u00eds de la regi\u00f3n ha alcanzado la<strong>&nbsp;igualdad<\/strong>&nbsp;sustantiva pues todav\u00eda persisten brechas en las desigualdades de g\u00e9nero; para ello se propone superar la divisi\u00f3n sexual del trabajo y transitar hacia una justa organizaci\u00f3n social de los cuidados.<\/p>\n\n\n\n<p class=\"wp-block-paragraph\">Celebro la realizaci\u00f3n de la&nbsp;<strong>Conferencia Regional<\/strong>&nbsp;y hago votos para que los<strong>&nbsp;compromisos<\/strong>&nbsp;adoptados favorezcan los esfuerzos gubernamentales y de la ciudadan\u00eda para alcanzar la igualdad en la ley, el empoderamiento y la autonom\u00eda econ\u00f3mica de las mujeres y tener las herramientas para que la pol\u00edtica y el sistema de cuidados sea una realidad.<\/p>\n\n\n\n<p class=\"wp-block-paragraph\">@ClauCorichi<\/p>\n","protected":false},"excerpt":{"rendered":"<p>Claudia Corichi SemM\u00e9xico, Cd. de M\u00e9xico,&nbsp; 14 de agosto, 2025.-M\u00e9xico es sede por tercera ocasi\u00f3n de la&nbsp;Conferencia Regional sobre la Mujer de Am\u00e9rica Latina y el Caribe (ALC), el foro intergubernamental de Naciones Unidas sobre los derechos de las mujeres y la igualdad de g\u00e9nero en la regi\u00f3n.&nbsp;Participan los Estados miembros de la CEPAL, organismos [&hellip;]<\/p>\n","protected":false},"author":3,"featured_media":79168,"comment_status":"open","ping_status":"open","sticky":false,"template":"","format":"standard","meta":{"_monsterinsights_skip_tracking":false,"footnotes":""},"categories":[82,110,35],"tags":[],"class_list":["post-97778","post","type-post","status-publish","format-standard","has-post-thumbnail","category-la-opinion","category-la-opinion-columnas","category-opinion"],"_links":{"self":[{"href":"https:\/\/redsemlac.com\/semmexico\/wp-json\/wp\/v2\/posts\/97778","targetHints":{"allow":["GET"]}}],"collection":[{"href":"https:\/\/redsemlac.com\/semmexico\/wp-json\/wp\/v2\/posts"}],"about":[{"href":"https:\/\/redsemlac.com\/semmexico\/wp-json\/wp\/v2\/types\/post"}],"author":[{"embeddable":true,"href":"https:\/\/redsemlac.com\/semmexico\/wp-json\/wp\/v2\/users\/3"}],"replies":[{"embeddable":true,"href":"https:\/\/redsemlac.com\/semmexico\/wp-json\/wp\/v2\/comments?post=97778"}],"version-history":[{"count":0,"href":"https:\/\/redsemlac.com\/semmexico\/wp-json\/wp\/v2\/posts\/97778\/revisions"}],"wp:featuredmedia":[{"embeddable":true,"href":"https:\/\/redsemlac.com\/semmexico\/wp-json\/wp\/v2\/media\/79168"}],"wp:attachment":[{"href":"https:\/\/redsemlac.com\/semmexico\/wp-json\/wp\/v2\/media?parent=97778"}],"wp:term":[{"taxonomy":"category","embeddable":true,"href":"https:\/\/redsemlac.com\/semmexico\/wp-json\/wp\/v2\/categories?post=97778"},{"taxonomy":"post_tag","embeddable":true,"href":"https:\/\/redsemlac.com\/semmexico\/wp-json\/wp\/v2\/tags?post=97778"}],"curies":[{"name":"wp","href":"https:\/\/api.w.org\/{rel}","templated":true}]}}