{"id":97731,"date":"2025-08-11T20:44:47","date_gmt":"2025-08-12T02:44:47","guid":{"rendered":"https:\/\/redsemlac.com\/semmexico\/?p=97731"},"modified":"2025-08-11T20:44:48","modified_gmt":"2025-08-12T02:44:48","slug":"pt-acusa-que-le-pidieron-no-realizar-el-foro-alterno-feminista","status":"publish","type":"post","link":"https:\/\/redsemlac.com\/semmexico\/pt-acusa-que-le-pidieron-no-realizar-el-foro-alterno-feminista\/","title":{"rendered":"PT acusa que le pidieron no realizar el Foro Alterno Feminista"},"content":{"rendered":"\n<p class=\"wp-block-paragraph\">El Foro Alterno Feminista se organiz\u00f3 el lunes 11 de agosto en San L\u00e1zaro\u00a0\/\u00a0Foto: Sara Lovera<\/p>\n\n\n\n<p class=\"wp-block-paragraph\">Este lunes tambi\u00e9n se realizaron otros dos foros en la C\u00e1mara de Diputados previo al arranque de la XVI Conferencia Regional sobre la Mujer de Am\u00e9rica Latina y el Caribe<\/p>\n\n\n\n<p class=\"wp-block-paragraph\">Gloria L\u00f3pez<\/p>\n\n\n\n<p class=\"wp-block-paragraph\">SemM\u00e9xico\/ El Sol de M\u00e9xico, Cd. de M\u00e9xico, 11 de agosto, 2025.- El&nbsp;diputado Reginal Sandoval Flores del&nbsp;Partido del trabajo (PT)&nbsp;acus\u00f3 que recibi\u00f3 llamadas para que no se realizara el&nbsp;Foro Alterno Feminista&nbsp;debido a los temas \u00e1lgidos y&nbsp;posturas de las colectivas y organizaciones abolicionistas.<\/p>\n\n\n\n<p class=\"wp-block-paragraph\">Aclar\u00f3 que a pesar de que son aliados del partido de Morena, son un partido que toma decisiones independientes, por lo que logr\u00f3 abrir el espacio para que pudieran discutir, debatir y hacer llegar sus propuestas a las autoridades de la&nbsp;<a href=\"https:\/\/oem.com.mx\/elsoldemexico\/mexico\/xvi-conferencia-regional-sobre-la-mujer-abordara-la-crisis-de-cuidados-en-al-25137998\" target=\"_blank\" rel=\"noreferrer noopener\">XVI Conferencia Regional sobre la Mujer de Am\u00e9rica Latina y el Caribe<\/a>, que se llevar\u00e1 a cabo en el Centro Cultural Universitario Tlatelolco, a partir de este martes y hasta el 15 de agosto.<\/p>\n\n\n\n<p class=\"wp-block-paragraph\">\u201cNo fue f\u00e1cil que tuvi\u00e9ramos este encuentro, esta reuni\u00f3n. Recibimos llamadas para que no hici\u00e9ramos este encuentro con ustedes. En la \u00faltima nos informaron que se hab\u00eda enderezado un poco la exclusi\u00f3n y que ya hab\u00eda oportunidad para que participaran ustedes, sobre todo&nbsp;el tema \u00e1lgido, que es el&nbsp;tema del reglamentarismo y abolicionismo&nbsp;sobre el tema de la&nbsp;prostituci\u00f3n\u201d, explic\u00f3.<\/p>\n\n\n\n<p class=\"wp-block-paragraph\">\u201cY bueno&nbsp;nosotros somos abolicionistas y esa es nuestra postura,&nbsp;y entonces resolvimos en que deb\u00edamos mantenernos. Nosotros tomamos la decisi\u00f3n de que deb\u00edamos hacerlo, m\u00e1s si hab\u00eda este \u00e1nimo y voluntad de instalar este debate\u201d, expres\u00f3.<\/p>\n\n\n\n<p class=\"wp-block-paragraph\">A las 11:15 horas el diputado&nbsp;inaugur\u00f3 las mesas de trabajo del Foro Alterno Feminista&nbsp;que se estar\u00e1n realizando hasta las 17:00 horas, y reconoci\u00f3 el esfuerzo de las organizaciones y colectivas abolicionistas.<\/p>\n\n\n\n<p class=\"wp-block-paragraph\">En el Foro&nbsp;se presentar\u00e1n m\u00e1s de 34 propuestas&nbsp;para&nbsp;discutir temas&nbsp;como el&nbsp;embarazo infantil forzado&nbsp;con fines de adopci\u00f3n legal; la&nbsp;erradicaci\u00f3n de la prostituci\u00f3n y trata de mujeres&nbsp;con explotaci\u00f3n sexual; el borrado de las&nbsp;mujeres lesbianas, la erradicaci\u00f3n de la&nbsp;educaci\u00f3n sexista&nbsp;y la&nbsp;distribuci\u00f3n igualitaria de cuidados.<\/p>\n\n\n\n<p class=\"wp-block-paragraph\">Adem\u00e1s de propuestas con lineamientos establecidos por la Convenci\u00f3n sobre la Eliminaci\u00f3n de Todas las Formas de Discriminaci\u00f3n contra la Mujer (CEDAW) y la&nbsp;convenci\u00f3n de Bel\u00e9m Do Par\u00e1.<\/p>\n\n\n\n<p class=\"wp-block-paragraph\">\u201cSomos aliados, no estamos sometidos, tenemos criterio propio, somos un partido independientes, nosotros presentamos nuestras iniciativas y depende de que la pol\u00edtica de que es un asunto de correlaci\u00f3n de fuerzas, pero la expresi\u00f3n que compartimos con ustedes, pueden llegar a iniciativas de ley\u201d, expres\u00f3.<\/p>\n\n\n\n<p class=\"wp-block-paragraph\">En este&nbsp;Foro Alterno Feminista&nbsp;participan&nbsp;m\u00e1s de 300 mujeres de diversas colectivas y organizaciones de M\u00e9xico, adem\u00e1s de pa\u00edses como Argentina, Costa Rica, Colombia, Chile, Ecuador, El Salvador y Guatemala, que decidieron abrir este espacio alterno debido a que&nbsp;no coinciden con algunos lineamientos y t\u00e9rminos de la conferencia&nbsp; oficial, como la explotaci\u00f3n sexual referida como \u201ctrabajo sexual\u201d, con la teor\u00eda de g\u00e9nero y la identidad autopercibida, entre otros temas, que vulneran el derecho a su participaci\u00f3n.<\/p>\n\n\n\n<p class=\"wp-block-paragraph\">\u201cNos sumamos al esfuerzo para que el contenido de lo que ustedes logren&nbsp;tengan influencia en la CEPAL y la ONU, tambi\u00e9n estamos para sumarnos en ellos, aunque tambi\u00e9n sabemos que los organismos internacionales est\u00e1n pasando por una situaci\u00f3n de crisis compleja, pero estamos para participar con ustedes. Seguro de lo que ac\u00e1 salga terminar\u00e1 en una&nbsp;iniciativa de reforma, o una nueva ley y nos comprometemos a eso\u201d, asegur\u00f3<\/p>\n\n\n\n<p class=\"wp-block-paragraph\">Este lunes tambi\u00e9n se realizan dos foros en la C\u00e1mara de Diputados&nbsp;previo al arranque de la XVI Conferencia: el Foro parlamentario con representantes de parlamentos a nivel nacional, regional e internacional; y el&nbsp;Foro Feminista de car\u00e1cter aut\u00f3nomo y autogestionado.<\/p>\n","protected":false},"excerpt":{"rendered":"<p>El Foro Alterno Feminista se organiz\u00f3 el lunes 11 de agosto en San L\u00e1zaro\u00a0\/\u00a0Foto: Sara Lovera Este lunes tambi\u00e9n se realizaron otros dos foros en la C\u00e1mara de Diputados previo al arranque de la XVI Conferencia Regional sobre la Mujer de Am\u00e9rica Latina y el Caribe Gloria L\u00f3pez SemM\u00e9xico\/ El Sol de M\u00e9xico, Cd. de [&hellip;]<\/p>\n","protected":false},"author":3,"featured_media":97723,"comment_status":"open","ping_status":"open","sticky":false,"template":"","format":"standard","meta":{"_monsterinsights_skip_tracking":false,"footnotes":""},"categories":[897],"tags":[],"class_list":["post-97731","post","type-post","status-publish","format-standard","has-post-thumbnail","category-especial"],"_links":{"self":[{"href":"https:\/\/redsemlac.com\/semmexico\/wp-json\/wp\/v2\/posts\/97731","targetHints":{"allow":["GET"]}}],"collection":[{"href":"https:\/\/redsemlac.com\/semmexico\/wp-json\/wp\/v2\/posts"}],"about":[{"href":"https:\/\/redsemlac.com\/semmexico\/wp-json\/wp\/v2\/types\/post"}],"author":[{"embeddable":true,"href":"https:\/\/redsemlac.com\/semmexico\/wp-json\/wp\/v2\/users\/3"}],"replies":[{"embeddable":true,"href":"https:\/\/redsemlac.com\/semmexico\/wp-json\/wp\/v2\/comments?post=97731"}],"version-history":[{"count":0,"href":"https:\/\/redsemlac.com\/semmexico\/wp-json\/wp\/v2\/posts\/97731\/revisions"}],"wp:featuredmedia":[{"embeddable":true,"href":"https:\/\/redsemlac.com\/semmexico\/wp-json\/wp\/v2\/media\/97723"}],"wp:attachment":[{"href":"https:\/\/redsemlac.com\/semmexico\/wp-json\/wp\/v2\/media?parent=97731"}],"wp:term":[{"taxonomy":"category","embeddable":true,"href":"https:\/\/redsemlac.com\/semmexico\/wp-json\/wp\/v2\/categories?post=97731"},{"taxonomy":"post_tag","embeddable":true,"href":"https:\/\/redsemlac.com\/semmexico\/wp-json\/wp\/v2\/tags?post=97731"}],"curies":[{"name":"wp","href":"https:\/\/api.w.org\/{rel}","templated":true}]}}