{"id":97717,"date":"2025-08-11T20:17:12","date_gmt":"2025-08-12T02:17:12","guid":{"rendered":"https:\/\/redsemlac.com\/semmexico\/?p=97717"},"modified":"2025-08-11T20:17:13","modified_gmt":"2025-08-12T02:17:13","slug":"palestina-libre-musica-contra-el-genocidio-album-colaborativo-con-50-artistas-de-13-paises-y-40-canciones-para-la-libertad-este-15-de-agosto","status":"publish","type":"post","link":"https:\/\/redsemlac.com\/semmexico\/palestina-libre-musica-contra-el-genocidio-album-colaborativo-con-50-artistas-de-13-paises-y-40-canciones-para-la-libertad-este-15-de-agosto\/","title":{"rendered":"\u201cPalestina libre\u201d, m\u00fasica contra el genocidio,\u00a0 \u00e1lbum colaborativo con 50 artistas de 13 pa\u00edses y 40 canciones para la libertad,\u00a0 este 15 de agosto"},"content":{"rendered":"\n<p class=\"wp-block-paragraph\">Habr\u00e1 en&nbsp; 150 minutos de m\u00fasica contra el genocidio, un proyecto a iniciativa de #EloyAcosta y #JoseRiaza junto a #M\u00e1sM\u00fasicaMenosBalas y la disquera #SocSub f<\/p>\n\n\n\n<p class=\"wp-block-paragraph\">Frente al genocidio en Palestina y el silencio c\u00f3mplice de los gobiernos,&nbsp; es tiempo de m\u00fasica para alzar la voz, sensibilizar y exigir justicia.<\/p>\n\n\n\n<p class=\"wp-block-paragraph\">Redacci\u00f3n<\/p>\n\n\n\n<p class=\"wp-block-paragraph\">SemM\u00e9xico, Cd. de M\u00e9xico, 11 de agosto, 2025.- La M\u00fasica contra el genocidios se lanzar\u00e1 el pr\u00f3ximo 15 de agosto de 2025 y&nbsp; estar\u00e1 disponible en todas las plataformas, denominada&nbsp; \u201cPalestina libre\u201d, un \u00e1lbum contra el genocidio sionista. Que hace frente al hartazgo de la masacre genocida en Palestina y al silencio de los gobiernos c\u00f3mplices del sionismo colonialista. Participa el grupo <em>Las Sindecoro Voces Feministas<\/em>, de Guatemala.<\/p>\n\n\n\n<p class=\"wp-block-paragraph\">El nacimiento de \u201cPalestina libre\u201d, es un \u00e1lbum solidario y colaborativo que re\u00fane a 50 artistas de 13 pa\u00edses, con 40 canciones por la libertad en 150 minutos de m\u00fasica para la paz.<\/p>\n\n\n\n<p class=\"wp-block-paragraph\">Este proyecto es resultado de un proceso de activismo colectivo para alzar la voz, protestar, exigir y sensibilizar frente a la crueldad de un genocidio humano inaceptable. La m\u00fasica se convierte aqu\u00ed en herramienta de denuncia, resistencia y esperanza.<\/p>\n\n\n\n<p class=\"wp-block-paragraph\">&nbsp;La portada del \u00e1lbum fue seleccionada mediante convocatoria abierta, y la obra ganadora pertenece a Ana Guti\u00e9rrez \u201cCatana\u201d(Chile).<\/p>\n\n\n\n<p class=\"wp-block-paragraph\">Adem\u00e1s del disco, se realizar\u00e1n conciertos de presentaci\u00f3n, muestras audiovisuales y pict\u00f3ricas con participaci\u00f3n de los artistas convocados.<\/p>\n\n\n\n<p class=\"wp-block-paragraph\">El proyecto nace de la iniciativa de los m\u00fasicos espa\u00f1oles Jos\u00e9 Riaza y Eloy Acosta, quienes&nbsp; movilizaron a la comunidad art\u00edstica internacional para dar forma a este \u00e1lbum. Se suman la ONG. M\u00e1s, M\u00fasica, Menos Balas y la disquera independiente SocSub (Sociedad Subterr\u00e1nea).<\/p>\n\n\n\n<p class=\"wp-block-paragraph\">Invitaci\u00f3n a medios<\/p>\n\n\n\n<p class=\"wp-block-paragraph\">En una&nbsp; comunicaci\u00f3n oficial se invita a&nbsp; medios de comunicaci\u00f3n, periodistas, radios comunitarias, plataformas digitales y espacios culturales a conocer este proyecto, difundirlo y sumarse a esta causa por la vida y la justicia.<\/p>\n\n\n\n<figure class=\"wp-block-image size-large\"><a href=\"https:\/\/redsemlac.com\/semmexico\/wp-content\/uploads\/2025\/08\/palestina-libre-02.png\"><img loading=\"lazy\" decoding=\"async\" width=\"1024\" height=\"1024\" src=\"https:\/\/redsemlac.com\/semmexico\/wp-content\/uploads\/2025\/08\/palestina-libre-02-1024x1024.png\" alt=\"\" class=\"wp-image-97719\" srcset=\"https:\/\/redsemlac.com\/semmexico\/wp-content\/uploads\/2025\/08\/palestina-libre-02-1024x1024.png 1024w, https:\/\/redsemlac.com\/semmexico\/wp-content\/uploads\/2025\/08\/palestina-libre-02-300x300.png 300w, https:\/\/redsemlac.com\/semmexico\/wp-content\/uploads\/2025\/08\/palestina-libre-02-150x150.png 150w, https:\/\/redsemlac.com\/semmexico\/wp-content\/uploads\/2025\/08\/palestina-libre-02-768x768.png 768w, https:\/\/redsemlac.com\/semmexico\/wp-content\/uploads\/2025\/08\/palestina-libre-02-696x696.png 696w, https:\/\/redsemlac.com\/semmexico\/wp-content\/uploads\/2025\/08\/palestina-libre-02-1068x1068.png 1068w, https:\/\/redsemlac.com\/semmexico\/wp-content\/uploads\/2025\/08\/palestina-libre-02.png 1080w\" sizes=\"auto, (max-width: 1024px) 100vw, 1024px\" \/><\/a><\/figure>\n\n\n\n<p class=\"wp-block-paragraph\"><strong>&nbsp;Artistas participantes<\/strong><\/p>\n\n\n\n<p class=\"wp-block-paragraph\">Entre los artistas que se suman a esta iniciativa est\u00e1n: Paloma Hidalgo (Chile-Palestina), Reincidentes (Espa\u00f1a), Estado de Sitio (Panam\u00e1), Antonio Garc\u00eda de Diego (Espa\u00f1a), Jos\u00e9 Riaza (Espa\u00f1a-M\u00e9xico), Javiera Rosselot (Chile -Palestina), Lengualerta (M\u00e9xico), Eloy Acosta (Espa\u00f1a), Radio Crimen (Pa\u00eds Vasco), Fernando Madina (Espa\u00f1a-Venezuela), Vibra Much\u00e1 (M\u00e9xico), Las Sindecoro Voces Feministas (Guatemala), Jenny Abarca (Costa Rica), Isa\u00edas Guevara (Colombia), Lunaticko (Chile), B\u00e1rbara Riquelme (M\u00e9xico), OneSmoot (Chile), Fernando Escobar (M\u00e9xico), Harper Blue (Chile), Danni Jin (Venezuela), Cris Irez (M\u00e9xico-Espa\u00f1a), Jorge Olavarr\u00eda (Venezuela-Espa\u00f1a), Monozapiens (Chile), Animales (Espa\u00f1a), The Mierders (Espa\u00f1a), Chejo G (Costa Rica), Akilin (Venezuela), Kalashnikov (M\u00e9xico), Las Lega\u00f1as (Espa\u00f1a), Ali Montero (Venezuela), Traste3 (Espa\u00f1a), D\u00fao Le&amp;An (Argentina), Dop4 G (Costa Rica), Maga Dalia (Chile), Lechont\u00edlope (Espa\u00f1a), Eskuoters (Argentina), Carlos Casal (Uruguay), Diego Ch\u00e1vez (M\u00e9xico), Fernando L\u00f3pez (Espa\u00f1a-Guatemala), Tremendez (M\u00e9xico), Viva (Uruguay), Nefala \u201cVasilis Papadopoulos\u201d (Holanda-Grecia), Yahir Dur\u00e1n (M\u00e9xico), Iko Cuyagua (Espa\u00f1a), Banda EterluZ (Argentina), Le Rat (M\u00e9xico), Albertencia (Espa\u00f1a), Arturo Altamirano (M\u00e9xico), Sue\u00f1os de bohemia (Espa\u00f1a), Amigos por Palestina (M\u00e9xico).<\/p>\n","protected":false},"excerpt":{"rendered":"<p>Habr\u00e1 en&nbsp; 150 minutos de m\u00fasica contra el genocidio, un proyecto a iniciativa de #EloyAcosta y #JoseRiaza junto a #M\u00e1sM\u00fasicaMenosBalas y la disquera #SocSub f Frente al genocidio en Palestina y el silencio c\u00f3mplice de los gobiernos,&nbsp; es tiempo de m\u00fasica para alzar la voz, sensibilizar y exigir justicia. Redacci\u00f3n SemM\u00e9xico, Cd. de M\u00e9xico, 11 [&hellip;]<\/p>\n","protected":false},"author":3,"featured_media":97718,"comment_status":"open","ping_status":"open","sticky":false,"template":"","format":"standard","meta":{"_monsterinsights_skip_tracking":false,"footnotes":""},"categories":[748],"tags":[],"class_list":["post-97717","post","type-post","status-publish","format-standard","has-post-thumbnail","category-cultura-feminista"],"_links":{"self":[{"href":"https:\/\/redsemlac.com\/semmexico\/wp-json\/wp\/v2\/posts\/97717","targetHints":{"allow":["GET"]}}],"collection":[{"href":"https:\/\/redsemlac.com\/semmexico\/wp-json\/wp\/v2\/posts"}],"about":[{"href":"https:\/\/redsemlac.com\/semmexico\/wp-json\/wp\/v2\/types\/post"}],"author":[{"embeddable":true,"href":"https:\/\/redsemlac.com\/semmexico\/wp-json\/wp\/v2\/users\/3"}],"replies":[{"embeddable":true,"href":"https:\/\/redsemlac.com\/semmexico\/wp-json\/wp\/v2\/comments?post=97717"}],"version-history":[{"count":0,"href":"https:\/\/redsemlac.com\/semmexico\/wp-json\/wp\/v2\/posts\/97717\/revisions"}],"wp:featuredmedia":[{"embeddable":true,"href":"https:\/\/redsemlac.com\/semmexico\/wp-json\/wp\/v2\/media\/97718"}],"wp:attachment":[{"href":"https:\/\/redsemlac.com\/semmexico\/wp-json\/wp\/v2\/media?parent=97717"}],"wp:term":[{"taxonomy":"category","embeddable":true,"href":"https:\/\/redsemlac.com\/semmexico\/wp-json\/wp\/v2\/categories?post=97717"},{"taxonomy":"post_tag","embeddable":true,"href":"https:\/\/redsemlac.com\/semmexico\/wp-json\/wp\/v2\/tags?post=97717"}],"curies":[{"name":"wp","href":"https:\/\/api.w.org\/{rel}","templated":true}]}}