{"id":97707,"date":"2025-08-11T20:05:38","date_gmt":"2025-08-12T02:05:38","guid":{"rendered":"https:\/\/redsemlac.com\/semmexico\/?p=97707"},"modified":"2025-08-11T20:05:39","modified_gmt":"2025-08-12T02:05:39","slug":"manana-inicia-la-xvi-conferencia-regional-sobre-la-mujer-de-la-cepal-necesitamos-que-se-valore-y-pague-el-trabajo-de-los-cuidados-micher-camarena","status":"publish","type":"post","link":"https:\/\/redsemlac.com\/semmexico\/manana-inicia-la-xvi-conferencia-regional-sobre-la-mujer-de-la-cepal-necesitamos-que-se-valore-y-pague-el-trabajo-de-los-cuidados-micher-camarena\/","title":{"rendered":"Ma\u00f1ana inicia la XVI\u00a0Conferencia Regional sobre la Mujer de la Cepal. \u00a0Necesitamos que se valore y pague el trabajo de los cuidados: M\u00edcher Camarena"},"content":{"rendered":"\n<p class=\"wp-block-paragraph\"><strong><\/strong>Piden reconocer econ\u00f3micamente el trabajo de las personas cuidadoras&nbsp;\/&nbsp;Foto: Archivo Adri\u00e1n V\u00e1zquez<\/p>\n\n\n\n<p class=\"wp-block-paragraph\">La senadora Martha Luc\u00eda M\u00edcher Camarena coment\u00f3 que ya no se trata de tener un sistema de cuidados, sino una sociedad donde Estado, iniciativa privada y hombres asuman su responsabilidad en este tema<\/p>\n\n\n\n<figure class=\"wp-block-image size-full\"><img loading=\"lazy\" decoding=\"async\" width=\"762\" height=\"546\" src=\"https:\/\/redsemlac.com\/semmexico\/wp-content\/uploads\/2025\/08\/conferencia-mujer-cepal-02.png\" alt=\"\" class=\"wp-image-97710\" title=\"&quot;Seguir en Google Noticias&quot;\" srcset=\"https:\/\/redsemlac.com\/semmexico\/wp-content\/uploads\/2025\/08\/conferencia-mujer-cepal-02.png 762w, https:\/\/redsemlac.com\/semmexico\/wp-content\/uploads\/2025\/08\/conferencia-mujer-cepal-02-300x215.png 300w, https:\/\/redsemlac.com\/semmexico\/wp-content\/uploads\/2025\/08\/conferencia-mujer-cepal-02-150x107.png 150w, https:\/\/redsemlac.com\/semmexico\/wp-content\/uploads\/2025\/08\/conferencia-mujer-cepal-02-696x499.png 696w\" sizes=\"auto, (max-width: 762px) 100vw, 762px\" \/><\/figure>\n\n\n\n<p class=\"wp-block-paragraph\"><strong>Montserrat Maldonado<\/strong><\/p>\n\n\n\n<p class=\"wp-block-paragraph\">SemM\u00e9xico, Cd. de M\u00e9xico, 11 de agosto, 2025.- En M\u00e9xico urge implementar una&nbsp;sociedad del&nbsp;cuidado, la cual reconozca&nbsp;econ\u00f3micamente el trabajo&nbsp;de las personas cuidadoras, dijo&nbsp;Martha Luc\u00eda M\u00edcher Camarena, presidenta de la&nbsp;Comisi\u00f3n para la Igualdad de G\u00e9nero del Senado.<\/p>\n\n\n\n<p class=\"wp-block-paragraph\">En entrevista con&nbsp;El Sol de M\u00e9xico, la legisladora coment\u00f3 que si bien el&nbsp;Estado y la iniciativa privada&nbsp;deben trabajar para crear instituciones que cuiden a personas que lo requieren, que tambi\u00e9n se les pague a aquellas mujeres que decidan laborar en este sector.<\/p>\n\n\n\n<p class=\"wp-block-paragraph\">\u201cPerfecto, pero les vamos a pagar. Porque necesitamos tambi\u00e9n que adem\u00e1s de este reconocimiento se valore y pague el trabajo\u201d, coment\u00f3.<\/p>\n\n\n\n<p class=\"wp-block-paragraph\">Este martes se inaugura en la Ciudad de M\u00e9xico la &nbsp;XVI&nbsp;Conferencia Regional sobre la Mujer de la Cepal, aunque desde este domingo 10 de agosto habr\u00e1 foros paralelos.<\/p>\n\n\n\n<p class=\"wp-block-paragraph\">Seg\u00fan&nbsp;Cepal, este foro es &nbsp;\u00fanico en el mundo, que se convoca regularmente desde 1977 para analizar la situaci\u00f3n regional y subregional respecto de la&nbsp;autonom\u00eda&nbsp;y los derechos de las mujeres, y presentar recomendaciones en materia de pol\u00edticas p\u00fablicas de igualdad de g\u00e9nero, en cumplimiento de los acuerdos regionales e internacionales.<\/p>\n\n\n\n<p class=\"wp-block-paragraph\">En esta ocasi\u00f3n, la tem\u00e1tica de la Conferencia tendr\u00e1 como tema principal:&nbsp;<em>La sociedad del cuidado: gobernanza, econom\u00eda pol\u00edtica y di\u00e1logo social para una transformaci\u00f3n con igualdad de g\u00e9nero.<\/em><\/p>\n\n\n\n<p class=\"wp-block-paragraph\">\u201cLa&nbsp;<strong>construcci\u00f3n de la sociedad<\/strong>&nbsp;del cuidado representa una transformaci\u00f3n indispensable para lograr la igualdad sustantiva, el desarrollo sostenible y la paz. Este paradigma prioriza la sostenibilidad de la vida y del planeta y reconoce los cuidados como una necesidad, un derecho, un bien p\u00fablico y un trabajo clave para dinamizar la econom\u00eda. Tambi\u00e9n establece la interdependencia entre las personas,&nbsp;la dimensi\u00f3n ambiental y el desarrollo econ\u00f3mico y social en forma sin\u00e9rgica.\u201d, dice la&nbsp;<strong>Cepal<\/strong>&nbsp;sobre este encuentro.<\/p>\n\n\n\n<p class=\"wp-block-paragraph\"><strong>\u00bfEn qu\u00e9 consiste el Sistema Nacional de Cuidados que se piensa tener para M\u00e9xico?&nbsp;<\/strong><\/p>\n\n\n\n<p class=\"wp-block-paragraph\">No le llamaremos ya sistema. Porque creo que es una sociedad del cuidado. Porque el sistema es un poco m\u00e1s complejo y m\u00e1s que complejo yo prefiero una sociedad del cuidado.<\/p>\n\n\n\n<figure class=\"wp-block-image size-full\"><a href=\"https:\/\/redsemlac.com\/semmexico\/wp-content\/uploads\/2025\/08\/conferencia-mujer-cepal-03.png\"><img loading=\"lazy\" decoding=\"async\" width=\"751\" height=\"549\" src=\"https:\/\/redsemlac.com\/semmexico\/wp-content\/uploads\/2025\/08\/conferencia-mujer-cepal-03.png\" alt=\"\" class=\"wp-image-97711\" srcset=\"https:\/\/redsemlac.com\/semmexico\/wp-content\/uploads\/2025\/08\/conferencia-mujer-cepal-03.png 751w, https:\/\/redsemlac.com\/semmexico\/wp-content\/uploads\/2025\/08\/conferencia-mujer-cepal-03-300x219.png 300w, https:\/\/redsemlac.com\/semmexico\/wp-content\/uploads\/2025\/08\/conferencia-mujer-cepal-03-150x110.png 150w, https:\/\/redsemlac.com\/semmexico\/wp-content\/uploads\/2025\/08\/conferencia-mujer-cepal-03-696x509.png 696w\" sizes=\"auto, (max-width: 751px) 100vw, 751px\" \/><\/a><\/figure>\n\n\n\n<p class=\"wp-block-paragraph\">Lo que buscamos pues es decir, una empresa que te contrata, un seguro social que reconoce que t\u00fa vas a cuidar a esa persona y que si no la puedes cuidar, te env\u00ede alguien para acompa\u00f1arla, para curarla, para moverla. Una sociedad que reconozca el trabajo dom\u00e9stico, el trabajo de lavar, planchar, trapear, que se ha invisibilizado. Eso es, a eso me refiero cuando hablo del reconocimiento.<\/p>\n\n\n\n<p class=\"wp-block-paragraph\">Y que adem\u00e1s si t\u00fa, porque muchas mujeres van a decir, \u201cno, no, no, a m\u00ed que no venga nadie a cuidar a mi hijo, solo yo lo s\u00e9 hacer\u201d, perfecto, pero te vamos a pagar. Porque necesitamos tambi\u00e9n que adem\u00e1s de este reconocimiento haya una compensaci\u00f3n que es lo que est\u00e1 haciendo&nbsp;Claudia (Sheinbaum). Independientemente de que tengas o no una persona enferma, te est\u00e1 dando un reconocimiento por tu trabajo que has hecho al interior del hogar. Es decir, o lavando, planchando, o trapeando, o cuidando un enfermo o cuidando una persona con discapacidad, a un ni\u00f1o, a una ni\u00f1a o una adulta o a un adulto mayor. Eso es lo que queremos hacer.<\/p>\n\n\n\n<p class=\"wp-block-paragraph\">Que las empresas, que la&nbsp;salud, que la&nbsp;educaci\u00f3n&nbsp;tome en cuenta que no es responsabilidad \u00fanica y exclusivamente de las mam\u00e1s, de las mujeres de la sociedad, de las mujeres de las familias. Es una responsabilidad compartida con los hombres, con la&nbsp;<strong>sociedad civil, con todas las empresas<\/strong>&nbsp;y por supuesto con todas las dependencias de gobierno.<\/p>\n\n\n\n<figure class=\"wp-block-image size-full is-resized\"><a href=\"https:\/\/redsemlac.com\/semmexico\/wp-content\/uploads\/2025\/08\/conferencia-mujer-cepal-04.png\"><img loading=\"lazy\" decoding=\"async\" width=\"750\" height=\"537\" src=\"https:\/\/redsemlac.com\/semmexico\/wp-content\/uploads\/2025\/08\/conferencia-mujer-cepal-04.png\" alt=\"\" class=\"wp-image-97712\" style=\"aspect-ratio:1;width:820px;height:auto\" srcset=\"https:\/\/redsemlac.com\/semmexico\/wp-content\/uploads\/2025\/08\/conferencia-mujer-cepal-04.png 750w, https:\/\/redsemlac.com\/semmexico\/wp-content\/uploads\/2025\/08\/conferencia-mujer-cepal-04-300x215.png 300w, https:\/\/redsemlac.com\/semmexico\/wp-content\/uploads\/2025\/08\/conferencia-mujer-cepal-04-150x107.png 150w, https:\/\/redsemlac.com\/semmexico\/wp-content\/uploads\/2025\/08\/conferencia-mujer-cepal-04-696x498.png 696w\" sizes=\"auto, (max-width: 750px) 100vw, 750px\" \/><\/a><\/figure>\n\n\n\n<p class=\"wp-block-paragraph\"><strong>\u00bfC\u00f3mo se define hoy en d\u00eda el trabajo de cuidados?<\/strong><\/p>\n\n\n\n<p class=\"wp-block-paragraph\">Los cuidados son un conjunto de actividades que son necesarias para sostener la vida humana y que promueven la salud, por supuesto, y logran el bienestar de las personas, de todas las personas, de todas las familias, de las y los seres humanos.<\/p>\n\n\n\n<p class=\"wp-block-paragraph\">Se trata de actividades, unas son tareas directas como cuidar, como acompa\u00f1ar a personas, esas son tareas directas de cuidar.<\/p>\n\n\n\n<p class=\"wp-block-paragraph\">Hay otras que son indirectas, como la limpieza de las casas, la&nbsp;preparaci\u00f3n de los alimentos&nbsp;y que todo alrededor sea sano para una&nbsp;salud familiar.<\/p>\n","protected":false},"excerpt":{"rendered":"<p>Piden reconocer econ\u00f3micamente el trabajo de las personas cuidadoras&nbsp;\/&nbsp;Foto: Archivo Adri\u00e1n V\u00e1zquez La senadora Martha Luc\u00eda M\u00edcher Camarena coment\u00f3 que ya no se trata de tener un sistema de cuidados, sino una sociedad donde Estado, iniciativa privada y hombres asuman su responsabilidad en este tema Montserrat Maldonado SemM\u00e9xico, Cd. de M\u00e9xico, 11 de agosto, 2025.- [&hellip;]<\/p>\n","protected":false},"author":3,"featured_media":97709,"comment_status":"open","ping_status":"open","sticky":false,"template":"","format":"standard","meta":{"_monsterinsights_skip_tracking":false,"footnotes":""},"categories":[897],"tags":[],"class_list":["post-97707","post","type-post","status-publish","format-standard","has-post-thumbnail","category-especial"],"_links":{"self":[{"href":"https:\/\/redsemlac.com\/semmexico\/wp-json\/wp\/v2\/posts\/97707","targetHints":{"allow":["GET"]}}],"collection":[{"href":"https:\/\/redsemlac.com\/semmexico\/wp-json\/wp\/v2\/posts"}],"about":[{"href":"https:\/\/redsemlac.com\/semmexico\/wp-json\/wp\/v2\/types\/post"}],"author":[{"embeddable":true,"href":"https:\/\/redsemlac.com\/semmexico\/wp-json\/wp\/v2\/users\/3"}],"replies":[{"embeddable":true,"href":"https:\/\/redsemlac.com\/semmexico\/wp-json\/wp\/v2\/comments?post=97707"}],"version-history":[{"count":0,"href":"https:\/\/redsemlac.com\/semmexico\/wp-json\/wp\/v2\/posts\/97707\/revisions"}],"wp:featuredmedia":[{"embeddable":true,"href":"https:\/\/redsemlac.com\/semmexico\/wp-json\/wp\/v2\/media\/97709"}],"wp:attachment":[{"href":"https:\/\/redsemlac.com\/semmexico\/wp-json\/wp\/v2\/media?parent=97707"}],"wp:term":[{"taxonomy":"category","embeddable":true,"href":"https:\/\/redsemlac.com\/semmexico\/wp-json\/wp\/v2\/categories?post=97707"},{"taxonomy":"post_tag","embeddable":true,"href":"https:\/\/redsemlac.com\/semmexico\/wp-json\/wp\/v2\/tags?post=97707"}],"curies":[{"name":"wp","href":"https:\/\/api.w.org\/{rel}","templated":true}]}}