{"id":97693,"date":"2025-08-11T19:42:37","date_gmt":"2025-08-12T01:42:37","guid":{"rendered":"https:\/\/redsemlac.com\/semmexico\/?p=97693"},"modified":"2025-08-11T19:42:38","modified_gmt":"2025-08-12T01:42:38","slug":"con-marcha-exigen-paz-y-justicia-tras-el-asesinato-de-eva-guadalupe","status":"publish","type":"post","link":"https:\/\/redsemlac.com\/semmexico\/con-marcha-exigen-paz-y-justicia-tras-el-asesinato-de-eva-guadalupe\/","title":{"rendered":"Con marcha, exigen paz y justicia tras el asesinato de Eva Guadalupe"},"content":{"rendered":"\n<p class=\"wp-block-paragraph\"><strong><\/strong>Tras la marcha exigiendo justicia y paz por Eva, personas cercanas a ella realizaron un homenaje con veladoras frente al palacio de gobierno&nbsp;\/&nbsp;Foto: Carmen Hern\u00e1ndez \/ El Sol de Morelia<\/p>\n\n\n\n<p class=\"wp-block-paragraph\">Familiares y amigos de la joven abogada asesinada en Mil Cumbres recorrieron el Centro Hist\u00f3rico para pedir justicia y mayor seguridad en la ciudad<\/p>\n\n\n\n<p class=\"wp-block-paragraph\">Roberto P\u00e9rez<\/p>\n\n\n\n<p class=\"wp-block-paragraph\">SemM\u00e9xico \/ El Sol de Morelia, Morelia, Mich., 11 de agosto, 2025.- Tras el&nbsp;asesinato de Eva Guadalupe Almanza, joven abogada de 25 a\u00f1os, en un intento de asalto en la zona de Mil Cumbres, compa\u00f1eros y amigos se congregaron para formar un contingente y marchar pac\u00edficamente por el primer cuadro del Centro Hist\u00f3rico de&nbsp;Morelia.<\/p>\n\n\n\n<p class=\"wp-block-paragraph\">La manifestaci\u00f3n parti\u00f3 de la Fuente de Las Tarascas y concluy\u00f3 en el Palacio de Gobierno, donde se realiz\u00f3 un&nbsp;homenaje con veladoras y una manta&nbsp;con el nombre de Eva. Durante el acto, se ley\u00f3 un manifiesto que pidi\u00f3 justicia y acciones inmediatas de las autoridades para frenar la violencia en la ciudad. Un amigo cercano, quien prefiri\u00f3 omitir su nombre, expres\u00f3 que el mensaje principal de la movilizaci\u00f3n era de paz:<\/p>\n\n\n\n<p class=\"wp-block-paragraph\">M\u00e1s que nada, ese es el mensaje que queremos dar, de paz, que haya paz y seguridad en Morelia, en Michoac\u00e1n, en M\u00e9xico, que a ninguna otra mujer le vuelva a pasar algo similar.<\/p>\n\n\n\n<p class=\"wp-block-paragraph\">Sobre Eva, record\u00f3 que&nbsp;<strong>se gradu\u00f3 hace un a\u00f1o de la Universidad La Salle<\/strong>&nbsp;y reci\u00e9n hab\u00eda iniciado su etapa profesional en un despacho de abogados.<\/p>\n\n\n\n<p class=\"wp-block-paragraph\">El asesinato ocurri\u00f3 el pasado 1 de agosto<\/p>\n\n\n\n<p class=\"wp-block-paragraph\">De acuerdo con la carpeta de investigaci\u00f3n, el crimen estar\u00eda relacionado con el&nbsp;<strong>robo con violencia de un Jeep Wrangler blanco<\/strong>, registrado minutos antes de que la v\u00edctima transitara por la vialidad que conecta a Charo con Morelia. En ese punto fue interceptada por sujetos armados.<\/p>\n\n\n\n<p class=\"wp-block-paragraph\">En atenci\u00f3n a los reportes, personal especializado en feminicidio acudi\u00f3 al lugar para procesar la escena del crimen y recolect\u00f3&nbsp;<strong>indicios bal\u00edsticos calibre 7.62<\/strong>, que ser\u00e1n analizados para determinar si est\u00e1n vinculados con otras agresiones en la regi\u00f3n. El cuerpo de la joven fue trasladado al&nbsp;<strong>Servicio M\u00e9dico Forense<\/strong>&nbsp;para los efectos de ley.<\/p>\n\n\n\n<figure class=\"wp-block-image size-large\"><a href=\"https:\/\/redsemlac.com\/semmexico\/wp-content\/uploads\/2025\/08\/eva-guadalupe-02.png\"><img loading=\"lazy\" decoding=\"async\" width=\"1024\" height=\"576\" src=\"https:\/\/redsemlac.com\/semmexico\/wp-content\/uploads\/2025\/08\/eva-guadalupe-02-1024x576.png\" alt=\"\" class=\"wp-image-97695\" srcset=\"https:\/\/redsemlac.com\/semmexico\/wp-content\/uploads\/2025\/08\/eva-guadalupe-02-1024x576.png 1024w, https:\/\/redsemlac.com\/semmexico\/wp-content\/uploads\/2025\/08\/eva-guadalupe-02-300x169.png 300w, https:\/\/redsemlac.com\/semmexico\/wp-content\/uploads\/2025\/08\/eva-guadalupe-02-768x432.png 768w, https:\/\/redsemlac.com\/semmexico\/wp-content\/uploads\/2025\/08\/eva-guadalupe-02-150x84.png 150w, https:\/\/redsemlac.com\/semmexico\/wp-content\/uploads\/2025\/08\/eva-guadalupe-02-696x392.png 696w, https:\/\/redsemlac.com\/semmexico\/wp-content\/uploads\/2025\/08\/eva-guadalupe-02-1068x601.png 1068w, https:\/\/redsemlac.com\/semmexico\/wp-content\/uploads\/2025\/08\/eva-guadalupe-02.png 1200w\" sizes=\"auto, (max-width: 1024px) 100vw, 1024px\" \/><\/a><\/figure>\n\n\n\n<p class=\"wp-block-paragraph\">Amigas y compa\u00f1eras de Eva sosteniendo una foto y una lona durante la manifestaci\u00f3n\u00a0\/\u00a0Foto: Roberto P\u00e9rez \/ El Sol de Morelia<\/p>\n\n\n\n<p class=\"wp-block-paragraph\"><strong>\u00daltimas acciones de la FGE<\/strong><\/p>\n\n\n\n<p class=\"wp-block-paragraph\">Con relaci\u00f3n al homicidio de Eva Guadalupe, la&nbsp;Fiscal\u00eda General del Estado (FGE)&nbsp;inform\u00f3 que esta semana intensific\u00f3 las acciones operativas en la zona y llev\u00f3 a cabo m\u00e1s de 20 diligencias.<\/p>\n\n\n\n<p class=\"wp-block-paragraph\">En apego al&nbsp;Protocolo de Actuaci\u00f3n de Investigaci\u00f3n del Delito de Feminicidio&nbsp;y bajo la coordinaci\u00f3n del Ministerio P\u00fablico, polic\u00edas y personal pericial realizaron inspecciones en distintos puntos de la regi\u00f3n de Mil Cumbres, as\u00ed como entrevistas a familiares. Con apoyo de servicio a\u00e9reo y en colaboraci\u00f3n con la Secretar\u00eda de la Defensa Nacional (Sedena), Guardia Nacional y Guardia Civil, se reforz\u00f3 el operativo en la zona.<\/p>\n\n\n\n<p class=\"wp-block-paragraph\">De igual forma, se sostuvieron tres&nbsp;acercamientos con familiares de la v\u00edctima&nbsp;para informarles sobre los avances. Actualmente se contin\u00faa con el&nbsp;an\u00e1lisis de videos y la comparativa de indicios bal\u00edsticos&nbsp;recolectados en otros hechos. La FGE reiter\u00f3 su compromiso de agotar todas las l\u00edneas de investigaci\u00f3n para esclarecer el caso.<\/p>\n\n\n\n<p class=\"wp-block-paragraph\"><strong>\u201cMorelia ya no es como antes\u201d<\/strong><\/p>\n\n\n\n<p class=\"wp-block-paragraph\">Los manifestantes denunciaron que&nbsp;la inseguridad en Morelia ha aumentado, especialmente en la zona de Mil Cumbres, donde se han registrado robos de veh\u00edculos y asaltos.<\/p>\n\n\n\n<p class=\"wp-block-paragraph\">\u201cYa no es seguro Morelia&nbsp;como antes. Antes pod\u00edas salir a las 10 u 11 de la noche tranquilo, ahora no. Esperemos que vuelva a ser como lo record\u00e1bamos\u201d, coment\u00f3 el joven entrevistado.<\/p>\n\n\n\n<p class=\"wp-block-paragraph\">Resaltaron que <strong>las&nbsp;autoridades actuaron con rapidez en otros casos<\/strong>&nbsp;recientes, como el robo de una camioneta a la presidenta&nbsp; del Congreso del Estado, Giuliana Begasrini, pero lamentaron que en el caso de Eva el desenlace fuera fatal.<\/p>\n\n\n\n<p class=\"wp-block-paragraph\">Integrantes de la comunidad de La Salle y amistades cercanas han realizado&nbsp;misas y campa\u00f1as en redes sociales&nbsp;para visibilizar el caso, lo que impuls\u00f3 la asistencia a la manifestaci\u00f3n.<\/p>\n\n\n\n<p class=\"wp-block-paragraph\">A lo mejor, si no hubi\u00e9semos hecho este activismo, pudo haber sido solo otro n\u00famero en la estad\u00edstica. Por eso hoy nos manifestamos<em> Manifestantes durante la marcha<\/em><\/p>\n","protected":false},"excerpt":{"rendered":"<p>Tras la marcha exigiendo justicia y paz por Eva, personas cercanas a ella realizaron un homenaje con veladoras frente al palacio de gobierno&nbsp;\/&nbsp;Foto: Carmen Hern\u00e1ndez \/ El Sol de Morelia Familiares y amigos de la joven abogada asesinada en Mil Cumbres recorrieron el Centro Hist\u00f3rico para pedir justicia y mayor seguridad en la ciudad Roberto [&hellip;]<\/p>\n","protected":false},"author":3,"featured_media":97694,"comment_status":"open","ping_status":"open","sticky":false,"template":"","format":"standard","meta":{"_monsterinsights_skip_tracking":false,"footnotes":""},"categories":[48],"tags":[],"class_list":["post-97693","post","type-post","status-publish","format-standard","has-post-thumbnail","category-no-mas-impunidad-no-mas-impunidad"],"_links":{"self":[{"href":"https:\/\/redsemlac.com\/semmexico\/wp-json\/wp\/v2\/posts\/97693","targetHints":{"allow":["GET"]}}],"collection":[{"href":"https:\/\/redsemlac.com\/semmexico\/wp-json\/wp\/v2\/posts"}],"about":[{"href":"https:\/\/redsemlac.com\/semmexico\/wp-json\/wp\/v2\/types\/post"}],"author":[{"embeddable":true,"href":"https:\/\/redsemlac.com\/semmexico\/wp-json\/wp\/v2\/users\/3"}],"replies":[{"embeddable":true,"href":"https:\/\/redsemlac.com\/semmexico\/wp-json\/wp\/v2\/comments?post=97693"}],"version-history":[{"count":0,"href":"https:\/\/redsemlac.com\/semmexico\/wp-json\/wp\/v2\/posts\/97693\/revisions"}],"wp:featuredmedia":[{"embeddable":true,"href":"https:\/\/redsemlac.com\/semmexico\/wp-json\/wp\/v2\/media\/97694"}],"wp:attachment":[{"href":"https:\/\/redsemlac.com\/semmexico\/wp-json\/wp\/v2\/media?parent=97693"}],"wp:term":[{"taxonomy":"category","embeddable":true,"href":"https:\/\/redsemlac.com\/semmexico\/wp-json\/wp\/v2\/categories?post=97693"},{"taxonomy":"post_tag","embeddable":true,"href":"https:\/\/redsemlac.com\/semmexico\/wp-json\/wp\/v2\/tags?post=97693"}],"curies":[{"name":"wp","href":"https:\/\/api.w.org\/{rel}","templated":true}]}}