{"id":97679,"date":"2025-08-11T17:00:00","date_gmt":"2025-08-11T23:00:00","guid":{"rendered":"https:\/\/redsemlac.com\/semmexico\/?p=97679"},"modified":"2025-08-11T17:02:32","modified_gmt":"2025-08-11T23:02:32","slug":"urge-abogada-andrea-medina-a-evitar-que-se-garantice-en-la-ley-la-explotacion-sexual-de-las-mujeres","status":"publish","type":"post","link":"https:\/\/redsemlac.com\/semmexico\/urge-abogada-andrea-medina-a-evitar-que-se-garantice-en-la-ley-la-explotacion-sexual-de-las-mujeres\/","title":{"rendered":"Urge abogada Andrea Medina a evitar que se garantice en la ley la explotaci\u00f3n sexual de las mujeres"},"content":{"rendered":"\n<p class=\"wp-block-paragraph\">Rafael Maya<\/p>\n\n\n\n<p class=\"wp-block-paragraph\">SemM\u00e9xico, Cd. de M\u00e9xico, 11 de agosto, 2025.- La abogada feminista Andrea Medina Rosas advirti\u00f3 que los Estados tienen la obligaci\u00f3n de eliminar las construcciones culturales que permiten la explotaci\u00f3n sexual y la prostituci\u00f3n de las mujeres, as\u00ed como la trata de personas.<\/p>\n\n\n\n<p class=\"wp-block-paragraph\">En su ponencia durante el Foro Alterno Feminista, realizado este lunes 11 de agosto en la C\u00e1mara de Diputados, Medina Rosas se pronunci\u00f3 por la eliminaci\u00f3n de \u201clas construcciones culturales que legitiman la mercantilizaci\u00f3n de las personas y la normalizaci\u00f3n del consumo y pago por personas, ya sea en totalidad o por tiempos espec\u00edficos\u201d.<\/p>\n\n\n\n<p class=\"wp-block-paragraph\">Lo anterior, de cara a la XVI Conferencia Regional sobre la Mujer de Am\u00e9rica Latina (AL) y el Caribe, organizada por la Comisi\u00f3n Econ\u00f3mica para Am\u00e9rica Latina y el Caribe (CEPAL), y que ser\u00e1 inaugurada este martes 12 de agosto por la presidenta de M\u00e9xico, Claudia Sheinbaum Pardo, en Palacio Nacional.<\/p>\n\n\n\n<p class=\"wp-block-paragraph\">Las m\u00e1s de 60 reuniones de trabajo de la XVI Conferencia Regional se llevar\u00e1n a cabo en el Centro Cultural Universitario Tlatelolco, del 12 al 15 de agosto. En este foro participan parlamentarias, funcionarias y activistas de AL y el Caribe, con el objetivo de debatir y avanzar en la construcci\u00f3n de una sociedad de cuidados, como eje central.<\/p>\n\n\n\n<p class=\"wp-block-paragraph\">En tanto, en el Foro Alterno Feminista participaron 320 mujeres de 11 pa\u00edses, que al margen de la Conferencia Regional de la CEPAL debatieron sobre los problemas m\u00e1s urgentes para la poblaci\u00f3n femenina de pa\u00edses como Argentina, Brasil, Costa Rica, Colombia, Chile, Ecuador, El Salvador, Guatemala, y por supuesto M\u00e9xico.<\/p>\n\n\n\n<p class=\"wp-block-paragraph\">El Foro Alterno Feminista se dio en un entorno de pol\u00e9mica, luego de que feministas abolicionistas de la explotaci\u00f3n sexual y la prostituci\u00f3n en AL denunciaron haber sido excluidas de la Conferencia Regional, en lo que llamaron una \u201ccensura ideol\u00f3gica\u201d.<\/p>\n\n\n\n<p class=\"wp-block-paragraph\">Cuestionamientos a los objetivos de la Conferencia Regional<\/p>\n\n\n\n<p class=\"wp-block-paragraph\">En su ponencia en el Foro Alterno Feminista, la abogada Andrea Medina abord\u00f3 la preocupaci\u00f3n de que en la Conferencia Regional de la CEPAL se proponga incorporar en las leyes a las actividades de cuidado y la prostituci\u00f3n como si fueran derechos al trabajo.<\/p>\n\n\n\n<p class=\"wp-block-paragraph\">La defensora de los derechos de las mujeres se\u00f1al\u00f3 que lo anterior es contrario a lo estipulado en la Convenci\u00f3n sobre la Eliminaci\u00f3n de todas las formas de Discriminaci\u00f3n contra la Mujer (CEDAW).<\/p>\n\n\n\n<p class=\"wp-block-paragraph\">\u201cLa Convenci\u00f3n acuerda expresamente, en su art\u00edculo sexto, la obligaci\u00f3n de todos los Estados de tomar todas las medidas apropiadas para suprimir todas las formas de trata de mujeres y explotaci\u00f3n de la prostituci\u00f3n de la mujer\u201d, aclar\u00f3 Medina Rosas.<\/p>\n\n\n\n<p class=\"wp-block-paragraph\">Al abordar varios art\u00edculos de la CEDAW, la jurista argument\u00f3 que los Estados deben tomar todas las medidas a su alcance, incluidas las legislativas, para eliminar los prejuicios y pr\u00e1cticas consuetudinarias \u201cbasados en la idea de la inferioridad o superioridad de cualquiera de los sexos o en funciones estereotipadas de hombres y de mujeres\u201d.<\/p>\n\n\n\n<p class=\"wp-block-paragraph\">La abogada, quien particip\u00f3 en el caso \u201cCampo algodonero\u201d, con el que la Corte Interamericana de Derechos Humanos sancion\u00f3 al M\u00e9xico por el feminicidio en Ciudad Ju\u00e1rez, recalc\u00f3 que seg\u00fan el art\u00edculo 11 de la CEDAW, las mujeres tienen derecho a acceder al trabajo en igualdad de condiciones con los hombres, y con todas las garant\u00edas en cuanto a oportunidades, prestaciones, remuneraci\u00f3n, seguridad social, salud y salvaguarda de la funci\u00f3n reproductiva.<\/p>\n\n\n\n<p class=\"wp-block-paragraph\">\u201cLa deliberada confusi\u00f3n de hacer creer que la discriminaci\u00f3n contra las mujeres, en particular por la prostituci\u00f3n y las actividades de cuidado no valoradas social y econ\u00f3micamente, se resolver\u00e1n al dar un reconocimiento jur\u00eddico de dichas actividades como trabajo asalariado, rompe con los elementos b\u00e1sicos del trabajo digno y pone en riesgo la distinci\u00f3n jur\u00eddica de la esclavitud, la servidumbre y la explotaci\u00f3n en relaci\u00f3n al trabajo\u201d, concluy\u00f3 Andrea Medina Rosas.<\/p>\n","protected":false},"excerpt":{"rendered":"<p>Rafael Maya SemM\u00e9xico, Cd. de M\u00e9xico, 11 de agosto, 2025.- La abogada feminista Andrea Medina Rosas advirti\u00f3 que los Estados tienen la obligaci\u00f3n de eliminar las construcciones culturales que permiten la explotaci\u00f3n sexual y la prostituci\u00f3n de las mujeres, as\u00ed como la trata de personas. En su ponencia durante el Foro Alterno Feminista, realizado este [&hellip;]<\/p>\n","protected":false},"author":3,"featured_media":97680,"comment_status":"open","ping_status":"open","sticky":false,"template":"","format":"standard","meta":{"_monsterinsights_skip_tracking":false,"footnotes":""},"categories":[51],"tags":[],"class_list":["post-97679","post","type-post","status-publish","format-standard","has-post-thumbnail","category-ejecutivo"],"_links":{"self":[{"href":"https:\/\/redsemlac.com\/semmexico\/wp-json\/wp\/v2\/posts\/97679","targetHints":{"allow":["GET"]}}],"collection":[{"href":"https:\/\/redsemlac.com\/semmexico\/wp-json\/wp\/v2\/posts"}],"about":[{"href":"https:\/\/redsemlac.com\/semmexico\/wp-json\/wp\/v2\/types\/post"}],"author":[{"embeddable":true,"href":"https:\/\/redsemlac.com\/semmexico\/wp-json\/wp\/v2\/users\/3"}],"replies":[{"embeddable":true,"href":"https:\/\/redsemlac.com\/semmexico\/wp-json\/wp\/v2\/comments?post=97679"}],"version-history":[{"count":0,"href":"https:\/\/redsemlac.com\/semmexico\/wp-json\/wp\/v2\/posts\/97679\/revisions"}],"wp:featuredmedia":[{"embeddable":true,"href":"https:\/\/redsemlac.com\/semmexico\/wp-json\/wp\/v2\/media\/97680"}],"wp:attachment":[{"href":"https:\/\/redsemlac.com\/semmexico\/wp-json\/wp\/v2\/media?parent=97679"}],"wp:term":[{"taxonomy":"category","embeddable":true,"href":"https:\/\/redsemlac.com\/semmexico\/wp-json\/wp\/v2\/categories?post=97679"},{"taxonomy":"post_tag","embeddable":true,"href":"https:\/\/redsemlac.com\/semmexico\/wp-json\/wp\/v2\/tags?post=97679"}],"curies":[{"name":"wp","href":"https:\/\/api.w.org\/{rel}","templated":true}]}}