{"id":9758,"date":"2019-07-15T17:52:47","date_gmt":"2019-07-15T17:52:47","guid":{"rendered":"https:\/\/redsemlac.com\/semmexico\/?p=9758"},"modified":"2023-07-21T14:50:42","modified_gmt":"2023-07-21T19:50:42","slug":"en-xalapa-denuncian-a-guardia-nacional-por-golpear-y-robar-a-mujer","status":"publish","type":"post","link":"https:\/\/redsemlac.com\/semmexico\/en-xalapa-denuncian-a-guardia-nacional-por-golpear-y-robar-a-mujer\/","title":{"rendered":"En Xalapa, denuncian a Guardia Nacional por golpear y robar a mujer"},"content":{"rendered":"\n<p class=\"wp-block-paragraph\"><strong><em>La denuncia fue presentada ante la Fiscal\u00eda General del Estado debido a\nlas agresiones de las que fue v\u00edctima y el robo de dinero y algunos art\u00edculos\nde su veh\u00edculo<\/em><\/strong><\/p>\n\n\n\n<p class=\"wp-block-paragraph\"><strong>Ana Alicia Osorio<\/strong><\/p>\n\n\n\n<p class=\"wp-block-paragraph\">SemM\u00e9xico. Veracruz. 15 de julio 2019.- Durante la noche del\ns\u00e1bado personal de la Guardia Nacional y Polic\u00edas Estatal golpe\u00f3, arrest\u00f3 y\nrob\u00f3 pertenencias a Deyanira L\u00f3pez, seg\u00fan acus\u00f3. <\/p>\n\n\n\n<p class=\"wp-block-paragraph\">Afirm\u00f3 que ya present\u00f3 la denuncia ante la Fiscal\u00eda General\ndel Estado debido a las agresiones de las que fue v\u00edctima y el robo de dinero y\nalgunos art\u00edculos de su veh\u00edculo. <\/p>\n\n\n\n<p class=\"wp-block-paragraph\">La mujer explic\u00f3 que sali\u00f3 cerca de las 10 de la noche de\ncasa de unas amistades en la ciudad de Xalapa, en Veracruz,&nbsp; y en la calle Circuito Presidentes se\nencontr\u00f3 con un ret\u00e9n donde los elementos que se encontraban se identificaron\ncomo parte de la Guardia Nacional. <\/p>\n\n\n\n<p class=\"wp-block-paragraph\">Dijo que en el sitio comenzaron a revisar la camioneta en la\nque se transportaba, pero cuando le pidieron que se bajara se percat\u00f3 que\nsolamente hab\u00eda elementos hombres por lo que pidi\u00f3 que llegaran mujeres para\nhacerle la revisi\u00f3n. <\/p>\n\n\n\n<p class=\"wp-block-paragraph\">&nbsp;\u201cLe dije que no me\nvoy a dejar revisar ni tocar por un oficial, si quieren que me baje de la\nunidad para que me hagan la inspecci\u00f3n por favor necesito una oficial mujer\u201d,\ncont\u00f3. <\/p>\n\n\n\n<p class=\"wp-block-paragraph\">&nbsp;\u201cCuando llegaron\nestas dos personas que eran oficiales muy bajitas, me abrieron inmediatamente\nla puerta, me quitaron el cintur\u00f3n y de los pelos, del cabello me sometieron y\nme aventaron contra mi veh\u00edculo\u201d, narr\u00f3. <\/p>\n\n\n\n<p class=\"wp-block-paragraph\">Explic\u00f3 que ella pidi\u00f3 oficiales mujeres puesto que sent\u00eda\nque iba a estar m\u00e1s segura, pero recibi\u00f3 golpes en la cara y los jalones de\ncabello. <\/p>\n\n\n\n<p class=\"wp-block-paragraph\">Deyanira coment\u00f3 que su primer impulso fue defenderse del\ngolpe, por lo que empuj\u00f3 a una oficial lo que solamente sirvi\u00f3 para que\ncontinuaran las agresiones. <\/p>\n\n\n\n<p class=\"wp-block-paragraph\">&nbsp;\u201cTodav\u00eda cuando me\nestaban sometiendo me dec\u00edan pues ves esto es la Guardia Nacional que no se te\nolvide y me lo gritaban\u201d, asegur\u00f3. <\/p>\n\n\n\n<p class=\"wp-block-paragraph\">Los siguientes minutos fueron de incertidumbre pues cont\u00f3,\nque la detuvieron y no le quisieron decir a donde la llevaban ni lo que har\u00edan\ncon su unidad. <\/p>\n\n\n\n<p class=\"wp-block-paragraph\">Al llegar al Cuartel de San Jos\u00e9, dijo, le permitieron ir\npor su cartera que estaba en el veh\u00edculo y se percat\u00f3 que faltaba dinero pero\nten\u00eda lo suficiente a\u00fan para pagar los 300 pesos que le pidieron por la falta y\ndejarla en libertad. <\/p>\n\n\n\n<p class=\"wp-block-paragraph\">&nbsp;\u201cEn el inventario que\nellos manejan que dicen que es cuesti\u00f3n de los que se dedican a esto de las\ngr\u00faas, el inventario dice que mi carro no llevaba tapetes, no llevaba\nherramientas, que iba volteado de la facia (\u2026) yo alcanc\u00e9 a ver cuando estaban\nsacando mi maleta de herramientas\u201d, indic\u00f3. <\/p>\n\n\n\n<p class=\"wp-block-paragraph\">Deyanira cont\u00f3 que recurrir\u00e1 tambi\u00e9n a la Comisi\u00f3n de\nDerechos Humanos para solicitar su apoyo ante los maltratos y el abuso de\nautoridad que vivi\u00f3.<\/p>\n","protected":false},"excerpt":{"rendered":"<p>La denuncia fue presentada ante la Fiscal\u00eda General del Estado debido a las agresiones de las que fue v\u00edctima y el robo de dinero y algunos art\u00edculos de su veh\u00edculo<\/p>\n","protected":false},"author":3,"featured_media":9759,"comment_status":"open","ping_status":"open","sticky":false,"template":"","format":"standard","meta":{"_monsterinsights_skip_tracking":false,"footnotes":""},"categories":[690,54],"tags":[],"class_list":["post-9758","post","type-post","status-publish","format-standard","has-post-thumbnail","category-690","category-mujeres"],"_links":{"self":[{"href":"https:\/\/redsemlac.com\/semmexico\/wp-json\/wp\/v2\/posts\/9758","targetHints":{"allow":["GET"]}}],"collection":[{"href":"https:\/\/redsemlac.com\/semmexico\/wp-json\/wp\/v2\/posts"}],"about":[{"href":"https:\/\/redsemlac.com\/semmexico\/wp-json\/wp\/v2\/types\/post"}],"author":[{"embeddable":true,"href":"https:\/\/redsemlac.com\/semmexico\/wp-json\/wp\/v2\/users\/3"}],"replies":[{"embeddable":true,"href":"https:\/\/redsemlac.com\/semmexico\/wp-json\/wp\/v2\/comments?post=9758"}],"version-history":[{"count":0,"href":"https:\/\/redsemlac.com\/semmexico\/wp-json\/wp\/v2\/posts\/9758\/revisions"}],"wp:featuredmedia":[{"embeddable":true,"href":"https:\/\/redsemlac.com\/semmexico\/wp-json\/wp\/v2\/media\/9759"}],"wp:attachment":[{"href":"https:\/\/redsemlac.com\/semmexico\/wp-json\/wp\/v2\/media?parent=9758"}],"wp:term":[{"taxonomy":"category","embeddable":true,"href":"https:\/\/redsemlac.com\/semmexico\/wp-json\/wp\/v2\/categories?post=9758"},{"taxonomy":"post_tag","embeddable":true,"href":"https:\/\/redsemlac.com\/semmexico\/wp-json\/wp\/v2\/tags?post=9758"}],"curies":[{"name":"wp","href":"https:\/\/api.w.org\/{rel}","templated":true}]}}