{"id":97554,"date":"2025-08-06T10:18:21","date_gmt":"2025-08-06T16:18:21","guid":{"rendered":"https:\/\/redsemlac.com\/semmexico\/?p=97554"},"modified":"2025-08-06T10:18:22","modified_gmt":"2025-08-06T16:18:22","slug":"america-latina-crecera-solo-22-en-2025-mexico-solo-1-la-mitad-que-en-2024","status":"publish","type":"post","link":"https:\/\/redsemlac.com\/semmexico\/america-latina-crecera-solo-22-en-2025-mexico-solo-1-la-mitad-que-en-2024\/","title":{"rendered":"Am\u00e9rica Latina crecer\u00e1 solo 2,2% en 2025, M\u00e9xico s\u00f3lo 1% la\u00a0 mitad que en 2024"},"content":{"rendered":"\n<p class=\"wp-block-paragraph\">Complejo portuario e industrial de Pec\u00e9m, Brasil.<\/p>\n\n\n\n<p class=\"wp-block-paragraph\">Mariana Ceratti<\/p>\n\n\n\n<p class=\"wp-block-paragraph\">SemM\u00e9xico\/Banco Mundial\/Noticias ONU, Ciudad de M\u00e9xico, 6 de agosto, 2025.- El panorama mundial y regional para el bienio 2025-2026 est\u00e1 sujeto a una elevada incertidumbre y la din\u00e1mica de crecimiento de las econom\u00edas de la regi\u00f3n podr\u00eda deteriorarse a causa de un aumento de los riesgos globales, seg\u00fan el informe anual de comisi\u00f3n econ\u00f3mica de la ONU para la regi\u00f3n.<\/p>\n\n\n\n<p class=\"wp-block-paragraph\">Centroam\u00e9rica y M\u00e9xico tendr\u00edan un crecimiento del&nbsp;1,0%, casi la mitad de la expansi\u00f3n del 1,8% registrado en 2024, a causa del&nbsp;debilitamiento de la demanda externa, especialmente desde Estados Unidos.<\/p>\n\n\n\n<p class=\"wp-block-paragraph\">El periodo de bajo crecimiento continuar\u00e1 en Am\u00e9rica Latina y el Caribe este a\u00f1o debido, en gran parte, a una demanda interna d\u00e9bil caracterizada por la&nbsp;<strong>desaceleraci\u00f3n del consumo privado y al entorno internacional desfavorable<\/strong>, seg\u00fan previsiones del ente econ\u00f3mico de la ONU para la regi\u00f3n.<\/p>\n\n\n\n<p class=\"wp-block-paragraph\">La Comisi\u00f3n Econ\u00f3mica para Am\u00e9rica Latina y el Caribe CEPAL se\u00f1al\u00f3 este martes que el escenario macroecon\u00f3mico regional para 2025-2026 estar\u00e1 marcado por un menor dinamismo de la demanda agregada interna y un impulso externo limitado, dando como resultado un&nbsp;crecimiento de apenas 2,2% en 2025 y 2,3% en 2026.<\/p>\n\n\n\n<p class=\"wp-block-paragraph\">En su informe anual, la CEPAL advirti\u00f3 que el panorama global y regional para 2025 y 2026 est\u00e1 sujeto a una&nbsp;<strong>elevada incertidumbre<\/strong>&nbsp;y que la din\u00e1mica de crecimiento de las econom\u00edas de la regi\u00f3n podr\u00eda deteriorarse a causa de un aumento de los riesgos globales.<\/p>\n\n\n\n<p class=\"wp-block-paragraph\">El estudio precisa que el desempe\u00f1o de las econom\u00edas de la regi\u00f3n est\u00e1 en l\u00ednea con la moderaci\u00f3n del crecimiento econ\u00f3mico mundial debida a&nbsp;las tensiones y fragmentaci\u00f3n geoecon\u00f3mica, las condiciones financieras restrictivas, el debilitamiento del comercio internacional y los conflictos b\u00e9licos, entre otros factores.<\/p>\n\n\n\n<p class=\"wp-block-paragraph\">Adem\u00e1s, la vulnerabilidad externa se ha acentuado y se reflejada en el aumento proyectado del&nbsp;d\u00e9ficit de la cuenta corriente y en la mayor dependencia del capital externo, apunta el informe, detallando que para el bienio 2025-2026, la balanza de pagos de la regi\u00f3n seguir\u00e1 siendo impactada por distintos riesgos, tales como el agravamiento de los conflictos geopol\u00edticos, la volatilidad de los precios de los productos b\u00e1sicos y la desaceleraci\u00f3n sincronizada de las principales econom\u00edas del mundo.<\/p>\n\n\n\n<p class=\"wp-block-paragraph\">La CEPAL Calcula tambi\u00e9n un&nbsp;menor crecimiento del empleo&nbsp;y una mayor desocupaci\u00f3n que en a\u00f1os anteriores, alcanzando un 5,6%,<\/p>\n\n\n\n<p class=\"wp-block-paragraph\">La inflaci\u00f3n regional, en tanto, se mantendr\u00eda estable, aunque con riesgos de&nbsp;<strong>presiones al alza<\/strong>.<\/p>\n\n\n\n<p class=\"wp-block-paragraph\"><strong>Sudam\u00e9rica<\/strong><\/p>\n\n\n\n<p class=\"wp-block-paragraph\">El informe destaca que la actividad econ\u00f3mica diferir\u00e1 ampliamente entre subregiones y pa\u00edses, con Am\u00e9rica del Sur avanzando un&nbsp;2,7% en 2025, por encima del promedio regional, sustentada principalmente en la&nbsp;recuperaci\u00f3n de Argentina y Ecuador, el repunte del crecimiento en Colombia y la s\u00f3lida expansi\u00f3n de Paraguay.<\/p>\n\n\n\n<p class=\"wp-block-paragraph\">Sin embargo, el resto de los pa\u00edses de la subregi\u00f3n registrar\u00e1n una desaceleraci\u00f3n respecto a 2024.<\/p>\n\n\n\n<p class=\"wp-block-paragraph\">Para 2026, el crecimiento de Am\u00e9rica del Sur volver\u00eda a moderarse, alcanzando un 2,4%.<\/p>\n\n\n\n<p class=\"wp-block-paragraph\">Centroam\u00e9rica y M\u00e9xico<\/p>\n\n\n\n<p class=\"wp-block-paragraph\">Centroam\u00e9rica y M\u00e9xico tendr\u00edan un crecimiento del&nbsp;1,0%, casi la mitad de la expansi\u00f3n del 1,8% registrado en 2024, a causa del&nbsp;debilitamiento de la demanda externa, especialmente desde Estados Unidos.<\/p>\n\n\n\n<p class=\"wp-block-paragraph\">Pa\u00edses como&nbsp;Guatemala, Panam\u00e1 y Rep\u00fablica Dominicana&nbsp;mostrar\u00e1n, no obstante, un desempe\u00f1o m\u00e1s din\u00e1mico, con tasas superiores al 3,5%, gracias al empuje del sector servicios, el consumo privado y las remesas.<\/p>\n\n\n\n<p class=\"wp-block-paragraph\">Para 2026, se anticipa una leve recuperaci\u00f3n al 1,7%, aunque la subregi\u00f3n seguir\u00e1 siendo altamente vulnerable a choques externos por su&nbsp;dependencia estructural de la econom\u00eda estadounidense&nbsp;en los \u00e1mbitos comercial, financiero y migratorio.<\/p>\n\n\n\n<p class=\"wp-block-paragraph\"><strong>El Caribe<\/strong><\/p>\n\n\n\n<p class=\"wp-block-paragraph\">En el Caribe (excluyendo a Guyana), la CEPAL prev\u00e9 un crecimiento&nbsp;del 1,8% en 2025 y 1,7% en 2026, una desaceleraci\u00f3n respecto a 2024, que se explica por el menor crecimiento del PIB de Estados Unidos, y la consecuente&nbsp;reducci\u00f3n de la demanda de servicios tur\u00edsticos, adem\u00e1s de la menor demanda global de servicios.<\/p>\n\n\n\n<p class=\"wp-block-paragraph\">La subregi\u00f3n sigue enfrentando&nbsp;<strong>altos costos de importaci\u00f3n de energ\u00eda y transporte<\/strong>, as\u00ed como una marcada exposici\u00f3n a desastres naturales, factores que afectan su posici\u00f3n externa y nivel de endeudamiento.<\/p>\n\n\n\n<p class=\"wp-block-paragraph\">En contraste,&nbsp;Guyana&nbsp;mantendr\u00eda tasas de crecimiento elevadas, gracias a la continuidad de las inversiones en el sector hidrocarburos.<\/p>\n","protected":false},"excerpt":{"rendered":"<p>Complejo portuario e industrial de Pec\u00e9m, Brasil. Mariana Ceratti SemM\u00e9xico\/Banco Mundial\/Noticias ONU, Ciudad de M\u00e9xico, 6 de agosto, 2025.- El panorama mundial y regional para el bienio 2025-2026 est\u00e1 sujeto a una elevada incertidumbre y la din\u00e1mica de crecimiento de las econom\u00edas de la regi\u00f3n podr\u00eda deteriorarse a causa de un aumento de los riesgos [&hellip;]<\/p>\n","protected":false},"author":3,"featured_media":97555,"comment_status":"open","ping_status":"open","sticky":false,"template":"","format":"standard","meta":{"_monsterinsights_skip_tracking":false,"footnotes":""},"categories":[702],"tags":[],"class_list":["post-97554","post","type-post","status-publish","format-standard","has-post-thumbnail","category-economia"],"_links":{"self":[{"href":"https:\/\/redsemlac.com\/semmexico\/wp-json\/wp\/v2\/posts\/97554","targetHints":{"allow":["GET"]}}],"collection":[{"href":"https:\/\/redsemlac.com\/semmexico\/wp-json\/wp\/v2\/posts"}],"about":[{"href":"https:\/\/redsemlac.com\/semmexico\/wp-json\/wp\/v2\/types\/post"}],"author":[{"embeddable":true,"href":"https:\/\/redsemlac.com\/semmexico\/wp-json\/wp\/v2\/users\/3"}],"replies":[{"embeddable":true,"href":"https:\/\/redsemlac.com\/semmexico\/wp-json\/wp\/v2\/comments?post=97554"}],"version-history":[{"count":0,"href":"https:\/\/redsemlac.com\/semmexico\/wp-json\/wp\/v2\/posts\/97554\/revisions"}],"wp:featuredmedia":[{"embeddable":true,"href":"https:\/\/redsemlac.com\/semmexico\/wp-json\/wp\/v2\/media\/97555"}],"wp:attachment":[{"href":"https:\/\/redsemlac.com\/semmexico\/wp-json\/wp\/v2\/media?parent=97554"}],"wp:term":[{"taxonomy":"category","embeddable":true,"href":"https:\/\/redsemlac.com\/semmexico\/wp-json\/wp\/v2\/categories?post=97554"},{"taxonomy":"post_tag","embeddable":true,"href":"https:\/\/redsemlac.com\/semmexico\/wp-json\/wp\/v2\/tags?post=97554"}],"curies":[{"name":"wp","href":"https:\/\/api.w.org\/{rel}","templated":true}]}}