{"id":97550,"date":"2025-08-06T07:06:53","date_gmt":"2025-08-06T13:06:53","guid":{"rendered":"https:\/\/redsemlac.com\/semmexico\/?p=97550"},"modified":"2025-08-06T07:07:01","modified_gmt":"2025-08-06T13:07:01","slug":"resistimos-festival-de-documentales-creado-por-mujeres-celebra-su-cuarta-edicion","status":"publish","type":"post","link":"https:\/\/redsemlac.com\/semmexico\/resistimos-festival-de-documentales-creado-por-mujeres-celebra-su-cuarta-edicion\/","title":{"rendered":"Resistimos, festival de documentales creado por mujeres celebra su cuarta edici\u00f3n"},"content":{"rendered":"\n<p class=\"wp-block-paragraph\">El documental \u201cCrucificada\u201d forma parte del festival Resistimos\u00a0\/\u00a0Cortes\u00eda: Tlacua Films<\/p>\n\n\n\n<p class=\"wp-block-paragraph\">CdMx, Monterrey, Puebla, M\u00e9rida y Quer\u00e9taro son algunas de las sedes en las que estar\u00e1 disponible este encuentro cinematogr\u00e1fico que comenzar\u00e1 el 15 de agosto<\/p>\n\n\n\n<p class=\"wp-block-paragraph\">Froylan Escobar Lara<\/p>\n\n\n\n<p class=\"wp-block-paragraph\">SemM\u00e9xico \/ El Sol de M\u00e9xico, Cd. de M\u00e9xico, 6 de agosto, 2025.- La diversidad sexual y de g\u00e9nero, la gentrificaci\u00f3n, la violencia en contra de las mujeres, desapariciones y la&nbsp;lucha de poderes&nbsp;son algunas de las tem\u00e1ticas que plasman los&nbsp;38 documentales&nbsp;que integran la cuarta edici\u00f3n de&nbsp;Resistimos.&nbsp;Festival de documentales&nbsp;en resistencia.<\/p>\n\n\n\n<p class=\"wp-block-paragraph\">Esta edici\u00f3n, que&nbsp;se llevar\u00e1 a cabo del 15 al 24 de agosto en distintas sedes de la Ciudad de M\u00e9xico&nbsp;y otros estados, proyectar\u00e1 casi cuatro decenas de largometrajes, originarios de ocho pa\u00edses como&nbsp;M\u00e9xico, Chile, Colombia, Argentina, Ecuador, Croacia,&nbsp;Francia y Dinamarca.&nbsp;<\/p>\n\n\n\n<p class=\"wp-block-paragraph\">Estar\u00e1n divididos en siete secciones: \u201cMujeres en resistencia\u201d, \u201cViolencia de Estado\u201d, \u201cMovilidad humana\u201d, \u201cDiversidad&nbsp;sexual y de g\u00e9nero\u201d, \u201cResistimos vs poder blando\u201d, \u201cRa\u00edces tercas\u201d y \u201cDeconstruir la herencia\u201d.<\/p>\n\n\n\n<p class=\"wp-block-paragraph\">\u201cSomos un festival de cine documental dirigido por mujeres que, desde 2022, comparte historias de lucha frente a opresiones, contadas desde la mirada de quienes no s\u00f3lo las viven y las resisten, sino que defienden el derecho a habitar los territorios, culturas e identidades, en oposici\u00f3n a lo&nbsp;hegem\u00f3nico\u201d, afirm\u00f3 en conferencia de prensa, la directora del festival&nbsp;Gabriela Ch\u00e1vez.<\/p>\n\n\n\n<p class=\"wp-block-paragraph\">El&nbsp;festival&nbsp;busca, a trav\u00e9s del cine, dialogar con diferentes audiencias, imaginar realidades y alternativas que puedan instar a una&nbsp;transformaci\u00f3n social.<\/p>\n\n\n\n<p class=\"wp-block-paragraph\">\u201cAlgo importante para nosotros es la inclusi\u00f3n de personas que est\u00e1n en exclusi\u00f3n social o cultural y es algo que todos los a\u00f1os estamos aprendiendo, qu\u00e9 nos est\u00e1 faltando, las pr\u00e1cticas que podemos tener para hacer que este festival sea muy accesible para todas las personas\u201d, coment\u00f3 Ch\u00e1vez.<\/p>\n\n\n\n<p class=\"wp-block-paragraph\">Cada secci\u00f3n cuenta con una selecci\u00f3n de documentales. En el caso de&nbsp;\u201cMujeres en resistencia\u201d,&nbsp;incluye nueve t\u00edtulos que describen situaciones que viven las mujeres, por ejemplo las parteras que tienen poca representaci\u00f3n dentro del g\u00e9nero femenino.&nbsp;<\/p>\n\n\n\n<p class=\"wp-block-paragraph\">Para \u201cViolencia de Estado\u201d, siete documentales con historias sobre madres buscadoras, las tensiones que viven las mujeres en una dictadura, o c\u00f3mo luchan d\u00eda con d\u00eda contra la violencia sistem\u00e1tica.<\/p>\n\n\n\n<p class=\"wp-block-paragraph\">Cinco largometrajes integran&nbsp;\u201cMovilidad humana\u201d, secci\u00f3n que se enfoca en c\u00f3mo las personas se adaptan a culturas nuevas y las&nbsp;dificultades de migrar.<\/p>\n\n\n\n<p class=\"wp-block-paragraph\">A pesar de tener una amplia convocatoria, tanto&nbsp;Ch\u00e1vez, como Ana San Vicente, quien es&nbsp;Coordinadora de producci\u00f3n del festival, revelaron que reciben muy pocos contenidos referentes a la diversidad sexual y de g\u00e9nero, algo que les parece curioso debido a que en M\u00e9xico existen muchas historias con esta tem\u00e1tica.<\/p>\n\n\n\n<p class=\"wp-block-paragraph\">Para esta secci\u00f3n hay tres documentales que, adem\u00e1s de abordar las diferentes preferencias, tambi\u00e9n hacen una inclusi\u00f3n con las personas sordas.<\/p>\n\n\n\n<p class=\"wp-block-paragraph\">Finalmente, hay tres nuevas secciones que son \u201cResistimos vs poder blanco\u201d, que incluye cuatro documentales y cuentan c\u00f3mo el entretenimiento difundido por&nbsp;Estados Unidos y Reino Unido&nbsp;son influencia en todo el mundo; \u201cRa\u00edces tercas\u201d con tres filmes sobre la gentrificaci\u00f3n y el desplazamiento forzado y&nbsp;\u201cDeconstruir la herencia\u201d&nbsp;con siete documentales que retratan c\u00f3mo las personas tienen que desaprender lo heredado de generaciones pasadas para adaptarse a una nueva sociedad.<\/p>\n\n\n\n<p class=\"wp-block-paragraph\">\u201cNos gusta pensar que cada a\u00f1o, las cosas que nos llegan se van transformando y eso impacta a las secciones ya establecidas porque poco a poco aportan algo distinto\u201d, dijo San Vicente.<\/p>\n\n\n\n<p class=\"wp-block-paragraph\">El festival estar\u00e1 disponible tambi\u00e9n en sedes como Monterrey, Puebla, M\u00e9rida, Quer\u00e9taro y en espacios virtuales como en la plataforma&nbsp;Nuestro Cine MX&nbsp;y redes de&nbsp;Resistimos.<\/p>\n\n\n\n<p class=\"wp-block-paragraph\">Ofrecer\u00e1n tambi\u00e9n conversatorios con cineastas como&nbsp;Mariana X. Rivera y Gabriela N\u00e1poles,&nbsp;as\u00ed como talleres, clases de direcci\u00f3n, guion y producci\u00f3n, entre otras actividades gratuitas.<\/p>\n\n\n\n<p class=\"wp-block-paragraph\">Para mayor informaci\u00f3n sobre sedes y su programa completo, consultar la p\u00e1gina web oficial del festival.<\/p>\n\n\n\n<p class=\"wp-block-paragraph\"><strong>Resumen:<\/strong>&nbsp; Resistimos, festival de documentales creado por mujeres celebra su cuarta edici\u00f3n<br><br>La diversidad sexual y de g\u00e9nero, la gentrificaci\u00f3n, la violencia en contra de las mujeres, desapariciones y la&nbsp;lucha de poderes&nbsp;son algunas de las tem\u00e1ticas que plasman los<a href=\"https:\/\/elsoldemexico.us16.list-manage.com\/track\/click?u=c04a811ee61dc85305bf7133b&amp;id=ad89c9ed21&amp;e=18c9f7f21c\">&nbsp; 38 documentales&nbsp;que integran la cuarta edici\u00f3n de&nbsp;Resistimos<\/a>, festival de documentales&nbsp;en resistencia.<\/p>\n\n\n\n<p class=\"wp-block-paragraph\">Esta edici\u00f3n, que&nbsp;se llevar\u00e1 a cabo del 15 al 24 de agosto en distintas sedes de la Ciudad de M\u00e9xico&nbsp;y otros estados, proyectar\u00e1 casi cuatro decenas de largometrajes, originarios de ocho pa\u00edses como&nbsp;M\u00e9xico, Chile, Colombia, Argentina, Ecuador, Croacia,&nbsp;Francia y Dinamarca.&nbsp;<\/p>\n\n\n\n<p class=\"wp-block-paragraph\"><br>El&nbsp;festival&nbsp;busca, a trav\u00e9s del cine, dialogar con diferentes audiencias, imaginar realidades y alternativas que puedan instar a una&nbsp;transformaci\u00f3n social.<\/p>\n\n\n\n<p class=\"wp-block-paragraph\"><br>\u201cSomos un festival de cine documental dirigido por mujeres que, desde 2022, comparte historias de lucha frente a opresiones, contadas desde la mirada de quienes no s\u00f3lo las viven y las resisten, sino que defienden el derecho a habitar los territorios, culturas e identidades, en oposici\u00f3n a lo&nbsp;hegem\u00f3nico\u201d, afirm\u00f3 en conferencia de prensa, la directora del festival&nbsp;Gabriela Ch\u00e1vez.<\/p>\n","protected":false},"excerpt":{"rendered":"<p>El documental \u201cCrucificada\u201d forma parte del festival Resistimos\u00a0\/\u00a0Cortes\u00eda: Tlacua Films CdMx, Monterrey, Puebla, M\u00e9rida y Quer\u00e9taro son algunas de las sedes en las que estar\u00e1 disponible este encuentro cinematogr\u00e1fico que comenzar\u00e1 el 15 de agosto Froylan Escobar Lara SemM\u00e9xico \/ El Sol de M\u00e9xico, Cd. de M\u00e9xico, 6 de agosto, 2025.- La diversidad sexual y [&hellip;]<\/p>\n","protected":false},"author":3,"featured_media":97551,"comment_status":"open","ping_status":"open","sticky":false,"template":"","format":"standard","meta":{"_monsterinsights_skip_tracking":false,"footnotes":""},"categories":[748],"tags":[],"class_list":["post-97550","post","type-post","status-publish","format-standard","has-post-thumbnail","category-cultura-feminista"],"_links":{"self":[{"href":"https:\/\/redsemlac.com\/semmexico\/wp-json\/wp\/v2\/posts\/97550","targetHints":{"allow":["GET"]}}],"collection":[{"href":"https:\/\/redsemlac.com\/semmexico\/wp-json\/wp\/v2\/posts"}],"about":[{"href":"https:\/\/redsemlac.com\/semmexico\/wp-json\/wp\/v2\/types\/post"}],"author":[{"embeddable":true,"href":"https:\/\/redsemlac.com\/semmexico\/wp-json\/wp\/v2\/users\/3"}],"replies":[{"embeddable":true,"href":"https:\/\/redsemlac.com\/semmexico\/wp-json\/wp\/v2\/comments?post=97550"}],"version-history":[{"count":0,"href":"https:\/\/redsemlac.com\/semmexico\/wp-json\/wp\/v2\/posts\/97550\/revisions"}],"wp:featuredmedia":[{"embeddable":true,"href":"https:\/\/redsemlac.com\/semmexico\/wp-json\/wp\/v2\/media\/97551"}],"wp:attachment":[{"href":"https:\/\/redsemlac.com\/semmexico\/wp-json\/wp\/v2\/media?parent=97550"}],"wp:term":[{"taxonomy":"category","embeddable":true,"href":"https:\/\/redsemlac.com\/semmexico\/wp-json\/wp\/v2\/categories?post=97550"},{"taxonomy":"post_tag","embeddable":true,"href":"https:\/\/redsemlac.com\/semmexico\/wp-json\/wp\/v2\/tags?post=97550"}],"curies":[{"name":"wp","href":"https:\/\/api.w.org\/{rel}","templated":true}]}}