{"id":9755,"date":"2019-07-15T17:05:03","date_gmt":"2019-07-15T17:05:03","guid":{"rendered":"https:\/\/redsemlac.com\/semmexico\/?p=9755"},"modified":"2023-07-21T14:50:42","modified_gmt":"2023-07-21T19:50:42","slug":"mujeres-envejecen-con-peor-salud-confirma-encuesta","status":"publish","type":"post","link":"https:\/\/redsemlac.com\/semmexico\/mujeres-envejecen-con-peor-salud-confirma-encuesta\/","title":{"rendered":"Mujeres envejecen con peor salud, confirma encuesta"},"content":{"rendered":"\n<p class=\"wp-block-paragraph\"><strong><em>*\nEnvejecimiento es el principal proceso demogr\u00e1fico en Cuba<\/em><\/strong><\/p>\n\n\n\n<p class=\"wp-block-paragraph\"><strong><em>* Padecen mujeres m\u00e1s enfermedades que los hombres, despu\u00e9s de los 60 a\u00f1os de edad<\/em><\/strong><\/p>\n\n\n\n<p class=\"wp-block-paragraph\"><strong>Redacci\u00f3n<\/strong><\/p>\n\n\n\n<p class=\"wp-block-paragraph\">SemM\u00e9xico\/SEMlac,\nLa Habana, 15 julio 2019.- Las mujeres cubanas viven m\u00e1s a\u00f1os, pero llegan a\nedades avanzadas de la vida en&nbsp;<a href=\"http:\/\/www.redsemlac-cuba.net\/salud\/alerta-frente-a-enfermedades-cardiovasculares-en-la-mujer.html\" target=\"_blank\" rel=\"noreferrer noopener\">peores condiciones de salud<\/a>, evidencian los\nresultados preliminares de una Encuesta Nacional de Envejecimiento Poblacional\n(ENEP) aplicada en la naci\u00f3n caribe\u00f1a en 2017, cuyo informe ser\u00e1 publicado en\nlos pr\u00f3ximos meses.<\/p>\n\n\n\n<p class=\"wp-block-paragraph\"><br>\nPresentados como parte de la celebraci\u00f3n del D\u00eda Mundial de Poblaci\u00f3n, el\npasado 11 de julio, en la&nbsp;<a href=\"http:\/\/www.one.cu\/\" target=\"_blank\" rel=\"noreferrer noopener\">Oficina Nacional de\nEstad\u00edsticas e Informaci\u00f3n (ONEI)<\/a>, los datos reflejan no solo el estado\ny autopercepci\u00f3n de salud de las personas que alcanzaron la sexta d\u00e9cada de\nvida; sino otros aspectos como las condiciones sociodemogr\u00e1ficas y\nsocioecon\u00f3micas, y las redes de apoyo familiar y social de que disponen las\npersonas de este grupo etario.<\/p>\n\n\n\n<p class=\"wp-block-paragraph\"><br>\nEn un contexto donde el \u00fanico grupo de poblaci\u00f3n que crecer\u00e1 es el de 60 a\u00f1os y\nm\u00e1s -sobre todo de 75 a\u00f1os en adelante-, es una necesidad conocer qui\u00e9nes son y\nc\u00f3mo viven las personas mayores en Cuba, apunt\u00f3 Mar\u00eda del Carmen Franco Su\u00e1rez,\nsubdirectora del Centro de Estudio de Poblaci\u00f3n y Desarrollo (CEPDE), de la\nONEI.&nbsp;<\/p>\n\n\n\n<p class=\"wp-block-paragraph\"><br>\n\u00ab<a href=\"http:\/\/www.redsemlac-cuba.net\/sociedad-cultura\/desaf%C3%ADos-demogr%C3%A1ficos-a-la-vista.html\" target=\"_blank\" rel=\"noreferrer noopener\">El envejecimiento es el principal\nproceso demogr\u00e1fico que tenemos<\/a>. Si el porcentaje de poblaci\u00f3n que\ntiene 60 a\u00f1os y m\u00e1s cerr\u00f3 2018 con 20,4 por ciento, esta cifra pasar\u00e1 a 29 por\nciento en 2030 y a 33 por ciento en 2050, respectivamente\u00bb, se\u00f1al\u00f3 la\nespecialista, al presentar los hallazgos de la encuesta.<\/p>\n\n\n\n<p class=\"wp-block-paragraph\"><br>\nLos 2,3 millones de personas que hoy est\u00e1n en el grupo de adultos y adultas\nmayores, en apenas una d\u00e9cada ser\u00e1n 3,3 millones, mientras que las 392.882\npersonas de 80 a\u00f1os y m\u00e1s con que cuenta el pa\u00eds se van casi a duplicar en a\u00f1o\n2030, dijo Franco Su\u00e1rez.<\/p>\n\n\n\n<p class=\"wp-block-paragraph\"><br>\nPara el estudio, a cargo del propio CEPDE y el Centro de Investigaciones sobre\nLongevidad, Envejecimiento y Salud (CITED), del Ministerio de Salud P\u00fablica, se\nvisitaron alrededor de 12.000 viviendas y se encuestaron 18.600 individuos, una\nmuestra representativa en cuatro regiones del pa\u00eds y de tres grandes grupos de edad\nde la poblaci\u00f3n de 50 a\u00f1os y m\u00e1s.<\/p>\n\n\n\n<p class=\"wp-block-paragraph\"><br>\nDe acuerdo con Franco Su\u00e1rez, la encuesta se dise\u00f1\u00f3 para que fuese un estudio\nlongitudinal que dar\u00e1 seguimiento a los indicadores evaluados en las mismas\npersonas en un plazo de dos o tres a\u00f1os; para observar el modo en que est\u00e1n\nenvejeciendo y c\u00f3mo&nbsp;<a href=\"http:\/\/www.redsemlac-cuba.net\/sociedad-cultura\/envejecimiento,-entre-vida-cotidiana-y-pol%C3%ADtica-social.html\" target=\"_blank\" rel=\"noreferrer noopener\">las acciones o pol\u00edticas que se est\u00e9n\ntomando&nbsp;<\/a>modifican\no no su estado de bienestar, entre otros aspectos.<br>\n<br>\n<strong>Ellas viven m\u00e1s, pero peor&nbsp;<\/strong><\/p>\n\n\n\n<p class=\"wp-block-paragraph\"><br>\nAl indagar sobre el estado de salud y el n\u00famero de enfermedades, el estudio\nconstat\u00f3 que las mujeres en entre 60 y 74 a\u00f1os y de 75 y m\u00e1s edad padecen&nbsp;<a href=\"http:\/\/www.redsemlac-cuba.net\/salud\/mujeres-en-desventaja-ante-el-alzheimer.htmlhttp:\/www.redsemlac-cuba.net\/salud\/mujeres-en-desventaja-ante-el-alzheimer.html\" target=\"_blank\" rel=\"noreferrer noopener\">m\u00e1s enfermedades que los hombres<\/a>&nbsp;en esos mismos\nrangos etarios.<\/p>\n\n\n\n<p class=\"wp-block-paragraph\"><br>\nEl 86 por ciento de las mujeres de m\u00e1s de 60 a\u00f1os dijo tener alg\u00fan\npadecimiento, contra 74, 4 por ciento de los hombres de ese grupo; mientras que\nellas declararon adem\u00e1s una mayor comorbilidad o n\u00famero de enfermedades,\nproporci\u00f3n que aumenta despu\u00e9s de los 75 a\u00f1os.<\/p>\n\n\n\n<p class=\"wp-block-paragraph\"><br>\nRespecto a la autoevaluaci\u00f3n del estado de salud general, en todos los rangos\nde edades, los hombres declararon mayores valores de auto percepci\u00f3n positiva\nen relaci\u00f3n con las mujeres. La mayor brecha entre ambos sexos se aprecia entre\nlos 60 y 74 a\u00f1os. \u00abSobrevivimos m\u00e1s, pero lo hacemos en peor estado, con\nm\u00e1s enfermedades\u00bb, sostuvo Franco Su\u00e1rez.<\/p>\n\n\n\n<p class=\"wp-block-paragraph\"><br>\nLos \u00edndices de fragilidad, vinculados a variables como el sentirse cansados,\npoder subir escaleras, caminar sin agotarse al menos una cuadra y la p\u00e9rdida de\npeso fueron m\u00e1s elevados para ellas en todas las categor\u00edas etarias estudiadas.<br>\nSobre la poblaci\u00f3n que necesita alg\u00fan tipo de ayuda para realizar las\nactividades b\u00e1sicas de la vida diaria -aspecto relacionado con la dependencia y\nlos cuidados-, la encuesta reflej\u00f3 que en acciones cotidianas como ba\u00f1arse,\nvestirse, levantarse, usar el servicio sanitario o comer, m\u00e1s del 90 por ciento\nde las personas mayores tiene total independencia.&nbsp;<\/p>\n\n\n\n<p class=\"wp-block-paragraph\"><br>\nDel 10 por ciento restante, es mayor el n\u00famero de mujeres con invalidismo para\nrealizarlas, dificultades que aumentan luego de los 75 a\u00f1os.<br>\n<br>\n<strong>Seguridad econ\u00f3mica y cuidados&nbsp;<\/strong><\/p>\n\n\n\n<p class=\"wp-block-paragraph\"><br>\nEn relaci\u00f3n con la actividad laboral, la investigaci\u00f3n mostr\u00f3 que 79 por ciento\nde la poblaci\u00f3n de 60 a\u00f1os y m\u00e1s no trabaja. Del 21 por ciento que s\u00ed lo hace,\nuna buena parte son hombres todav\u00eda en edad laboral, que se extiende para ellos\nhasta los 65 a\u00f1os.<\/p>\n\n\n\n<p class=\"wp-block-paragraph\"><br>\nAlguna vez trabaj\u00f3 el 85 por ciento, con una gran diferencia por sexo, pues se\nmantiene el hecho de que m\u00e1s hombres trabajan en actividades remuneradas que\nmujeres, con implicaciones en la vida adulta en t\u00e9rminos de ingresos, seguridad\necon\u00f3mica e incluso percepciones hacia el futuro.<\/p>\n\n\n\n<p class=\"wp-block-paragraph\"><br>\nDe acuerdo con las cifras presentadas, 32 por ciento de quienes trabajan son\npersonas jubiladas.&nbsp;<\/p>\n\n\n\n<p class=\"wp-block-paragraph\"><br>\nDe la poblaci\u00f3n encuestada, sostuvo la experta del CEPDE, 37 por ciento dej\u00f3 de\ntrabajar por un motivo diferente a la jubilaci\u00f3n, en parte por el&nbsp;<a href=\"http:\/\/www.redsemlac-cuba.net\/economia\/trabajo-dom%C3%A9stico-y-de-cuidados,-%C2%BFen-ascenso.html\" target=\"_blank\" rel=\"noreferrer noopener\">impacto de las actividades del\ncuidado<\/a>.&nbsp;<\/p>\n\n\n\n<p class=\"wp-block-paragraph\"><br>\nAl indagar en el grupo que contin\u00faa trabajando fuera de la edad laboral, la\nraz\u00f3n fundamental que mencionan es sentirse \u00fatiles y capaces, aunque aluden\ntambi\u00e9n a motivos econ\u00f3micos, como necesidad de ayudar a hijos y familiares,\nporque el dinero no alcanza o por tener personas dependientes a su cuidado,\ndijo Franco Su\u00e1rez.<\/p>\n\n\n\n<p class=\"wp-block-paragraph\"><br>\nEntre las<a href=\"http:\/\/www.redsemlac-cuba.net\/economia\/el-valor-de-aprovechar-el-trabajo-de-las-mujeres.html\" target=\"_blank\" rel=\"noreferrer noopener\">&nbsp;razones que esgrime este grupo\npara salir de la fuerza de trabajo<\/a>&nbsp;de ese 37 por ciento que alguna\nvez trabaj\u00f3 est\u00e1n el impacto de problemas de salud y discapacidad, y los\ncuidados, estos \u00faltimos mencionados por el 5,5 por ciento de los hombres y 25,2\npor ciento de las mujeres.&nbsp;<\/p>\n\n\n\n<p class=\"wp-block-paragraph\"><br>\nPor otra parte, el estudio evidenci\u00f3 que, a medida que aumenta la edad,\ndisminuye la satisfacci\u00f3n con el ingreso y se incrementa la proporci\u00f3n de\npersonas que dicen que sus fuentes de ingreso no le alcanzan o casi no le\nalcanzan para satisfacer sus necesidades.&nbsp;<\/p>\n\n\n\n<p class=\"wp-block-paragraph\"><br>\nEntre lo que m\u00e1s desean y no pueden adquirir, las personas de 60 a\u00f1os y m\u00e1s\nenumeraron el adquirir y arreglar la vivienda (30 %), realizar vacaciones,\nviajes y excursiones (20 %) y ayudar a familiares (20 %).<\/p>\n\n\n\n<p class=\"wp-block-paragraph\"><br>\nEn tanto, 16 por ciento aleg\u00f3 no desear nada. Este dato, junto al 20 por ciento\nque se siente sin fuerza para realizar alguna actividad, evidencia una\nproporci\u00f3n de estas personas con una&nbsp;<a href=\"http:\/\/www.redsemlac-cuba.net\/comunicacion\/estereotipos-complican-tratamiento-del-envejecimiento-en-la-prensa.html\" target=\"_blank\" rel=\"noreferrer noopener\">imagen negativa de la vejez<\/a>.<\/p>\n\n\n\n<p class=\"wp-block-paragraph\"><br>\n\u00abPreguntamos si al llegar a los 60 a\u00f1os o m\u00e1s de edad hab\u00edan realizado o\npensado un proyecto o alguna actividad nunca antes realizada, fueran de\nvoluntariado, trabajo por cuenta propia, entre otras. Solo 13 por ciento de esa\ncantidad de personas, que son casi dos millones, manifest\u00f3 haber iniciado un\nnuevo proyecto en esa etapa de la vida, mientras 87 por ciento no comenz\u00f3 nada\nnuevo\u00bb, acot\u00f3 la especialista.&nbsp;<\/p>\n\n\n\n<p class=\"wp-block-paragraph\"><br>\nDel entorno residencial, agreg\u00f3, 17 por ciento de las personas mayores viven\nsolas, cifra que ha avanzado respecto al Censo de Poblaci\u00f3n y Viviendas de\n2012, que arroj\u00f3 13 por ciento.<\/p>\n\n\n\n<p class=\"wp-block-paragraph\"><br>\nEntre las actividades de integraci\u00f3n, ocio y esparcimiento que realizan las\npersonas mayores, sobresale que siete por ciento declar\u00f3 hacer uso de las\nTecnolog\u00edas de la Inform\u00e1tica y las Comunicaciones. \u00abEllo habla no solo de\nmodernidad, sino de comunicaci\u00f3n y b\u00fasqueda de acompa\u00f1amiento\u00bb, resalt\u00f3\nFranco Su\u00e1rez.&nbsp;<\/p>\n\n\n\n<p class=\"wp-block-paragraph\">SEM-SEMlac<\/p>\n","protected":false},"excerpt":{"rendered":"<p>Envejecimiento es el principal proceso demogr\u00e1fico en Cuba<\/p>\n","protected":false},"author":3,"featured_media":9756,"comment_status":"open","ping_status":"open","sticky":false,"template":"","format":"standard","meta":{"_monsterinsights_skip_tracking":false,"footnotes":""},"categories":[690,53],"tags":[],"class_list":["post-9755","post","type-post","status-publish","format-standard","has-post-thumbnail","category-690","category-internacional"],"_links":{"self":[{"href":"https:\/\/redsemlac.com\/semmexico\/wp-json\/wp\/v2\/posts\/9755","targetHints":{"allow":["GET"]}}],"collection":[{"href":"https:\/\/redsemlac.com\/semmexico\/wp-json\/wp\/v2\/posts"}],"about":[{"href":"https:\/\/redsemlac.com\/semmexico\/wp-json\/wp\/v2\/types\/post"}],"author":[{"embeddable":true,"href":"https:\/\/redsemlac.com\/semmexico\/wp-json\/wp\/v2\/users\/3"}],"replies":[{"embeddable":true,"href":"https:\/\/redsemlac.com\/semmexico\/wp-json\/wp\/v2\/comments?post=9755"}],"version-history":[{"count":0,"href":"https:\/\/redsemlac.com\/semmexico\/wp-json\/wp\/v2\/posts\/9755\/revisions"}],"wp:featuredmedia":[{"embeddable":true,"href":"https:\/\/redsemlac.com\/semmexico\/wp-json\/wp\/v2\/media\/9756"}],"wp:attachment":[{"href":"https:\/\/redsemlac.com\/semmexico\/wp-json\/wp\/v2\/media?parent=9755"}],"wp:term":[{"taxonomy":"category","embeddable":true,"href":"https:\/\/redsemlac.com\/semmexico\/wp-json\/wp\/v2\/categories?post=9755"},{"taxonomy":"post_tag","embeddable":true,"href":"https:\/\/redsemlac.com\/semmexico\/wp-json\/wp\/v2\/tags?post=9755"}],"curies":[{"name":"wp","href":"https:\/\/api.w.org\/{rel}","templated":true}]}}