{"id":97542,"date":"2025-08-06T07:02:13","date_gmt":"2025-08-06T13:02:13","guid":{"rendered":"https:\/\/redsemlac.com\/semmexico\/?p=97542"},"modified":"2025-08-06T07:02:15","modified_gmt":"2025-08-06T13:02:15","slug":"feministas-piden-a-claudia-sheinbaum-pardo-dialogo-debate-abierto-no-discriminacion-exclusion-censura-y-violencia-institucional","status":"publish","type":"post","link":"https:\/\/redsemlac.com\/semmexico\/feministas-piden-a-claudia-sheinbaum-pardo-dialogo-debate-abierto-no-discriminacion-exclusion-censura-y-violencia-institucional\/","title":{"rendered":"Feministas piden a\u00a0 Claudia Sheinbaum Pardo\u00a0 di\u00e1logo,\u00a0 debate abierto, no discriminaci\u00f3n, exclusi\u00f3n,\u00a0 censura y violencia institucional"},"content":{"rendered":"\n<p class=\"wp-block-paragraph\"><\/p>\n\n\n\n<p class=\"wp-block-paragraph\">Reclaman que&nbsp; en el marco de la XVI Conferencia Regional sobre la mujer en Am\u00e9rica Latina y el Caribe, no excluyan a quienes piensan diferente<\/p>\n\n\n\n<p class=\"wp-block-paragraph\">Convocan organizaciones y feministas abolicionistas a Foro Alterno este 11 de agosto<\/p>\n\n\n\n<p class=\"wp-block-paragraph\">Elda Montiel<\/p>\n\n\n\n<p class=\"wp-block-paragraph\">SemM\u00e9xico, Cd. de M\u00e9xico, 6 de agosto, 2025.-&nbsp; Las organizaciones y destacadas feministas abolicionistas que fueron \u201camablemente rechazadas\u201d al Foro Feminista de la XVI Conferencia Regional sobre la Mujer en Am\u00e9rica Latina y el Caribe a realizarse en la Ciudad de M\u00e9xico del 12 al 15 de agosto realizar\u00e1n el Foro Alterno Feminista 2025 el 11 de agosto en la C\u00e1mara de Diputados, de forma presencial y virtual.<\/p>\n\n\n\n<p class=\"wp-block-paragraph\">A pesar de que el Foro Feminista se considera un espacio aut\u00f3nomo e hist\u00f3rico de articulaci\u00f3n cr\u00edtica y plural que se realiza previo a cada Conferencia Regional, en esta ocasi\u00f3n los organizadores la Comisi\u00f3n Econ\u00f3mica para Am\u00e9rica Latina y el Caribe (CEPAL) y ONU Mujeres ejercieron discriminaci\u00f3n en la convocatoria al excluir a las feministas que no est\u00e1n a favor del trabajo sexual, el borrado de las mujeres y la teor\u00eda del g\u00e9nero basada en la identidad autopercibida.&nbsp;<\/p>\n\n\n\n<p class=\"wp-block-paragraph\">Las feministas alzaron la voz ante el Secretario General de la ONU, Antonio Guterres, y ante la presidenta de M\u00e9xico, Claudia Sheinbaum Pardo en respectivas cartas.<\/p>\n\n\n\n<p class=\"wp-block-paragraph\">En la carta dirigida al secretario general de la ONU y con copia a todas las instancias internacionales que tienen que ver los derechos humanos y de las mujeres, le piden que se retire de la convocatoria cualquier criterio discriminatorio, que se garantice el acceso a todas las voces del movimiento feminista en su pluralidad y que se asegure un foro alterno verdaderamente inclusivo, como ha sido tradici\u00f3n en el sistema de Naciones Unidas.&nbsp;<\/p>\n\n\n\n<p class=\"wp-block-paragraph\">A la presidenta Claudia Sheinbaum Pardo le piden que las autoridades de gobierno promuevan el di\u00e1logo, el debate abierto y erradiquen la discriminaci\u00f3n, exclusi\u00f3n, la censura y violencia institucional hacia quienes piensan diferente. \u201cM\u00e1s cuando se ha visto facilitada la promoci\u00f3n sin discusi\u00f3n de los temas hist\u00f3ricamente m\u00e1s \u00e1lgidos en el movimiento feminista y en la audiencia nacional, como son la explotaci\u00f3n sexual y el borrado de las mujeres. Ambos contravienen a los compromisos internacionales de nuestro pa\u00eds, como es en el caso de la Convenci\u00f3n sobre la Eliminaci\u00f3n de Todas las Formas de Discriminaci\u00f3n contra la Mujer, CEDAW\u201d.<\/p>\n\n\n\n<p class=\"wp-block-paragraph\"><strong>Convocatoria al Foro Alterno Feminista 2025<\/strong><\/p>\n\n\n\n<p class=\"wp-block-paragraph\">Las organizaciones y activistas abolicionistas destacan que han venido trabajando en la agenda del \u00bb sistema de cuidados\u00bb o \u00absociedad del cuidado\u00bb, por lo que es de suma importancia participar en el debate para el cual se hab\u00edan creado estas conferencias regionales. Es decir, para analizar la autonom\u00eda y los derechos de las mujeres de Am\u00e9rica Latina y El Caribe, presentar recomendaciones en materia de pol\u00edticas p\u00fablicas y llevar a cabo evaluaciones peri\u00f3dicas.&nbsp;<\/p>\n\n\n\n<p class=\"wp-block-paragraph\">Por lo que al responder a la convocatoria y recibir por correo un amable rechaz\u00f3, se sorprendieron de que la CEPAL y ONU Mujeres est\u00e9n ejerciendo la exclusi\u00f3n y discriminaci\u00f3n para evitar el di\u00e1logo, el debate y el an\u00e1lisis, lo que les hace pensar que es una simulaci\u00f3n y se est\u00e1 utilizando para aprobar una futura agenda que atenta contra los derechos de las mujeres y las ni\u00f1as.<\/p>\n\n\n\n<p class=\"wp-block-paragraph\">Por eso convocan al Foro Alterno Feminista 2025 a realizarse en la C\u00e1mara de Diputados. La invitaci\u00f3n es a participar presencial o virtualmente con propuestas respecto a la sociedad de cuidados y la igualdad entre mujeres y hombres: Asociar estos problemas con la propuesta pol\u00edtica de los organismos internacionales y de los pa\u00edses de la regi\u00f3n; e Incidir con propuestas en los acuerdos intergubernamentales y con ONU Mujeres en la Conferencia de CEPAL.<\/p>\n\n\n\n<p class=\"wp-block-paragraph\">Las propuestas deben estar alineadas con:<\/p>\n\n\n\n<ul class=\"wp-block-list\">\n<li>El uso de las categor\u00edas mujer y sexo establecidas por la CEDAW y la Convenci\u00f3n de Bel\u00e9m Do Par\u00e1, y no sustituirlas por el t\u00e9rmino g\u00e9nero.<\/li>\n\n\n\n<li>Los derechos sexuales y reproductivos, incluido el aborto.<\/li>\n\n\n\n<li>La eliminaci\u00f3n de todas las formas de violencia en contra de las mujeres.<\/li>\n\n\n\n<li>La erradicaci\u00f3n de todas las formas de explotaci\u00f3n y comercializaci\u00f3n del cuerpo de las mujeres con fines de explotaci\u00f3n sexual (prostituci\u00f3n) y explotaci\u00f3n reproductiva (vientres de alquiler).<\/li>\n\n\n\n<li>La abolici\u00f3n de la pornograf\u00eda en todas sus formas y de la trata de personas.<\/li>\n\n\n\n<li>La libre opci\u00f3n sexoafectiva, en el marco de los derechos humanos.<\/li>\n<\/ul>\n\n\n\n<p class=\"wp-block-paragraph\">Las colectivas y organizaciones convocantes son:<\/p>\n\n\n\n<p class=\"wp-block-paragraph\">Alianza de Redes Feministas Nacionales; Frente Feminista Nacional; WDI M\u00e9xico; Las Constituyentes MX; Frente Nacional de Lesbianas Feministas (FNLF); MIRA, Pensadoras Urbanas; Movimiento Feminista L\u00e9sbico Abolicionista Mexicano (MFLAM); Fuerza Pol\u00edtica Feminista Todas M\u00e9xico; Laboratorio Feminista de Derechos Digitales; Genero Feminista; Apomunda Colectiva Feminista Radical; Mujeres Guerrerenses por la Democracia A.C.; Periodimo Feminista Matices (CEDEMAC); Colectivo Ixta-ha A.C.; Catedra Unesco de Derechos Humanos de la UNAM; Red Nacional de Alertistas; Empoderarme Fundaci\u00f3n; Iusfemina; Archivo Hist\u00f3rico del Movimiento de Lesbianas en M\u00e9xico; Nosotras tenemos otros datos; Frente Nacional Feminista Abolicionista; Luna Escuela de Pensamiento Feminista; Mesa de Mujeres de Ciudad Ju\u00e1rez; Ni Una Menos Tabasco; Mujeres Net; Marea Verde Tabasco; Frente Feminista Nacional Tabasco; Morras Feministas Monterrey; Morada; Frente Abolicionista de Tabasco; Abolicionistas MX; Zarzamoras Salvajes, y Feministas Socialistas MX.&nbsp;&nbsp;&nbsp;&nbsp;<\/p>\n\n\n\n<p class=\"wp-block-paragraph\"><strong>Contra la exclusi\u00f3n a las feministas abolicionistas se pronuncia la Alianza Internacional de Mujeres Feministas (AIMF) <\/strong><strong><\/strong><\/p>\n\n\n\n<p class=\"wp-block-paragraph\">La Alianza Internacional de Mujeres Feministas (AIMF) dio a conocer su posicionamiento contra la disminuci\u00f3n de la libertad de expresi\u00f3n para las organizaciones feministas abolicionistas en torno a las actividades de la XVI Conferencia Regional sobre la Mujer de Am\u00e9rica Latina y el Caribe al advertir los sesgos de la convocatoria en el texto de la invitaci\u00f3n y en el formato de inscripci\u00f3n.<\/p>\n\n\n\n<p class=\"wp-block-paragraph\">En el texto de invitaci\u00f3n marca la necesidad de \u201cgarantizar la autonom\u00eda de las mujeres en todos los aspectos de su vida, su libertad sexual y reproductiva y desmontar las estructuras del capitalismo neoliberal, patriarcal, racista, colonialista, cis-heteronormativo y capacitista\u201d, defini\u00e9ndose como un espacio \u201cvibrante, diverso e intergeneracional, re\u00fane a activistas, colectivas, juventudes, personas LBTIQ+, trabajadoras sexuales\u201d.&nbsp;<\/p>\n\n\n\n<p class=\"wp-block-paragraph\">En el formato de inscripci\u00f3n que no garantiza la asistencia, por estar condicionado a la propia autorizaci\u00f3n del filtro de CEPAL, manifiesta que son bienvenidas para participar de las discusiones aquellas que sean \u201cfeministas incluyentes\u201d, aquellas que respeten las demandas del movimiento de trabajadoras sexuales y de las personas trans.<\/p>\n\n\n\n<p class=\"wp-block-paragraph\">Advierten que resulta alarmante los criterios de CEPAL y ONU Mujeres para ver a qu\u00e9 tipo de agrupaciones estar\u00edan otorgando subsidio siendo que los pa\u00edses integrantes del organismo internacional lo sostienen tambi\u00e9n econ\u00f3micamente y si los temas que se buscar\u00edan discutir en una reuni\u00f3n de ese calado estar\u00edan siendo previamente elegidos a fin de sacar conclusiones a modo de no perjudicar a los gobiernos en turno.&nbsp;<\/p>\n\n\n\n<p class=\"wp-block-paragraph\">Al respecto, 166 mujeres feministas y 67 organizaciones nacionales e internacionales, solicitan una respuesta institucional concreta ante el riesgo de que la ONU haya dejado de ser una aliada en la b\u00fasqueda de las demandas m\u00e1s inminentes de las mujeres.<\/p>\n\n\n\n<p class=\"wp-block-paragraph\">Rechazan la posici\u00f3n que desde el anonimato condiciona a que, a fin de estar presente en un discusi\u00f3n internacional se deba coincidir con la explotaci\u00f3n sexual de las mujeres, siendo un sesgo opuesto a reconocerse como sujetas del Derecho Internacional y s\u00ed como objetos de un mercado que cuesta la vida y la integridad de millones a lo largo del continente, semejante acto desconocer\u00eda el esfuerzo del movimiento feminista que es internacional por la defensa y protecci\u00f3n contra toda forma de violencia, exhortamos a las feministas mexicanas a manifestar su rechazo a dicha convocatoria .<\/p>\n","protected":false},"excerpt":{"rendered":"<p>Reclaman que&nbsp; en el marco de la XVI Conferencia Regional sobre la mujer en Am\u00e9rica Latina y el Caribe, no excluyan a quienes piensan diferente Convocan organizaciones y feministas abolicionistas a Foro Alterno este 11 de agosto Elda Montiel SemM\u00e9xico, Cd. de M\u00e9xico, 6 de agosto, 2025.-&nbsp; Las organizaciones y destacadas feministas abolicionistas que fueron [&hellip;]<\/p>\n","protected":false},"author":3,"featured_media":97543,"comment_status":"open","ping_status":"open","sticky":false,"template":"","format":"standard","meta":{"_monsterinsights_skip_tracking":false,"footnotes":""},"categories":[694],"tags":[],"class_list":["post-97542","post","type-post","status-publish","format-standard","has-post-thumbnail","category-destacadas"],"_links":{"self":[{"href":"https:\/\/redsemlac.com\/semmexico\/wp-json\/wp\/v2\/posts\/97542","targetHints":{"allow":["GET"]}}],"collection":[{"href":"https:\/\/redsemlac.com\/semmexico\/wp-json\/wp\/v2\/posts"}],"about":[{"href":"https:\/\/redsemlac.com\/semmexico\/wp-json\/wp\/v2\/types\/post"}],"author":[{"embeddable":true,"href":"https:\/\/redsemlac.com\/semmexico\/wp-json\/wp\/v2\/users\/3"}],"replies":[{"embeddable":true,"href":"https:\/\/redsemlac.com\/semmexico\/wp-json\/wp\/v2\/comments?post=97542"}],"version-history":[{"count":0,"href":"https:\/\/redsemlac.com\/semmexico\/wp-json\/wp\/v2\/posts\/97542\/revisions"}],"wp:featuredmedia":[{"embeddable":true,"href":"https:\/\/redsemlac.com\/semmexico\/wp-json\/wp\/v2\/media\/97543"}],"wp:attachment":[{"href":"https:\/\/redsemlac.com\/semmexico\/wp-json\/wp\/v2\/media?parent=97542"}],"wp:term":[{"taxonomy":"category","embeddable":true,"href":"https:\/\/redsemlac.com\/semmexico\/wp-json\/wp\/v2\/categories?post=97542"},{"taxonomy":"post_tag","embeddable":true,"href":"https:\/\/redsemlac.com\/semmexico\/wp-json\/wp\/v2\/tags?post=97542"}],"curies":[{"name":"wp","href":"https:\/\/api.w.org\/{rel}","templated":true}]}}