{"id":9752,"date":"2019-07-15T17:00:21","date_gmt":"2019-07-15T17:00:21","guid":{"rendered":"https:\/\/redsemlac.com\/semmexico\/?p=9752"},"modified":"2023-07-21T14:50:42","modified_gmt":"2023-07-21T19:50:42","slug":"cuba-los-retos-que-trae-la-vejez","status":"publish","type":"post","link":"https:\/\/redsemlac.com\/semmexico\/cuba-los-retos-que-trae-la-vejez\/","title":{"rendered":"Cuba: Los retos que trae la vejez"},"content":{"rendered":"\n<p class=\"wp-block-paragraph\"><strong><em>* Entre 2015\ny 2030 la poblaci\u00f3n de 60 a\u00f1os se elevar\u00e1 de 900 millones a mil 400 millones de\npersonas<\/em><\/strong><\/p>\n\n\n\n<p class=\"wp-block-paragraph\"><strong><em>* El\nenvejecimiento demogr\u00e1fico es resultado de determinada transici\u00f3n demogr\u00e1fica<\/em><\/strong><\/p>\n\n\n\n<p class=\"wp-block-paragraph\"><strong>Sara M\u00e1s&nbsp;<br>\n<\/strong>SemM\u00e9xico\/SEMlac,\nLa Habana, 15 julio 2019.- Aunque sostienen que la vejez no es el fin,\nnecesariamente, especialistas en Cuba alertan sobre los&nbsp;<a href=\"http:\/\/www.redsemlac-cuba.net\/sociedad-cultura\/desaf%C3%ADos-de-un-pa%C3%ADs-que-envejece.html\" target=\"_blank\" rel=\"noreferrer noopener\">m\u00faltiples retos<\/a>&nbsp;que conlleva el\nprogresivo proceso de envejecimiento demogr\u00e1fico que vive la naci\u00f3n caribe\u00f1a,\ncon 20,4 por ciento de su poblaci\u00f3n con 60 a\u00f1os y m\u00e1s.<\/p>\n\n\n\n<p class=\"wp-block-paragraph\"><br>\n\u00abEl cambio de estructura por edades de la poblaci\u00f3n es un fen\u00f3meno\ninternacional que ha sido anunciado con prudente anticipaci\u00f3n, aunque quiz\u00e1s no\nfuera suficientemente escuchado\u00bb, consider\u00f3 Antonio Aja, director del\nCentro de Estudios Demogr\u00e1ficos de la Universidad de La Habana, durante un\nTaller sobre el Envejecimiento Demogr\u00e1fico en Cuba, realizado en esa\ninstituci\u00f3n a prop\u00f3sito del 11 de julio, D\u00eda Mundial de Poblaci\u00f3n.<\/p>\n\n\n\n<p class=\"wp-block-paragraph\"><br>\n\u00abHoy es un proceso en marcha, con variaciones subregionales y entre\npa\u00edses, pero bien establecido\u00bb, sostuvo el experto.<\/p>\n\n\n\n<p class=\"wp-block-paragraph\"><br>\nDatos ofrecidos por Aja indican que, a nivel mundial, entre 2015 y 2030 la\npoblaci\u00f3n de 60 a\u00f1os se elevar\u00e1 de 900 millones a 1.400 millones de personas,\nlo que supone un incremento del 64 por ciento en solo 15 a\u00f1os, para convertirse\nen el grupo de edades que m\u00e1s crece.<\/p>\n\n\n\n<p class=\"wp-block-paragraph\"><br>\nEl envejecimiento demogr\u00e1fico es resultado de determinada transici\u00f3n\ndemogr\u00e1fica, entendida como el paso de niveles altos a bajos de mortalidad\ny&nbsp;<a href=\"http:\/\/www.redsemlac-cuba.net\/sociedad-cultura\/fecundidad-cubana-buscar-pol%C3%ADticas-con-los-pies-en-la-tierra.html\" target=\"_blank\" rel=\"noreferrer noopener\">fecundidad<\/a>, con efectos en la\nestructura por edades de la poblaci\u00f3n, precis\u00f3.<\/p>\n\n\n\n<p class=\"wp-block-paragraph\"><br>\n\u00abEllo trae implicaciones para el cuidado, la fuerza laboral, la defensa o\nel deporte\u00bb, expuso como ejemplos la investigadora Alina Alfonso, quien\ndestac\u00f3 la diversidad de esa poblaci\u00f3n envejecida en cuanto a su estado civil,\nnivel educacional, residencia urbana o rural y acceso las nuevas tecnolog\u00edas,\nentre otras variables.<\/p>\n\n\n\n<p class=\"wp-block-paragraph\"><br>\nParticipantes en el taller indicaron que las miradas al envejecimiento&nbsp;<a href=\"http:\/\/www.redsemlac-cuba.net\/sociedad-cultura\/envejecimiento,-entre-vida-cotidiana-y-pol%C3%ADtica-social.html\" target=\"_blank\" rel=\"noreferrer noopener\">desde las investigaciones y las\npol\u00edticas p\u00fablicas<\/a>&nbsp;deben\ntener en cuenta el enfoque territorial, las diferencias por g\u00e9nero, los\nprocesos de migraci\u00f3n interna y externa, las relaciones intergeneracionales, la\nprotecci\u00f3n de las personas adultas mayores, su cuidado, salud, seguridad\nsocial, empleo, entre otras situaciones.<\/p>\n\n\n\n<p class=\"wp-block-paragraph\"><br>\nTampoco pueden obviarse los v\u00ednculos entre poblaci\u00f3n envejecida y medio\nambiente, en un pa\u00eds que busca reducir los riesgos ante fen\u00f3menos naturales\nextremos y los efectos del cambio clim\u00e1tico.<\/p>\n\n\n\n<p class=\"wp-block-paragraph\"><br>\n\u00abSe trata de fen\u00f3menos con repercusi\u00f3n en la salud de la poblaci\u00f3n, en\nparticular de personas adultas mayores que necesitan ayuda ante estas\nsituaciones\u00bb, puntualiz\u00f3 el ge\u00f3grafo Ren\u00e9 Gonz\u00e1lez Rego.<\/p>\n\n\n\n<p class=\"wp-block-paragraph\"><br>\nAdem\u00e1s de invertir en entornos f\u00edsicos m\u00e1s amigables con las personas adultas,\nse necesita reducir los riesgos en caso de tormentas, inundaciones y otros\nfen\u00f3menos, alert\u00f3.<\/p>\n\n\n\n<p class=\"wp-block-paragraph\"><br>\nEstudios indican que de los 94 municipios con costas en el pa\u00eds, 90 tienen un\nnivel de envejecimiento, con densidad de poblaci\u00f3n muy baja y poca percepci\u00f3n\ndel riesgo que corren ante eventos como las inundaciones costeras, expuso como\nejemplo.<\/p>\n\n\n\n<p class=\"wp-block-paragraph\"><br>\nUn tema pendiente es la gesti\u00f3n que, por encargo, tiene la educaci\u00f3n en el tema\ndel envejecimiento, se\u00f1al\u00f3 la psic\u00f3loga y profesora Teresa Orosa, presidenta de\nla C\u00e1tedra del Adulto Mayor de la Universidad de La Habana.<\/p>\n\n\n\n<p class=\"wp-block-paragraph\"><br>\nOrosa se refiri\u00f3 no solo a la formaci\u00f3n de las personas mayores, que se\nconcreta mediante los cursos que desarrollan las c\u00e1tedras en todo el pa\u00eds, sino\ntambi\u00e9n a la sensibilizaci\u00f3n y educaci\u00f3n de la poblaci\u00f3n. \u00abHablo de\neducaci\u00f3n para mayores y sobre mayores\u00bb, puntualiz\u00f3.<\/p>\n\n\n\n<p class=\"wp-block-paragraph\"><br>\nAbog\u00f3, adem\u00e1s, por la integraci\u00f3n de las acciones diversas que se desarrollan\nhoy desde las universidades y la academia, as\u00ed como a favor de\n\u00abgerontolizar las estad\u00edsticas y los pensamientos\u00bb.<\/p>\n\n\n\n<p class=\"wp-block-paragraph\"><br>\nEl proceso de envejecimiento demogr\u00e1fico presiona igualmente a diversas esferas\nde la econom\u00eda y la sociedad, advirti\u00f3 la estudiosa Alina Hern\u00e1ndez Montero,\ndel Instituto Nacional de Investigaciones Econ\u00f3micas, quien se refiri\u00f3 al\nincremento de demanda en la atenci\u00f3n de salud y al sistema de pensiones que se\ngenera.<\/p>\n\n\n\n<p class=\"wp-block-paragraph\"><br>\nDe acuerdo con datos de la Encuesta Nacional de Envejecimiento Poblacional\n(2011) ofrecidos por la experta, 82 por ciento de las personas mayores padece\nalguna enfermedad cr\u00f3nica, proporci\u00f3n que se incrementa a 89 por ciento en\npersonas de 75 a\u00f1os y m\u00e1s.<\/p>\n\n\n\n<p class=\"wp-block-paragraph\"><br>\nEllo se relaciona directamente con los cuidados, un asunto que precisa de la\ncombinaci\u00f3n del apoyo familiar y las pol\u00edticas p\u00fablicas, pero que actualmente\nsigue sobrecargando a las familias, en particular a&nbsp;<a href=\"http:\/\/www.redsemlac-cuba.net\/sociedad-cultura\/las-cargas-de-las-cuidadoras.html\" target=\"_blank\" rel=\"noreferrer noopener\">las mujeres que trabajan, cuidan a su\ndescendencia y son responsables de familiares mayores<\/a>.<\/p>\n\n\n\n<p class=\"wp-block-paragraph\"><br>\nNo son pocas las que tienen incluso que dejar de trabajar en un etapa\nproductiva de la vida para cuidar de personas ancianas dependientes. Estimados\ncitados por Hern\u00e1ndez Montero indican que deja de crearse dos por ciento del\nPIB por asumirse tareas de cuidado.<\/p>\n\n\n\n<p class=\"wp-block-paragraph\"><br>\nCon la edad aparecen tambi\u00e9n&nbsp;<a href=\"http:\/\/www.redsemlac-cuba.net\/salud\/sexualidad-en-mujeres-con-enfermedad-renal-zona-de-silencio.html\" target=\"_blank\" rel=\"noreferrer noopener\">enfermedades cr\u00f3nicas<\/a>&nbsp;que repercuten en\nla calidad de vida, la salud sexual y reproductiva, se\u00f1al\u00f3&nbsp;<a href=\"http:\/\/directoriogenero.redsemlac-cuba.net\/beatriz-torres-rodriguez\/\" target=\"_blank\" rel=\"noreferrer noopener\">la sex\u00f3loga Beatriz Torres<\/a>, presidenta de la\nSociedad Cubana Multidisciplinaria para el Estudio de la Sexualidad (Socumes).<\/p>\n\n\n\n<p class=\"wp-block-paragraph\"><br>\n\u00ab<a href=\"http:\/\/www.redsemlac-cuba.net\/violencia\/sexualidad-en-la-tercera-edad-%C2%BFuna-mala-etapa.html\" target=\"_blank\" rel=\"noreferrer noopener\">La sexualidad cambia<\/a>, pero no termina con el\navance de la edad\u00bb, reiter\u00f3 Torres y dijo que igualmente perviven&nbsp;<a href=\"http:\/\/www.redsemlac-cuba.net\/sociedad-cultura\/estereotipos-sexistas-tambi%C3%A9n-alcanzan-a-las-personas-mayores.html\" target=\"_blank\" rel=\"noreferrer noopener\">estereotipos y mitos<\/a>&nbsp;que limitan la\nsexualidad de mujeres y hombres mayores.<\/p>\n\n\n\n<p class=\"wp-block-paragraph\"><br>\n\u00abHace falta fortalecer jur\u00eddicamente las pol\u00edticas de cuidado de esas\npersonas\u00bb, dijo Aim\u00e9e Gross Guti\u00e9rrez, del Grupo de Investigaciones sobre\nel cuidado del adulto mayor (GICAM) del Departamento de Sociolog\u00eda de la\nUniversidad de La Habana.<\/p>\n\n\n\n<p class=\"wp-block-paragraph\"><br>\nEse es uno de los resultados emanados de los estudios de ese colectivo\nacad\u00e9mico, que aboga por reconocerlos como&nbsp;<a href=\"http:\/\/www.redsemlac-cuba.net\/sociedad-cultura\/abogan-juristas-por-visibilizar-los-derechos-de-las-personas-mayores.html\" target=\"_blank\" rel=\"noreferrer noopener\">ciudadanos plenos, con derecho al\nenvejecimiento activo y al cuidado de calidad<\/a>.<\/p>\n\n\n\n<p class=\"wp-block-paragraph\"><br>\nEl GICAM apuesta tambi\u00e9n por generar acciones para defeminizar el rol de\ncuidador y garantizar la permanencia y estabilidad del personal que labora en\ninstituciones estatales de cuidado, se\u00f1al\u00f3 Gross Guti\u00e9rrez.<\/p>\n\n\n\n<p class=\"wp-block-paragraph\"><br>\nOtro gran desaf\u00edo tiene que ver con el acceso, dominio y uso de las nuevas\ntecnolog\u00edas de la informaci\u00f3n y las comunicaciones por parte de estas personas,\nreflexion\u00f3 Ania Hern\u00e1ndez, profesora de la Facultad de Comunicaci\u00f3n de La\nHabana, quien abog\u00f3 por la alfabetizaci\u00f3n digital de esa poblaci\u00f3n.<\/p>\n\n\n\n<p class=\"wp-block-paragraph\"><br>\n\u00abNo se trata solo de conocer y dominar la tecnolog\u00eda, sino de garantizar\nuna continuidad de su uso como necesidad personal y tambi\u00e9n colectiva, para\nacompa\u00f1ar y participar en el proceso de democratizaci\u00f3n ciudadana del\ngobierno\u00bb, agreg\u00f3.<\/p>\n\n\n\n<p class=\"wp-block-paragraph\">SEM-SEMlac\/sm<\/p>\n","protected":false},"excerpt":{"rendered":"<p>Entre 2015 y 2030 la poblaci\u00f3n de 60 a\u00f1os se elevar\u00e1 de 900 millones a mil 400 millones de personas<\/p>\n","protected":false},"author":3,"featured_media":9753,"comment_status":"open","ping_status":"open","sticky":false,"template":"","format":"standard","meta":{"_monsterinsights_skip_tracking":false,"footnotes":""},"categories":[690,53],"tags":[],"class_list":["post-9752","post","type-post","status-publish","format-standard","has-post-thumbnail","category-690","category-internacional"],"_links":{"self":[{"href":"https:\/\/redsemlac.com\/semmexico\/wp-json\/wp\/v2\/posts\/9752","targetHints":{"allow":["GET"]}}],"collection":[{"href":"https:\/\/redsemlac.com\/semmexico\/wp-json\/wp\/v2\/posts"}],"about":[{"href":"https:\/\/redsemlac.com\/semmexico\/wp-json\/wp\/v2\/types\/post"}],"author":[{"embeddable":true,"href":"https:\/\/redsemlac.com\/semmexico\/wp-json\/wp\/v2\/users\/3"}],"replies":[{"embeddable":true,"href":"https:\/\/redsemlac.com\/semmexico\/wp-json\/wp\/v2\/comments?post=9752"}],"version-history":[{"count":0,"href":"https:\/\/redsemlac.com\/semmexico\/wp-json\/wp\/v2\/posts\/9752\/revisions"}],"wp:featuredmedia":[{"embeddable":true,"href":"https:\/\/redsemlac.com\/semmexico\/wp-json\/wp\/v2\/media\/9753"}],"wp:attachment":[{"href":"https:\/\/redsemlac.com\/semmexico\/wp-json\/wp\/v2\/media?parent=9752"}],"wp:term":[{"taxonomy":"category","embeddable":true,"href":"https:\/\/redsemlac.com\/semmexico\/wp-json\/wp\/v2\/categories?post=9752"},{"taxonomy":"post_tag","embeddable":true,"href":"https:\/\/redsemlac.com\/semmexico\/wp-json\/wp\/v2\/tags?post=9752"}],"curies":[{"name":"wp","href":"https:\/\/api.w.org\/{rel}","templated":true}]}}