{"id":97512,"date":"2025-08-04T19:06:55","date_gmt":"2025-08-05T01:06:55","guid":{"rendered":"https:\/\/redsemlac.com\/semmexico\/?p=97512"},"modified":"2025-08-04T19:06:56","modified_gmt":"2025-08-05T01:06:56","slug":"reconoce-gobierno-de-mexico-a-10-afromexicanas","status":"publish","type":"post","link":"https:\/\/redsemlac.com\/semmexico\/reconoce-gobierno-de-mexico-a-10-afromexicanas\/","title":{"rendered":"Reconoce gobierno de M\u00e9xico a 10 afromexicanas"},"content":{"rendered":"\n<ul class=\"wp-block-list\">\n<li>Realizan la tercera edici\u00f3n del Premio Nacional a la Promoci\u00f3n de los Derechos de las Mujeres Afromexicanas<\/li>\n\n\n\n<li>Destacan funcionarios, pol\u00edticas p\u00fablicas y reformas constitucionales a favor de las mujeres<\/li>\n<\/ul>\n\n\n\n<p class=\"wp-block-paragraph\">Redacci\u00f3n<\/p>\n\n\n\n<p class=\"wp-block-paragraph\">SemM\u00e9xico, Ciudad de M\u00e9xico, a 4 de agosto, 2025.-&nbsp;Con el objetivo de reconocer, visibilizar y honrar la resistencia y contribuciones fundamentales de las mujeres afromexicanas quienes con su labor incansable, promueven la igualdad sustantiva y combaten la discriminaci\u00f3n, el Gobierno de M\u00e9xico, galardon\u00f3 10 mujeres con el Premio Nacional a la Promoci\u00f3n de los Derechos de las Mujeres Afromexicanas en su tercera edici\u00f3n.<\/p>\n\n\n\n<p class=\"wp-block-paragraph\">A trav\u00e9s de la Secretar\u00eda de las Mujeres (MUJERES) y el Instituto Nacional de los Pueblos Ind\u00edgenas (INPI), las galardonadas compartieron sus experiencias y el impacto del trabajo comunitario que realizan.<\/p>\n\n\n\n<p class=\"wp-block-paragraph\">Subrayaron la importancia de las luchas lideradas por las mujeres que las precedieron y enfatizaron la urgencia de impulsar pol\u00edticas p\u00fablicas inclusivas que reflejen la diversidad de voces y necesidades, para erradicar la discriminaci\u00f3n.<\/p>\n\n\n\n<p class=\"wp-block-paragraph\">En la ceremonia de premiaci\u00f3n, -presidida por la secretaria de las Mujeres, Citlali Hern\u00e1ndez Mora, en el Centro Cultural Los Pinos-, explic\u00f3 que M\u00e9xico se fue construyendo bajo la falsa idea de que hay una sola versi\u00f3n de las cosas, de la historia, de la manera de ser, de vestir, de vernos. Por ello, insisti\u00f3 en que la visibilizaci\u00f3n de las mujeres debe venir acompa\u00f1ada del combate a la discriminaci\u00f3n. \u00abDebe significar un abrazo profundo a la diversidad en todas sus formas\u00bb, acot\u00f3.<\/p>\n\n\n\n<p class=\"wp-block-paragraph\">Sobre el trabajo realizado por la Secretar\u00eda de las Mujeres, Citlalli Hern\u00e1ndez apunt\u00f3 que la dependencia a su cargo fue nombrada en plural porque se trabaja en una visi\u00f3n de derechos, en un combate de desigualdad y de violencias para todas las mujeres.<\/p>\n\n\n\n<p class=\"wp-block-paragraph\">Por su parte, el director general del INPI, Adelfo Regino Montes afirm\u00f3 que se est\u00e1 dando una especial importancia al reconocimiento de los derechos de las mujeres ind\u00edgenas y afromexicanas que se refleja en la Reforma Constitucional al art\u00edculo 2\u00b0 que se aprob\u00f3 el a\u00f1o pasado, \u201cen donde hay un nuevo marco constitucional en la materia que tenemos que poner en pr\u00e1ctica todas las entidades y dependencias de la Administraci\u00f3n P\u00fablica Federal\u201d, se\u00f1al\u00f3.<\/p>\n\n\n\n<p class=\"wp-block-paragraph\">A\u00f1adi\u00f3 que la reforma sobre el reconocimiento de los derechos de los pueblos ind\u00edgenas y afromexicanos, \u201ces una reforma hist\u00f3rica que tiene un gran calado, una gran profundidad porque al tiempo de que se reconoce a los pueblos y comunidades afromexicanas como sujetos de derecho p\u00fablico, investidos de su derecho de libre determinaci\u00f3n y autonom\u00eda y un conjunto de derechos colectivos, tambi\u00e9n en el apartado D se reconoce los derechos de las mujeres ind\u00edgenas y afromexicanas\u201d, a\u00f1adi\u00f3.<\/p>\n\n\n\n<p class=\"wp-block-paragraph\">Por ello, el titular de INPI detall\u00f3 que como lo ha mandatado la presidenta Claudia Sheinbaum Pardo, el Gobierno de M\u00e9xico elabora la Ley General de Derechos de los Pueblos Ind\u00edgenas y Afromexicanos, donde va a haber dos libros muy importantes:<\/p>\n\n\n\n<p class=\"wp-block-paragraph\">Por un lado, el libro tercero que ser\u00e1 dedicado espec\u00edficamente a los derechos de los pueblos y comunidades afromexicanas donde se va a desarrollar todo lo que tiene que ver con su car\u00e1cter de sujetos de derecho p\u00fablico, el derecho de libre determinaci\u00f3n y autonom\u00eda y otros derechos colectivos.<\/p>\n\n\n\n<p class=\"wp-block-paragraph\">Por otro lado, el libro cuarto que es de los derechos de las mujeres ind\u00edgenas y afromexicanas que es donde se va a desarrollar todo lo que est\u00e1 en el apartado del art\u00edculo segundo de la Constituci\u00f3n Mexicana.<\/p>\n\n\n\n<p class=\"wp-block-paragraph\">Expuso que en el marco del D\u00eda Internacional de la Mujer Afrodescendiente el INPI y la Secretar\u00eda de Relaciones Exteriores han acordado construir un plan de acci\u00f3n, para que cada una de las instituciones realicemos pol\u00edticas,&nbsp;programas, acciones concretas en el marco de este decenio y que podamos ponerlos en manos de la comunidad internacional, de los 194 pa\u00edses que integran la Organizaci\u00f3n de las Naciones Unidas\u201d, por ello invit\u00f3 a la Secretar\u00eda de las Mujeres a sumarse a este plan en beneficio de las mujeres ind\u00edgenas y afromexicanas.<\/p>\n\n\n\n<p class=\"wp-block-paragraph\">A su vez, la presidenta del Consejo Nacional para Prevenir la Discriminaci\u00f3n (Conapred), Claudia Olivia Morales Reza, destac\u00f3 la importancia de la distinci\u00f3n y reconocimiento de la lucha y trabajo de las mujeres afromexicanas. \u201cCada participaci\u00f3n que hoy galardonamos lleva consigo mucho m\u00e1s que un nombre. Lleva una historia, un camino recorrido con coraje, con orgullo, con memoria\u201d.<\/p>\n\n\n\n<p class=\"wp-block-paragraph\">\u201cTenemos un compromiso firme, interseccional, profundamente territorial y con memoria. Porque hablar de igualdad sin ustedes ser\u00eda perpetuar el silencio. Y nosotras, nosotres, no estamos aqu\u00ed para silenciar: estamos para amplificar, para acompa\u00f1ar y para transformar\u201d.<\/p>\n\n\n\n<p class=\"wp-block-paragraph\">Cabe se\u00f1alar que el Comit\u00e9 Dictaminador del Premio Nacional a la Promoci\u00f3n de los Derechos de las Mujeres Afromexicanas, compuesto por personas destacadas en la promoci\u00f3n de derechos humanos, recibi\u00f3 54 postulaciones de 11 estados: Guerrero, Oaxaca, Veracruz, Morelos, Yucat\u00e1n, Puebla, Coahuila, M\u00e9xico, Quintana Roo, San Luis Potos\u00ed y la Ciudad de M\u00e9xico.<\/p>\n\n\n\n<p class=\"wp-block-paragraph\">Las galardonadas son:<\/p>\n\n\n\n<p class=\"wp-block-paragraph\">Teresa de Jes\u00fas Mojica Morga, Asunci\u00f3n Salinas Gare\u00eda, Teodomira Rosales Mirna Zarate Rodr\u00edguez y Beatriz Ruiz Guzm\u00e1n, del estado de Guerrero; Eva Victoria Gasga Noyola, Paula Maximiana Laredo Herrera y Yadira Torres D\u00edaz del estado de Oaxaca; Yum Ko Ogata Aguilar y Mar\u00eda Concepci\u00f3n Patraca Rueda, del estado de Veracruz.<\/p>\n\n\n\n<p class=\"wp-block-paragraph\">SEM\/sj<\/p>\n\n\n\n<figure class=\"wp-block-image size-large\"><a href=\"https:\/\/redsemlac.com\/semmexico\/wp-content\/uploads\/2025\/08\/IMG-20250731-WA0041-scaled.jpg\"><img loading=\"lazy\" decoding=\"async\" width=\"1024\" height=\"768\" src=\"https:\/\/redsemlac.com\/semmexico\/wp-content\/uploads\/2025\/08\/IMG-20250731-WA0041-1024x768.jpg\" alt=\"\" class=\"wp-image-97513\" srcset=\"https:\/\/redsemlac.com\/semmexico\/wp-content\/uploads\/2025\/08\/IMG-20250731-WA0041-1024x768.jpg 1024w, https:\/\/redsemlac.com\/semmexico\/wp-content\/uploads\/2025\/08\/IMG-20250731-WA0041-300x225.jpg 300w, https:\/\/redsemlac.com\/semmexico\/wp-content\/uploads\/2025\/08\/IMG-20250731-WA0041-768x576.jpg 768w, https:\/\/redsemlac.com\/semmexico\/wp-content\/uploads\/2025\/08\/IMG-20250731-WA0041-1536x1152.jpg 1536w, https:\/\/redsemlac.com\/semmexico\/wp-content\/uploads\/2025\/08\/IMG-20250731-WA0041-2048x1536.jpg 2048w, https:\/\/redsemlac.com\/semmexico\/wp-content\/uploads\/2025\/08\/IMG-20250731-WA0041-150x112.jpg 150w, https:\/\/redsemlac.com\/semmexico\/wp-content\/uploads\/2025\/08\/IMG-20250731-WA0041-696x522.jpg 696w, https:\/\/redsemlac.com\/semmexico\/wp-content\/uploads\/2025\/08\/IMG-20250731-WA0041-1068x801.jpg 1068w, https:\/\/redsemlac.com\/semmexico\/wp-content\/uploads\/2025\/08\/IMG-20250731-WA0041-1920x1440.jpg 1920w\" sizes=\"auto, (max-width: 1024px) 100vw, 1024px\" \/><\/a><\/figure>\n","protected":false},"excerpt":{"rendered":"<p>Redacci\u00f3n SemM\u00e9xico, Ciudad de M\u00e9xico, a 4 de agosto, 2025.-&nbsp;Con el objetivo de reconocer, visibilizar y honrar la resistencia y contribuciones fundamentales de las mujeres afromexicanas quienes con su labor incansable, promueven la igualdad sustantiva y combaten la discriminaci\u00f3n, el Gobierno de M\u00e9xico, galardon\u00f3 10 mujeres con el Premio Nacional a la Promoci\u00f3n de los [&hellip;]<\/p>\n","protected":false},"author":3,"featured_media":97514,"comment_status":"open","ping_status":"open","sticky":false,"template":"","format":"standard","meta":{"_monsterinsights_skip_tracking":false,"footnotes":""},"categories":[903],"tags":[],"class_list":["post-97512","post","type-post","status-publish","format-standard","has-post-thumbnail","category-presidenta-y-mas"],"_links":{"self":[{"href":"https:\/\/redsemlac.com\/semmexico\/wp-json\/wp\/v2\/posts\/97512","targetHints":{"allow":["GET"]}}],"collection":[{"href":"https:\/\/redsemlac.com\/semmexico\/wp-json\/wp\/v2\/posts"}],"about":[{"href":"https:\/\/redsemlac.com\/semmexico\/wp-json\/wp\/v2\/types\/post"}],"author":[{"embeddable":true,"href":"https:\/\/redsemlac.com\/semmexico\/wp-json\/wp\/v2\/users\/3"}],"replies":[{"embeddable":true,"href":"https:\/\/redsemlac.com\/semmexico\/wp-json\/wp\/v2\/comments?post=97512"}],"version-history":[{"count":0,"href":"https:\/\/redsemlac.com\/semmexico\/wp-json\/wp\/v2\/posts\/97512\/revisions"}],"wp:featuredmedia":[{"embeddable":true,"href":"https:\/\/redsemlac.com\/semmexico\/wp-json\/wp\/v2\/media\/97514"}],"wp:attachment":[{"href":"https:\/\/redsemlac.com\/semmexico\/wp-json\/wp\/v2\/media?parent=97512"}],"wp:term":[{"taxonomy":"category","embeddable":true,"href":"https:\/\/redsemlac.com\/semmexico\/wp-json\/wp\/v2\/categories?post=97512"},{"taxonomy":"post_tag","embeddable":true,"href":"https:\/\/redsemlac.com\/semmexico\/wp-json\/wp\/v2\/tags?post=97512"}],"curies":[{"name":"wp","href":"https:\/\/api.w.org\/{rel}","templated":true}]}}