{"id":97504,"date":"2025-08-04T14:43:14","date_gmt":"2025-08-04T20:43:14","guid":{"rendered":"https:\/\/redsemlac.com\/semmexico\/?p=97504"},"modified":"2025-08-04T14:43:55","modified_gmt":"2025-08-04T20:43:55","slug":"demandan-a-la-ss-prevenir-y-atender-embarazos-adolescentes","status":"publish","type":"post","link":"https:\/\/redsemlac.com\/semmexico\/demandan-a-la-ss-prevenir-y-atender-embarazos-adolescentes\/","title":{"rendered":"Demandan a la SS prevenir y atender embarazos adolescentes"},"content":{"rendered":"\n<ul class=\"wp-block-list\">\n<li>Se debe cumplir con normatividad para evitar embarazos de ni\u00f1as y adolescentes<\/li>\n\n\n\n<li>en 2023 se registraron 101 mil 147 nacimientos en menores de entre 10 y 17 a\u00f1os<\/li>\n<\/ul>\n\n\n\n<p class=\"wp-block-paragraph\">Redacci\u00f3n<\/p>\n\n\n\n<p class=\"wp-block-paragraph\">SemM\u00e9xico, Ciudad de M\u00e9xico, 4 de agosto, 2025.- Las senadoras Geovanna Ba\u00f1uelos, Yeidckol Polevnsky, Liz S\u00e1nchez y Ana Karen Hern\u00e1ndez y el senador Alberto Anaya Guti\u00e9rrez llamaron a la Secretar\u00eda de Salud y sus hom\u00f3logas en los estados a fortalecer las acciones de capacitaci\u00f3n, supervisi\u00f3n y cumplimiento obligatorio de la Norma Oficial Mexicana NOM-046-SSA2-2005, que establece los criterios para la prevenci\u00f3n y atenci\u00f3n de la&nbsp;violencia familiar, sexual y contra las mujeres en todas las unidades de salud del pa\u00eds.<\/p>\n\n\n\n<p class=\"wp-block-paragraph\">Lo anterior, ante el incremento de casos de embarazo de ni\u00f1as y adolescentes con adultos, por lo que piden especial atenci\u00f3n en zonas rurales e ind\u00edgenas para asegurar el acceso efectivo y sin obst\u00e1culos a los servicios de salud sexual y reproductiva, incluyendo la anticoncepci\u00f3n de emergencia y, en su caso, la interrupci\u00f3n legal del embarazo, sin exigir denuncia previa ni autorizaci\u00f3n de padres o tutores.<\/p>\n\n\n\n<p class=\"wp-block-paragraph\">Mediante un punto presentado a la Comisi\u00f3n Permanente, el coordinador y las legisladoras del Grupo Parlamentario del Partido del Trabajo (GPPT) solicitan a la Fiscal\u00eda General de la Rep\u00fablica y sus homologas dar celeridad a las carpetas de investigaci\u00f3n de los presuntos casos de violencia sexual contra ni\u00f1as menores de edad y exigen que en todo momento se investigue con enfoque psicosocial y con prioridad a la restituci\u00f3n de derechos, evitando la revictimizaci\u00f3n y promoviendo el acceso efectivo a la justicia.<\/p>\n\n\n\n<p class=\"wp-block-paragraph\">Al fundamentar la propuesta, la senadora Geovanna Ba\u00f1uelos lament\u00f3 que, en M\u00e9xico miles de ni\u00f1as entre los 10 y 14 a\u00f1os enfrentan embarazos producto de agresiones sexuales.<\/p>\n\n\n\n<p class=\"wp-block-paragraph\">De acuerdo con cifras del Instituto Nacional de Estad\u00edstica y Geograf\u00eda (INEGI), en 2023 se registraron 101 mil 147 nacimientos en menores de entre 10 y 17 a\u00f1os, lo que representa el 5.6\u202f% del total de nacimientos en el pa\u00eds.<\/p>\n\n\n\n<p class=\"wp-block-paragraph\">\u201cLamentablemente, el embarazo de ni\u00f1as y adolescentes menores de edad con adultos es un problema que no se visibiliza en nuestra sociedad\u201d, se\u00f1al\u00f3 la legisladora por Zacatecas.<\/p>\n\n\n\n<p class=\"wp-block-paragraph\">La Secretar\u00eda de Salud document\u00f3 casos donde las madres ten\u00edan entre 10 y 12 a\u00f1os y habr\u00edan sido violentadas por varones cuya diferencia de edad es sumamente mayor.<\/p>\n\n\n\n<p class=\"wp-block-paragraph\">Entre los casos m\u00e1s alarmantes se encuentran uno en Texcoco, Estado de M\u00e9xico, donde una ni\u00f1a de 10 a\u00f1os tuvo un hijo de un hombre de 32 a\u00f1os, marcando una diferencia de 22 a\u00f1os; en Matehuala, San Luis Potos\u00ed, una menor de 11 a\u00f1os dio a luz, el padre ten\u00eda 47 a\u00f1os, una diferencia de 36 a\u00f1os.<\/p>\n\n\n\n<p class=\"wp-block-paragraph\">\u201cEl caso m\u00e1s extremo ocurri\u00f3 en El Oro, Estado de M\u00e9xico, donde una ni\u00f1a de 12 a\u00f1os tuvo un beb\u00e9 de un hombre de 65 a\u00f1os, lo que implica una diferencia de 53 a\u00f1os. S\u00ed, 53 a\u00f1os\u201d, destac\u00f3 Geovanna Ba\u00f1uelos.<\/p>\n\n\n\n<p class=\"wp-block-paragraph\">Pero esta situaci\u00f3n no solo afecta a ni\u00f1as y adolescentes. De hecho, encontramos en Acu\u00f1a, Coahuila, el caso de una mujer de 22 a\u00f1os que tuvo un hijo con un hombre de 97 a\u00f1os, con una diferencia de 75 a\u00f1os. Por otra parte, en Arcelia, Guerrero, se dio el caso de una madre de 23 a\u00f1os y un padre de 94 a\u00f1os.<\/p>\n\n\n\n<p class=\"wp-block-paragraph\">\u201cAunque estos casos se dan entre personas mayores de edad, es importante se\u00f1alar que la diferencia es sustancial, por lo que es posible suponer que proceden de una relaci\u00f3n de jerarqu\u00eda perpetrada por la propia cultura patriarcal\u201d, mencion\u00f3 la legisladora.<\/p>\n\n\n\n<p class=\"wp-block-paragraph\">Geovanna Ba\u00f1uelos lament\u00f3 que lejos de representar una excepci\u00f3n o un fen\u00f3meno aislado, esta realidad evidencia el aspecto m\u00e1s brutal de un sistema social marcado por el machismo, la violencia estructural y la omisi\u00f3n del Estado.<\/p>\n\n\n\n<p class=\"wp-block-paragraph\">Y asever\u00f3 que los tres niveles de gobierno tienen la obligaci\u00f3n constitucional y \u00e9tica de garantizar una vida libre de violencia para todas las ni\u00f1as.<\/p>\n\n\n\n<p class=\"wp-block-paragraph\">Pues ante esta dura realidad es evidente que en muchos casos no se investiga formalmente, no se sanciona al agresor, y el acceso a atenci\u00f3n m\u00e9dica de emergencia, anticoncepci\u00f3n o interrupci\u00f3n legal del embarazo no se garantiza\u201d, subray\u00f3 la senadora.<\/p>\n\n\n\n<p class=\"wp-block-paragraph\">\u201cLos embarazos infantiles no s\u00f3lo derivan en una maternidad forzada, sino que colocan a las ni\u00f1as en una situaci\u00f3n de riesgo extremo: abandono escolar, pobreza, afectaciones f\u00edsicas graves, depresi\u00f3n, y en muchos casos, exclusi\u00f3n familiar y comunitaria\u201d, concluy\u00f3.<\/p>\n\n\n\n<p class=\"wp-block-paragraph\">El punto de acuerdo fue turnado a la Segunda Comisi\u00f3n de Trabajo de la Comisi\u00f3n Permanente para su an\u00e1lisis y posterior dictaminaci\u00f3n.<\/p>\n\n\n\n<p class=\"wp-block-paragraph\">Consulta el documento completo en el siguiente enlace:&nbsp;<a href=\"https:\/\/www.senado.gob.mx\/66\/gaceta_comision_permanente\/documento\/151713\" target=\"_blank\" rel=\"noreferrer noopener\">https:\/\/www.senado.gob.mx\/66\/gaceta_comision_permanente\/documento\/151713<\/a><\/p>\n\n\n\n<p class=\"wp-block-paragraph\">SEM\/sj<\/p>\n","protected":false},"excerpt":{"rendered":"<p>Redacci\u00f3n SemM\u00e9xico, Ciudad de M\u00e9xico, 4 de agosto, 2025.- Las senadoras Geovanna Ba\u00f1uelos, Yeidckol Polevnsky, Liz S\u00e1nchez y Ana Karen Hern\u00e1ndez y el senador Alberto Anaya Guti\u00e9rrez llamaron a la Secretar\u00eda de Salud y sus hom\u00f3logas en los estados a fortalecer las acciones de capacitaci\u00f3n, supervisi\u00f3n y cumplimiento obligatorio de la Norma Oficial Mexicana NOM-046-SSA2-2005, [&hellip;]<\/p>\n","protected":false},"author":3,"featured_media":97505,"comment_status":"open","ping_status":"open","sticky":false,"template":"","format":"standard","meta":{"_monsterinsights_skip_tracking":false,"footnotes":""},"categories":[50],"tags":[],"class_list":["post-97504","post","type-post","status-publish","format-standard","has-post-thumbnail","category-congreso"],"_links":{"self":[{"href":"https:\/\/redsemlac.com\/semmexico\/wp-json\/wp\/v2\/posts\/97504","targetHints":{"allow":["GET"]}}],"collection":[{"href":"https:\/\/redsemlac.com\/semmexico\/wp-json\/wp\/v2\/posts"}],"about":[{"href":"https:\/\/redsemlac.com\/semmexico\/wp-json\/wp\/v2\/types\/post"}],"author":[{"embeddable":true,"href":"https:\/\/redsemlac.com\/semmexico\/wp-json\/wp\/v2\/users\/3"}],"replies":[{"embeddable":true,"href":"https:\/\/redsemlac.com\/semmexico\/wp-json\/wp\/v2\/comments?post=97504"}],"version-history":[{"count":0,"href":"https:\/\/redsemlac.com\/semmexico\/wp-json\/wp\/v2\/posts\/97504\/revisions"}],"wp:featuredmedia":[{"embeddable":true,"href":"https:\/\/redsemlac.com\/semmexico\/wp-json\/wp\/v2\/media\/97505"}],"wp:attachment":[{"href":"https:\/\/redsemlac.com\/semmexico\/wp-json\/wp\/v2\/media?parent=97504"}],"wp:term":[{"taxonomy":"category","embeddable":true,"href":"https:\/\/redsemlac.com\/semmexico\/wp-json\/wp\/v2\/categories?post=97504"},{"taxonomy":"post_tag","embeddable":true,"href":"https:\/\/redsemlac.com\/semmexico\/wp-json\/wp\/v2\/tags?post=97504"}],"curies":[{"name":"wp","href":"https:\/\/api.w.org\/{rel}","templated":true}]}}