{"id":97501,"date":"2025-08-04T14:36:08","date_gmt":"2025-08-04T20:36:08","guid":{"rendered":"https:\/\/redsemlac.com\/semmexico\/?p=97501"},"modified":"2025-08-04T14:36:09","modified_gmt":"2025-08-04T20:36:09","slug":"reafirma-secretaria-de-salud-su-compromiso-con-la-lactancia-materna","status":"publish","type":"post","link":"https:\/\/redsemlac.com\/semmexico\/reafirma-secretaria-de-salud-su-compromiso-con-la-lactancia-materna\/","title":{"rendered":"Reafirma Secretar\u00eda de Salud su compromiso con la lactancia materna"},"content":{"rendered":"\n<p class=\"wp-block-paragraph\">\u25cf Realizan Semana Mundial de la Lactancia Materna<\/p>\n\n\n\n<p class=\"wp-block-paragraph\">\u25cf&nbsp;El INPer llevar\u00e1 a cabo conferencias y un webinar con profesionales de salud<\/p>\n\n\n\n<p class=\"wp-block-paragraph\">Redacci\u00f3n<\/p>\n\n\n\n<p class=\"wp-block-paragraph\">SemM\u00e9xico, Ciudad de M\u00e9xico, 4 de agosto, 2025.- En el marco de la conmemoraci\u00f3n de la Semana Mundial de la Lactancia Materna, que se lleva a desde el 1 al 7 de agosto, la Secretar\u00eda de Salud&nbsp;trabaja&nbsp;para alcanzar la meta global recomendada por la Asamblea Mundial de la Salud, de aumentar la lactancia materna exclusiva en los primeros seis meses de edad al menos al 50 por ciento para el a\u00f1o 2025.<\/p>\n\n\n\n<p class=\"wp-block-paragraph\"><a><\/a>As\u00ed lo&nbsp;se\u00f1al\u00f3 la&nbsp;subdirectora de Neonatolog\u00eda del Instituto Nacional de Perinatolog\u00eda (INPer) Isidro Espinosa de los Reyes, Silvia Romero Maldonado, quien coment\u00f3 que este&nbsp;2025, los Institutos Nacionales de Salud, los hospitales de referencia, as\u00ed como regionales de alta especialidad, participan en la Semana Mundial de la Lactancia Materna con el lema \u201cDar prioridad a la lactancia materna: crear sistemas de apoyo sostenibles\u00bb.<\/p>\n\n\n\n<p class=\"wp-block-paragraph\">La agenda de actividades est\u00e1 orientada, en esta ocasi\u00f3n, a involucrar a toda la sociedad para que cada madre tenga el apoyo, el entorno y los recursos necesarios para amamantar con \u00e9xito al reci\u00e9n nacido desde el primer d\u00eda hasta los dos a\u00f1os.<\/p>\n\n\n\n<p class=\"wp-block-paragraph\">Inform\u00f3 que en el caso del INPer, se realizar\u00e1n jornadas de promoci\u00f3n para fortalecer la lactancia materna, a trav\u00e9s de conferencias y un webinar, donde los profesionales de la salud brindar\u00e1n asesor\u00eda a todas las mujeres embarazadas sobre los beneficios de amamantar desde su primer d\u00eda de vida al reci\u00e9n nacido.<\/p>\n\n\n\n<p class=\"wp-block-paragraph\">Adem\u00e1s, se\u00f1al\u00f3 que se busca involucrar a toda la sociedad a trav\u00e9s de entornos laborales de apoyo con salas de lactancia, as\u00ed como la educaci\u00f3n continua y el acceso a la informaci\u00f3n para que las madres puedan mantener la lactancia materna cuando regresan al trabajo.<\/p>\n\n\n\n<p class=\"wp-block-paragraph\">En este sentido, indic\u00f3 que a todas las mujeres embarazadas que ingresan al INPer, que son en un 50 por ciento de primera vez, realizan el contacto con piel al momento del nacimiento y la lactancia materna a la hora, con el apoyo del personal de la Cl\u00ednica de Lactancia del instituto, as\u00ed como del grupo de neonatolog\u00eda&nbsp;y&nbsp;del grupo de alojamiento conjunto con el Banco de Leche.<\/p>\n\n\n\n<p class=\"wp-block-paragraph\">SEM\/sj<\/p>\n\n\n\n<p class=\"wp-block-paragraph\"><\/p>\n","protected":false},"excerpt":{"rendered":"<p>\u25cf Realizan Semana Mundial de la Lactancia Materna \u25cf&nbsp;El INPer llevar\u00e1 a cabo conferencias y un webinar con profesionales de salud Redacci\u00f3n SemM\u00e9xico, Ciudad de M\u00e9xico, 4 de agosto, 2025.- En el marco de la conmemoraci\u00f3n de la Semana Mundial de la Lactancia Materna, que se lleva a desde el 1 al 7 de agosto, [&hellip;]<\/p>\n","protected":false},"author":3,"featured_media":97502,"comment_status":"open","ping_status":"open","sticky":false,"template":"","format":"standard","meta":{"_monsterinsights_skip_tracking":false,"footnotes":""},"categories":[903],"tags":[],"class_list":["post-97501","post","type-post","status-publish","format-standard","has-post-thumbnail","category-presidenta-y-mas"],"_links":{"self":[{"href":"https:\/\/redsemlac.com\/semmexico\/wp-json\/wp\/v2\/posts\/97501","targetHints":{"allow":["GET"]}}],"collection":[{"href":"https:\/\/redsemlac.com\/semmexico\/wp-json\/wp\/v2\/posts"}],"about":[{"href":"https:\/\/redsemlac.com\/semmexico\/wp-json\/wp\/v2\/types\/post"}],"author":[{"embeddable":true,"href":"https:\/\/redsemlac.com\/semmexico\/wp-json\/wp\/v2\/users\/3"}],"replies":[{"embeddable":true,"href":"https:\/\/redsemlac.com\/semmexico\/wp-json\/wp\/v2\/comments?post=97501"}],"version-history":[{"count":0,"href":"https:\/\/redsemlac.com\/semmexico\/wp-json\/wp\/v2\/posts\/97501\/revisions"}],"wp:featuredmedia":[{"embeddable":true,"href":"https:\/\/redsemlac.com\/semmexico\/wp-json\/wp\/v2\/media\/97502"}],"wp:attachment":[{"href":"https:\/\/redsemlac.com\/semmexico\/wp-json\/wp\/v2\/media?parent=97501"}],"wp:term":[{"taxonomy":"category","embeddable":true,"href":"https:\/\/redsemlac.com\/semmexico\/wp-json\/wp\/v2\/categories?post=97501"},{"taxonomy":"post_tag","embeddable":true,"href":"https:\/\/redsemlac.com\/semmexico\/wp-json\/wp\/v2\/tags?post=97501"}],"curies":[{"name":"wp","href":"https:\/\/api.w.org\/{rel}","templated":true}]}}