{"id":97498,"date":"2025-08-04T14:24:50","date_gmt":"2025-08-04T20:24:50","guid":{"rendered":"https:\/\/redsemlac.com\/semmexico\/?p=97498"},"modified":"2025-08-04T14:24:51","modified_gmt":"2025-08-04T20:24:51","slug":"denuncian-presunta-negligencia-medica-en-hospital-imss-bienestar-de-guerrero","status":"publish","type":"post","link":"https:\/\/redsemlac.com\/semmexico\/denuncian-presunta-negligencia-medica-en-hospital-imss-bienestar-de-guerrero\/","title":{"rendered":"Denuncian presunta negligencia m\u00e9dica en Hospital IMSS-Bienestar de Guerrero"},"content":{"rendered":"\n<ul class=\"wp-block-list\">\n<li>El beb\u00e9 muri\u00f3 y la madre se encuentra grave<\/li>\n\n\n\n<li>FNLP sostuvo que se trat\u00f3 de un acto de negligencia y discriminaci\u00f3n<\/li>\n<\/ul>\n\n\n\n<p class=\"wp-block-paragraph\">Abel Miranda Ayala<\/p>\n\n\n\n<p class=\"wp-block-paragraph\">SemM\u00e9xico\/Ceprovysa, 4 de agosto, 2025.- Presuntas negligencias cometidas por personal del hospital del IMSS-Bienestar de Ayutla, podr\u00edan ser la causa que gener\u00f3 la muerte de un reci\u00e9n nacido, se\u00f1al\u00f3 el Frente Nacional por la Liberaci\u00f3n de los Pueblos (FNLP), que sostuvo que se trat\u00f3 de un acto de discriminaci\u00f3n.<\/p>\n\n\n\n<p class=\"wp-block-paragraph\">Hoguer Morales Miranda, dirigente de ese organismo, explic\u00f3 que la negaci\u00f3n de atenci\u00f3n a mujer por su condici\u00f3n ind\u00edgena fue un acto de discriminaci\u00f3n a lo que se sum\u00f3 la falta de capacidad para atender a madre al momento del parto, lo que deriv\u00f3 en la p\u00e9rdida de vida del menor, en tanto la madre se encuentra grave en el nosocomio.<\/p>\n\n\n\n<p class=\"wp-block-paragraph\">Dijo que el pasado viernes 1 de agosto, la mujer, de quien se reserva el nombre, lleg\u00f3 al hospital con trabajo de parto, le negaron la atenci\u00f3n asegurando que no hab\u00eda personal m\u00e9dico y de enfermer\u00eda.<\/p>\n\n\n\n<p class=\"wp-block-paragraph\">Cuando finalmente la revisaron no eran las condiciones inadecuadas y le dijeron que se regresara a su casa porque al beb\u00e9 a\u00fan le faltaba, pero al salir en la puerta del hospital se le rompi\u00f3 la fuente.<\/p>\n\n\n\n<p class=\"wp-block-paragraph\"><br>El 2 de agosto fue finalmente admitida en el hospital sin recibir atenci\u00f3n. A las 3 de la ma\u00f1ana del domingo le avisaron a su esposo que buscara una cl\u00ednica particular o que la trasladara a Acapulco o Chilpancingo porque no hab\u00eda ambulancia y el director no contestaba.<\/p>\n\n\n\n<p class=\"wp-block-paragraph\"><br>Sus familiares exigieron la atenci\u00f3n y con apoyo de la organizaci\u00f3n se apostaron en la puerta del nosocomio y hasta ese momento apareci\u00f3 el personal que deb\u00eda atenderla, sin embargo, por el retraso en la atenci\u00f3n y negligencia m\u00e9dica el beb\u00e9 falleci\u00f3.<\/p>\n\n\n\n<p class=\"wp-block-paragraph\">El padre del beb\u00e9 recibi\u00f3 los restos y los llev\u00f3 hasta su hogar donde este domingo fueron velados y este lunes fueron sepultados, hasta el momento no le han dado la noticia a su mam\u00e1, ya que se encuentra muy delicada en el hospital.<\/p>\n\n\n\n<p class=\"wp-block-paragraph\">Hoguer Miranda demand\u00f3 la inmediata destituci\u00f3n del director de este hospital y del personal m\u00e9dico y de enfermer\u00eda que estuvo a cargo de la guardia del fin de semana, pues han demostrado gran insensibilidad para atender la salud de los ayutlenses y de otros municipios de la Costa Chica que acuden a este nosocomio y exigi\u00f3 a la Secretaria de Salud una atenci\u00f3n prioritaria verdadera y eficiente.<\/p>\n\n\n\n<p class=\"wp-block-paragraph\">SEM-Ceprovysa\/ama<\/p>\n\n\n\n<p class=\"wp-block-paragraph\"><\/p>\n","protected":false},"excerpt":{"rendered":"<p>Abel Miranda Ayala SemM\u00e9xico\/Ceprovysa, 4 de agosto, 2025.- Presuntas negligencias cometidas por personal del hospital del IMSS-Bienestar de Ayutla, podr\u00edan ser la causa que gener\u00f3 la muerte de un reci\u00e9n nacido, se\u00f1al\u00f3 el Frente Nacional por la Liberaci\u00f3n de los Pueblos (FNLP), que sostuvo que se trat\u00f3 de un acto de discriminaci\u00f3n. Hoguer Morales Miranda, [&hellip;]<\/p>\n","protected":false},"author":3,"featured_media":97500,"comment_status":"open","ping_status":"open","sticky":false,"template":"","format":"standard","meta":{"_monsterinsights_skip_tracking":false,"footnotes":""},"categories":[700],"tags":[],"class_list":["post-97498","post","type-post","status-publish","format-standard","has-post-thumbnail","category-estados"],"_links":{"self":[{"href":"https:\/\/redsemlac.com\/semmexico\/wp-json\/wp\/v2\/posts\/97498","targetHints":{"allow":["GET"]}}],"collection":[{"href":"https:\/\/redsemlac.com\/semmexico\/wp-json\/wp\/v2\/posts"}],"about":[{"href":"https:\/\/redsemlac.com\/semmexico\/wp-json\/wp\/v2\/types\/post"}],"author":[{"embeddable":true,"href":"https:\/\/redsemlac.com\/semmexico\/wp-json\/wp\/v2\/users\/3"}],"replies":[{"embeddable":true,"href":"https:\/\/redsemlac.com\/semmexico\/wp-json\/wp\/v2\/comments?post=97498"}],"version-history":[{"count":0,"href":"https:\/\/redsemlac.com\/semmexico\/wp-json\/wp\/v2\/posts\/97498\/revisions"}],"wp:featuredmedia":[{"embeddable":true,"href":"https:\/\/redsemlac.com\/semmexico\/wp-json\/wp\/v2\/media\/97500"}],"wp:attachment":[{"href":"https:\/\/redsemlac.com\/semmexico\/wp-json\/wp\/v2\/media?parent=97498"}],"wp:term":[{"taxonomy":"category","embeddable":true,"href":"https:\/\/redsemlac.com\/semmexico\/wp-json\/wp\/v2\/categories?post=97498"},{"taxonomy":"post_tag","embeddable":true,"href":"https:\/\/redsemlac.com\/semmexico\/wp-json\/wp\/v2\/tags?post=97498"}],"curies":[{"name":"wp","href":"https:\/\/api.w.org\/{rel}","templated":true}]}}