{"id":97492,"date":"2025-08-04T14:05:51","date_gmt":"2025-08-04T20:05:51","guid":{"rendered":"https:\/\/redsemlac.com\/semmexico\/?p=97492"},"modified":"2025-08-04T14:05:52","modified_gmt":"2025-08-04T20:05:52","slug":"activan-tres-alertas-violeta-por-desaparicion-de-mujeres-en-acapulco-iguala-y-tixtla","status":"publish","type":"post","link":"https:\/\/redsemlac.com\/semmexico\/activan-tres-alertas-violeta-por-desaparicion-de-mujeres-en-acapulco-iguala-y-tixtla\/","title":{"rendered":"Activan tres alertas violeta por desaparici\u00f3n de mujeres en Acapulco, Iguala y Tixtla"},"content":{"rendered":"\n<ul class=\"wp-block-list\">\n<li>Fueron vistas por \u00faltima vez entre los \u00faltimos d\u00edas de julio y los primeros de agosto<\/li>\n\n\n\n<li>Los tres municipios se ubican en la entidad sure\u00f1a de Guerrero<\/li>\n<\/ul>\n\n\n\n<p class=\"wp-block-paragraph\">Isabel Mart\u00ednez<\/p>\n\n\n\n<p class=\"wp-block-paragraph\">SemM\u00e9xico\/Ceprovysa, Chilpancingo, 4 de agosto, 2025.- Activan tres alertas violeta para la b\u00fasqueda de tres mujeres reportadas como desaparecidas, una de ellas menor de edad, en las ciudades de Acapulco, Iguala y Tixtla.<\/p>\n\n\n\n<p class=\"wp-block-paragraph\">En Acapulco la alerta fue emitida por F\u00e1tima Dennis R\u00edos G\u00f3mez de 25 a\u00f1os, vista el martes 29 de julio de este a\u00f1o en este puerto.<\/p>\n\n\n\n<p class=\"wp-block-paragraph\">En Iguala se activ\u00f3 la b\u00fasqueda de Gabriela Mercado Vilchis, de 31 a\u00f1os, reportada como desaparecida el s\u00e1bado 2 de agosto del a\u00f1o en curso.<\/p>\n\n\n\n<p class=\"wp-block-paragraph\"><br>En tanto que en Tixtla la alerta de b\u00fasqueda es por Samantha Arisbeth Salazar Tolentino, de 12 a\u00f1os, reportada como desaparecida el s\u00e1bado 2 de agosto del a\u00f1o en curso.<\/p>\n\n\n\n<p class=\"wp-block-paragraph\"><br>El Protocolo Violeta emite las fichas de b\u00fasqueda de las tres mujeres y espera que la sociedad participe en su pronta localizaci\u00f3n de manera conjunta con las autoridades de seguridad.<\/p>\n\n\n\n<p class=\"wp-block-paragraph\">SEM-Ceprovysa\/im<\/p>\n\n\n\n<figure class=\"wp-block-image size-full\"><a href=\"https:\/\/redsemlac.com\/semmexico\/wp-content\/uploads\/2025\/08\/alerta-por-desaparicion-01.jpg\"><img loading=\"lazy\" decoding=\"async\" width=\"632\" height=\"720\" src=\"https:\/\/redsemlac.com\/semmexico\/wp-content\/uploads\/2025\/08\/alerta-por-desaparicion-01.jpg\" alt=\"\" class=\"wp-image-97493\" srcset=\"https:\/\/redsemlac.com\/semmexico\/wp-content\/uploads\/2025\/08\/alerta-por-desaparicion-01.jpg 632w, https:\/\/redsemlac.com\/semmexico\/wp-content\/uploads\/2025\/08\/alerta-por-desaparicion-01-263x300.jpg 263w, https:\/\/redsemlac.com\/semmexico\/wp-content\/uploads\/2025\/08\/alerta-por-desaparicion-01-150x171.jpg 150w, https:\/\/redsemlac.com\/semmexico\/wp-content\/uploads\/2025\/08\/alerta-por-desaparicion-01-300x342.jpg 300w\" sizes=\"auto, (max-width: 632px) 100vw, 632px\" \/><\/a><\/figure>\n\n\n\n<figure class=\"wp-block-image size-full\"><a href=\"https:\/\/redsemlac.com\/semmexico\/wp-content\/uploads\/2025\/08\/alerta-por-desaparicion-02.jpg\"><img loading=\"lazy\" decoding=\"async\" width=\"645\" height=\"720\" src=\"https:\/\/redsemlac.com\/semmexico\/wp-content\/uploads\/2025\/08\/alerta-por-desaparicion-02.jpg\" alt=\"\" class=\"wp-image-97494\" srcset=\"https:\/\/redsemlac.com\/semmexico\/wp-content\/uploads\/2025\/08\/alerta-por-desaparicion-02.jpg 645w, https:\/\/redsemlac.com\/semmexico\/wp-content\/uploads\/2025\/08\/alerta-por-desaparicion-02-269x300.jpg 269w, https:\/\/redsemlac.com\/semmexico\/wp-content\/uploads\/2025\/08\/alerta-por-desaparicion-02-150x167.jpg 150w, https:\/\/redsemlac.com\/semmexico\/wp-content\/uploads\/2025\/08\/alerta-por-desaparicion-02-300x335.jpg 300w\" sizes=\"auto, (max-width: 645px) 100vw, 645px\" \/><\/a><\/figure>\n\n\n\n<figure class=\"wp-block-image size-full\"><a href=\"https:\/\/redsemlac.com\/semmexico\/wp-content\/uploads\/2025\/08\/alerta-por-desaparicion-03.jpg\"><img loading=\"lazy\" decoding=\"async\" width=\"630\" height=\"720\" src=\"https:\/\/redsemlac.com\/semmexico\/wp-content\/uploads\/2025\/08\/alerta-por-desaparicion-03.jpg\" alt=\"\" class=\"wp-image-97495\" srcset=\"https:\/\/redsemlac.com\/semmexico\/wp-content\/uploads\/2025\/08\/alerta-por-desaparicion-03.jpg 630w, https:\/\/redsemlac.com\/semmexico\/wp-content\/uploads\/2025\/08\/alerta-por-desaparicion-03-263x300.jpg 263w, https:\/\/redsemlac.com\/semmexico\/wp-content\/uploads\/2025\/08\/alerta-por-desaparicion-03-150x171.jpg 150w, https:\/\/redsemlac.com\/semmexico\/wp-content\/uploads\/2025\/08\/alerta-por-desaparicion-03-300x343.jpg 300w\" sizes=\"auto, (max-width: 630px) 100vw, 630px\" \/><\/a><\/figure>\n","protected":false},"excerpt":{"rendered":"<p>Isabel Mart\u00ednez SemM\u00e9xico\/Ceprovysa, Chilpancingo, 4 de agosto, 2025.- Activan tres alertas violeta para la b\u00fasqueda de tres mujeres reportadas como desaparecidas, una de ellas menor de edad, en las ciudades de Acapulco, Iguala y Tixtla. En Acapulco la alerta fue emitida por F\u00e1tima Dennis R\u00edos G\u00f3mez de 25 a\u00f1os, vista el martes 29 de julio [&hellip;]<\/p>\n","protected":false},"author":3,"featured_media":97496,"comment_status":"open","ping_status":"open","sticky":false,"template":"","format":"standard","meta":{"_monsterinsights_skip_tracking":false,"footnotes":""},"categories":[48],"tags":[],"class_list":["post-97492","post","type-post","status-publish","format-standard","has-post-thumbnail","category-no-mas-impunidad-no-mas-impunidad"],"_links":{"self":[{"href":"https:\/\/redsemlac.com\/semmexico\/wp-json\/wp\/v2\/posts\/97492","targetHints":{"allow":["GET"]}}],"collection":[{"href":"https:\/\/redsemlac.com\/semmexico\/wp-json\/wp\/v2\/posts"}],"about":[{"href":"https:\/\/redsemlac.com\/semmexico\/wp-json\/wp\/v2\/types\/post"}],"author":[{"embeddable":true,"href":"https:\/\/redsemlac.com\/semmexico\/wp-json\/wp\/v2\/users\/3"}],"replies":[{"embeddable":true,"href":"https:\/\/redsemlac.com\/semmexico\/wp-json\/wp\/v2\/comments?post=97492"}],"version-history":[{"count":0,"href":"https:\/\/redsemlac.com\/semmexico\/wp-json\/wp\/v2\/posts\/97492\/revisions"}],"wp:featuredmedia":[{"embeddable":true,"href":"https:\/\/redsemlac.com\/semmexico\/wp-json\/wp\/v2\/media\/97496"}],"wp:attachment":[{"href":"https:\/\/redsemlac.com\/semmexico\/wp-json\/wp\/v2\/media?parent=97492"}],"wp:term":[{"taxonomy":"category","embeddable":true,"href":"https:\/\/redsemlac.com\/semmexico\/wp-json\/wp\/v2\/categories?post=97492"},{"taxonomy":"post_tag","embeddable":true,"href":"https:\/\/redsemlac.com\/semmexico\/wp-json\/wp\/v2\/tags?post=97492"}],"curies":[{"name":"wp","href":"https:\/\/api.w.org\/{rel}","templated":true}]}}