{"id":97489,"date":"2025-08-04T13:52:40","date_gmt":"2025-08-04T19:52:40","guid":{"rendered":"https:\/\/redsemlac.com\/semmexico\/?p=97489"},"modified":"2025-08-04T13:52:42","modified_gmt":"2025-08-04T19:52:42","slug":"ocupacion-sionista-principal-fuente-de-terrorismo-e-inestabilidad","status":"publish","type":"post","link":"https:\/\/redsemlac.com\/semmexico\/ocupacion-sionista-principal-fuente-de-terrorismo-e-inestabilidad\/","title":{"rendered":"Ocupaci\u00f3n sionista principal fuente de terrorismo e inestabilidad"},"content":{"rendered":"\n<ul class=\"wp-block-list\">\n<li>Afirman en declaraci\u00f3n siete facciones Palestinas despu\u00e9s de la Declaraci\u00f3n de Nueva York<\/li>\n\n\n\n<li>La resistencia palestina en todas sus formas es una respuesta natural y leg\u00edtima<\/li>\n<\/ul>\n\n\n\n<p class=\"wp-block-paragraph\">Redacci\u00f3n<\/p>\n\n\n\n<p class=\"wp-block-paragraph\">SemM\u00e9xico, Ciudad de M\u00e9xico, 4 de agosto, 2025.- La ocupaci\u00f3n sionista es la principal fuente de terrorismo e inestabilidad en la regi\u00f3n, y el genocidio y la hambruna sistem\u00e1tica que est\u00e1 cometiendo en la Franja de Gaza no hacen m\u00e1s que reforzar su naturaleza criminal. Por consiguiente, la resistencia palestina en todas sus formas es una respuesta natural y leg\u00edtima a esta ocupaci\u00f3n.<\/p>\n\n\n\n<p class=\"wp-block-paragraph\">As\u00ed lo se\u00f1alan facciones palestinas, luego de los debates de la Conferencia Internacional de Alto Nivel de las Naciones Unidas, recientemente concluida en Nueva York.<\/p>\n\n\n\n<p class=\"wp-block-paragraph\">Esta conferencia se celebr\u00f3 en un momento cr\u00edtico y delicado de la historia de nuestro pueblo, mientras la ocupaci\u00f3n sionista contin\u00faa perpetrando una guerra de genocidio contra nuestro pueblo y nuestro pueblo en la Franja de Gaza, llevando a cabo una de las operaciones de hambruna m\u00e1s horrendas de la historia de la humanidad. Mientras tanto, la Corte Penal Internacional exige que sus l\u00edderes rindan cuentas y sean juzgados, en medio de un silencio internacional ensordecedor.<\/p>\n\n\n\n<p class=\"wp-block-paragraph\">La conferencia y la declaraci\u00f3n pol\u00edtica resultante tienen importantes implicaciones para el derecho del pueblo palestino a establecer su Estado plenamente soberano e independiente, se\u00f1ala el documento, por lo que emiten una declaraci\u00f3n de siete puntos.<\/p>\n\n\n\n<p class=\"wp-block-paragraph\">En primer lugar, saludan la firmeza del pueblo palestino en la Franja de Gaza, que enfrenta con paciencia y tenacidad una de las guerras m\u00e1s atroces de la historia moderna: la implacable guerra de genocidio y hambruna sistem\u00e1tica librada por la ocupaci\u00f3n sionista.<\/p>\n\n\n\n<p class=\"wp-block-paragraph\">Esta gran firmeza frente a la maquinaria de matanza y destrucci\u00f3n constituye el pilar fundamental que frustr\u00f3 los objetivos de la agresi\u00f3n y consolid\u00f3 el derecho de nuestro pueblo a la vida y la resistencia.<\/p>\n\n\n\n<p class=\"wp-block-paragraph\">En segundo lugar, dan la bienvenida a cualquier esfuerzo realizado a nivel internacional para apoyar a nuestro pueblo palestino y sus leg\u00edtimos derechos. \u201cEs el resultado natural de los sacrificios y la perseverancia de nuestro pueblo durante los 77 a\u00f1os transcurridos desde la Nakba, y un resultado directo de la expansi\u00f3n de la solidaridad internacional con nuestro pueblo, causada por la destructiva guerra sionista y la creciente presi\u00f3n que esta ejerci\u00f3 sobre la comunidad internacional\u00bb.<\/p>\n\n\n\n<p class=\"wp-block-paragraph\">Por ello plantean que el pueblo (palestino) exige el reconocimiento internacional incondicional de su Estado independiente y sus derechos nacionales inalienables, como un derecho pol\u00edtico y una justicia hist\u00f3rica innegociables e inaplazables.<\/p>\n\n\n\n<p class=\"wp-block-paragraph\">En un tercer punto afirman que el camino hacia una soluci\u00f3n comienza, en primer lugar, por detener esta agresi\u00f3n fascista contra nuestro pueblo y el crimen genocida y la pol\u00edtica sistem\u00e1tica de hambruna practicada por las fuerzas de ocupaci\u00f3n.<\/p>\n\n\n\n<p class=\"wp-block-paragraph\">En consecuencia, la resistencia palestina afirma su disposici\u00f3n a resolver el problema de sus prisioneros en el contexto de un acuerdo de alto el fuego, la retirada completa de las fuerzas de ocupaci\u00f3n de la Franja de Gaza, la apertura de los cruces fronterizos y el inicio inmediato de la reconstrucci\u00f3n.<\/p>\n\n\n\n<p class=\"wp-block-paragraph\">Las facciones tambi\u00e9n enfatizan la necesidad de emprender una v\u00eda pol\u00edtica seria, con el patrocinio internacional y \u00e1rabe, que conduzca al fin de la ocupaci\u00f3n y a la realizaci\u00f3n de las aspiraciones de nuestro pueblo de establecer un estado independiente y plenamente soberano, con Jerusal\u00e9n como su capital.<\/p>\n\n\n\n<p class=\"wp-block-paragraph\">En cuarto lugar, afirman que poner fin a la guerra de genocidio y hambruna contra nuestro pueblo en Gaza es un deber humanitario y moral inaplazable e intransigente. Ponderan que debe implementarse de inmediato, sin vincularlo a cuestiones pol\u00edticas, como el derecho del pueblo palestino a un estado o la resoluci\u00f3n del problema de los prisioneros.<\/p>\n\n\n\n<p class=\"wp-block-paragraph\">En quinto lugar, se\u00f1alan que la ocupaci\u00f3n sionista es la principal fuente de terrorismo e inestabilidad en la regi\u00f3n, y el genocidio y la hambruna sistem\u00e1tica que est\u00e1 cometiendo en la Franja de Gaza no hacen m\u00e1s que reforzar su naturaleza criminal. Por consiguiente, la resistencia palestina en todas sus formas es una respuesta natural y leg\u00edtima a esta ocupaci\u00f3n.<\/p>\n\n\n\n<p class=\"wp-block-paragraph\">Es un derecho inherente garantizado por el derecho internacional y las leyes divinas, y afirmado por instituciones y organismos internacionales que han sido informados de los cr\u00edmenes cometidos contra nuestro pueblo.<\/p>\n\n\n\n<p class=\"wp-block-paragraph\">Destacan que esa resistencia no cesar\u00e1 hasta que cese la ocupaci\u00f3n y Palestina logre sus objetivos de liberaci\u00f3n, el retorno de los refugiados y el establecimiento de un Estado independiente y plenamente soberano con Jerusal\u00e9n como capital. El arma de la resistencia est\u00e1 intr\u00ednsecamente ligada a este justo proyecto nacional.<\/p>\n\n\n\n<p class=\"wp-block-paragraph\">En sexto lugar, se\u00f1alan que la situaci\u00f3n palestina es un asunto interno por lo que exigen la implementaci\u00f3n de los acuerdos nacionales previos firmados en El Cairo, Argel, Mosc\u00fa y Pek\u00edn, todos los cuales enfatizaron la necesidad de reorganizar el sistema de trabajo palestino, incluyendo la reforma de la Organizaci\u00f3n para la Liberaci\u00f3n de Palestina (OLP) para fortalecer su posici\u00f3n legal y representativa para todos los palestinos, junto con la celebraci\u00f3n de elecciones presidenciales, legislativas y para el Consejo Nacional, tanto en el pa\u00eds como en el extranjero, sobre bases nacionales y democr\u00e1ticas y sin condiciones previas.<\/p>\n\n\n\n<p class=\"wp-block-paragraph\">En este contexto, afirmamos que el d\u00eda despu\u00e9s del fin de la agresi\u00f3n sionista es un d\u00eda claramente palestino, en el que los esfuerzos y componentes de nuestro pueblo \u2014nacional, pol\u00edtico y popular\u2014 deben aunar esfuerzos, junto con las labores de construcci\u00f3n y reconstrucci\u00f3n, para restaurar nuestra unidad nacional y consolidar una verdadera alianza digna de los sacrificios y la legendaria tenacidad de nuestro pueblo.<\/p>\n\n\n\n<p class=\"wp-block-paragraph\">El s\u00e9ptimo punto, hablar de integrar la entidad sionista en la regi\u00f3n es una recompensa al enemigo por sus cr\u00edmenes y un pat\u00e9tico intento de prolongar su presencia en nuestra tierra usurpada.<\/p>\n\n\n\n<p class=\"wp-block-paragraph\">Los acontecimientos actuales, especialmente en los \u00faltimos meses, han demostrado que esta entidad es una importante fuente de inestabilidad, maldad y terrorismo, no solo en nuestra regi\u00f3n, sino en todo el mundo.<\/p>\n\n\n\n<p class=\"wp-block-paragraph\">Finalmente, el pueblo palestino, al igual que otros pueblos del mundo que han ca\u00eddo bajo el yugo de la ocupaci\u00f3n y el colonialismo, alcanzar\u00e1 su libertad e independencia, sin importar el tiempo que lleve ni la magnitud de los desaf\u00edos.<\/p>\n\n\n\n<p class=\"wp-block-paragraph\">Este pronunciamiento es firmado por el Movimiento de Resistencia Isl\u00e1mica Ham\u00e1s, Movimiento de la Yihad Isl\u00e1mica en Palestina, Frente Popular para la Liberaci\u00f3n de Palestina, Frente Democr\u00e1tico para la Liberaci\u00f3n de Palestina, Frente Popular para la Liberaci\u00f3n de Palestina \u2013 Comando General<\/p>\n\n\n\n<p class=\"wp-block-paragraph\">Vanguardias de la Guerra Popular de Liberaci\u00f3n \u2013 Fuerzas Rayo.<\/p>\n\n\n\n<p class=\"wp-block-paragraph\">SEM\/sj<\/p>\n\n\n\n<p class=\"wp-block-paragraph\"><\/p>\n","protected":false},"excerpt":{"rendered":"<p>Redacci\u00f3n SemM\u00e9xico, Ciudad de M\u00e9xico, 4 de agosto, 2025.- La ocupaci\u00f3n sionista es la principal fuente de terrorismo e inestabilidad en la regi\u00f3n, y el genocidio y la hambruna sistem\u00e1tica que est\u00e1 cometiendo en la Franja de Gaza no hacen m\u00e1s que reforzar su naturaleza criminal. Por consiguiente, la resistencia palestina en todas sus formas [&hellip;]<\/p>\n","protected":false},"author":3,"featured_media":97490,"comment_status":"open","ping_status":"open","sticky":false,"template":"","format":"standard","meta":{"_monsterinsights_skip_tracking":false,"footnotes":""},"categories":[53],"tags":[],"class_list":["post-97489","post","type-post","status-publish","format-standard","has-post-thumbnail","category-internacional"],"_links":{"self":[{"href":"https:\/\/redsemlac.com\/semmexico\/wp-json\/wp\/v2\/posts\/97489","targetHints":{"allow":["GET"]}}],"collection":[{"href":"https:\/\/redsemlac.com\/semmexico\/wp-json\/wp\/v2\/posts"}],"about":[{"href":"https:\/\/redsemlac.com\/semmexico\/wp-json\/wp\/v2\/types\/post"}],"author":[{"embeddable":true,"href":"https:\/\/redsemlac.com\/semmexico\/wp-json\/wp\/v2\/users\/3"}],"replies":[{"embeddable":true,"href":"https:\/\/redsemlac.com\/semmexico\/wp-json\/wp\/v2\/comments?post=97489"}],"version-history":[{"count":0,"href":"https:\/\/redsemlac.com\/semmexico\/wp-json\/wp\/v2\/posts\/97489\/revisions"}],"wp:featuredmedia":[{"embeddable":true,"href":"https:\/\/redsemlac.com\/semmexico\/wp-json\/wp\/v2\/media\/97490"}],"wp:attachment":[{"href":"https:\/\/redsemlac.com\/semmexico\/wp-json\/wp\/v2\/media?parent=97489"}],"wp:term":[{"taxonomy":"category","embeddable":true,"href":"https:\/\/redsemlac.com\/semmexico\/wp-json\/wp\/v2\/categories?post=97489"},{"taxonomy":"post_tag","embeddable":true,"href":"https:\/\/redsemlac.com\/semmexico\/wp-json\/wp\/v2\/tags?post=97489"}],"curies":[{"name":"wp","href":"https:\/\/api.w.org\/{rel}","templated":true}]}}