{"id":97478,"date":"2025-08-04T12:39:40","date_gmt":"2025-08-04T18:39:40","guid":{"rendered":"https:\/\/redsemlac.com\/semmexico\/?p=97478"},"modified":"2025-08-04T12:41:44","modified_gmt":"2025-08-04T18:41:44","slug":"elecciones-en-bolivia-cinco-candidatas-fueron-victimas-de-acoso-politico-durante-la-campana","status":"publish","type":"post","link":"https:\/\/redsemlac.com\/semmexico\/elecciones-en-bolivia-cinco-candidatas-fueron-victimas-de-acoso-politico-durante-la-campana\/","title":{"rendered":"Elecciones en Bolivia: cinco candidatas fueron v\u00edctimas de acoso pol\u00edtico durante la campa\u00f1a"},"content":{"rendered":"\n<p class=\"wp-block-paragraph\">Cinco candidatas fueron identificadas como blanco del acoso pol\u00edtico en Bolivia, en medio de la campa\u00f1a electoral de cara a la elecci\u00f3n del 17 de agosto.<\/p>\n\n\n\n<p class=\"wp-block-paragraph\">As\u00ed lo revel\u00f3 un estudio del Observatorio de G\u00e9nero de la organizaci\u00f3n Coordinadora de la Mujer. Entre las afectadas est\u00e1 la ex aspirante a la Presidencia, Eva Copa<\/p>\n\n\n\n<p class=\"wp-block-paragraph\">Redacci\u00f3n<\/p>\n\n\n\n<p class=\"wp-block-paragraph\">SemM\u00e9xico,\u00a0 Tarija, Bolivia, 4 de agosto, 2025.- En la\u00a0campa\u00f1a electoral en Bolivia hay  acoso pol\u00edtico contra candidatas, dos de los cuales han llegado incluso a pedidos p\u00fablicos de sustituci\u00f3n en las listas, a dos semanas de la elecci\u00f3n.<\/p>\n\n\n\n<p class=\"wp-block-paragraph\">Seg\u00fan el monitoreo del del&nbsp;Observatorio de G\u00e9nero&nbsp;de la organizaci\u00f3n&nbsp;Coordinadora de la Mujer&nbsp;hay cinco \u201ccasos emblem\u00e1ticos\u201d en los que se identific\u00f3 discursos de odio y ataques sistem\u00e1ticos a trav\u00e9s de redes sociales y medios de comunicaci\u00f3n.<\/p>\n\n\n\n<p class=\"wp-block-paragraph\">El observatorio sostiene que los resultados del monitoreo &nbsp;evidencian que las formas m\u00e1s comunes de agresi\u00f3n contra las candidatas en general son: desprestigio, insultos y ridiculizaci\u00f3n (30%), descalificaci\u00f3n o desvalorizaci\u00f3n (27%), ataques que reproducen estereotipos de g\u00e9nero (25%); mensajes de odio, racismo, amenazas y hostigamiento (16%) y violencia vicaria (2%).<\/p>\n\n\n\n<p class=\"wp-block-paragraph\">Entre las candidatas de afectadas est\u00e1 Eva Copa, la actual alcaldesa de El Alto, que desisti\u00f3 de su postulaci\u00f3n a la Presidencia tras denunciar \u201cacoso pol\u00edtico\u201d e \u201cinstigaci\u00f3n interna\u201d dentro del Movimiento de Renovaci\u00f3n Nacional (Morena)&nbsp;que fund\u00f3 en febrero pasado. Algunos analistas dicen que su retiro de la contienda electoral&nbsp;tambi\u00e9n est\u00e1 relacionado con informaci\u00f3n de las encuestas de intenci\u00f3n de voto.<\/p>\n\n\n\n<p class=\"wp-block-paragraph\">Seg\u00fan el observatorio,&nbsp;Copa fue v\u00edctima de violencia digital sistem\u00e1tica que expuso su vida \u00edntima e incit\u00f3 a hacerle da\u00f1o.&nbsp;Seg\u00fan el monitoreo realizado, se identificaron expresiones que trascienden el discurso violento y caen en la incitaci\u00f3n a la violencia extrema. Adicionalmente, enfrent\u00f3 una campa\u00f1a de ridiculizaci\u00f3n constante y dudas sobre su capacidad de gobernar asociadas a su vida personal, a su sexo, edad, clase y etnicidad.<\/p>\n\n\n\n<figure class=\"wp-block-image size-full\"><a href=\"https:\/\/redsemlac.com\/semmexico\/wp-content\/uploads\/2025\/08\/eleccion-en-bolivia-02.jpg\"><img loading=\"lazy\" decoding=\"async\" width=\"350\" height=\"197\" src=\"https:\/\/redsemlac.com\/semmexico\/wp-content\/uploads\/2025\/08\/eleccion-en-bolivia-02.jpg\" alt=\"\" class=\"wp-image-97480\" srcset=\"https:\/\/redsemlac.com\/semmexico\/wp-content\/uploads\/2025\/08\/eleccion-en-bolivia-02.jpg 350w, https:\/\/redsemlac.com\/semmexico\/wp-content\/uploads\/2025\/08\/eleccion-en-bolivia-02-300x169.jpg 300w, https:\/\/redsemlac.com\/semmexico\/wp-content\/uploads\/2025\/08\/eleccion-en-bolivia-02-150x84.jpg 150w\" sizes=\"auto, (max-width: 350px) 100vw, 350px\" \/><\/a><\/figure>\n\n\n\n<p class=\"wp-block-paragraph\"><a href=\"https:\/\/www.infobae.com\/america\/america-latina\/2025\/08\/03\/toribia-lero-candidata-a-senadora-de-bolivia-evo-morales-quiere-eternizarse-en-el-poder-cueste-lo-que-cueste\/\" target=\"_blank\" rel=\"noreferrer noopener\"><\/a>Eva Copa, alcaldesa de El Alto, fue registrada durante una entrevista Efe, en El Alto (Bolivia). EFE\/ Mart\u00edn Alipaz\/Archivo<\/p>\n\n\n\n<p class=\"wp-block-paragraph\">El segundo caso involucra a Karla Robledo Guardia, excandidata a senadora suplente por Alianza Unidad, quien tambi\u00e9n fue blanco de expresiones de violencia pol\u00edtica. Contra ella , se emplearon frases que menosprecian su preparaci\u00f3n y hacen \u00e9nfasis en sus v\u00ednculos familiares. Debido a este acoso y violencia sistem\u00e1ticos, Robledo decidi\u00f3 renunciar a su candidatura, lo que llev\u00f3 al Tribunal Supremo Electoral (TSE) a activar el Reglamento para renuncias y denuncias por acoso y violencia pol\u00edtica. Aunque el ente electoral no acept\u00f3 formalmente su renuncia, Robledo ratific\u00f3 su decisi\u00f3n de abandonar la candidatura, la cual se hizo efectiva.<\/p>\n\n\n\n<p class=\"wp-block-paragraph\">El tercer caso se refiere a la candidata a diputada plurinominal de Cochabamba por Alianza Unidad Toribia Lero Quispe, sobre quien se identific\u00f3 una narrativa sistem\u00e1tica de deslegitimaci\u00f3n con una fuerte carga racista y sexista. Esta situaci\u00f3n constituye una violaci\u00f3n a sus derechos pol\u00edticos y humanos, y est\u00e1 tipificada como delitos en el marco de la Ley 243, Ley contra el Acoso y Violencia Pol\u00edtica hacia las Mujeres, y la Ley 045, Ley Contra el Racismo y Toda Forma de Discriminaci\u00f3n. Se advirti\u00f3, adem\u00e1s, el uso de un lenguaje simb\u00f3lico violento, insultos, estigmatizaci\u00f3n y lenguaje ofensivo en su contra, sobre todo por su condici\u00f3n de mujer ind\u00edgena.<\/p>\n\n\n\n<p class=\"wp-block-paragraph\">El cuarto caso identificado es el de Mariana Prado Noya, candidata a vicepresidenta por Alianza Popular,, el frente que postula a Andr\u00f3nico Rodr\u00edguez, quien enfrenta acoso con el objetivo de desacreditar su capacidad pol\u00edtica quien enfrenta acoso y violencia pol\u00edtica con el objetivo de desacreditar su capacidad pol\u00edtica y su imagen como mujer. En los mensajes encontrados, se detectaron manifestaciones clasistas, expresiones mis\u00f3ginas y connotaciones sexuales. Adem\u00e1s, se identificaron frases discriminatorias que menoscaban su integridad, acompa\u00f1adas de comentarios burlones, sarc\u00e1sticos y degradantes, basados en estereotipos machistas que buscan minimizar o invisibilizar la participaci\u00f3n pol\u00edtica de las mujeres<\/p>\n\n\n\n<p class=\"wp-block-paragraph\">El quinto caso se refiere a Susana Bejarano Auad, candidata a senadora de La Paz por Alianza Popular, en el que se evidenci\u00f3 un patr\u00f3n de agresi\u00f3n basado en insultos, descalificaciones emocionales y moralistas con estereotipos sexistas orientados a descalificar su vida privada y sus v\u00ednculos familiares y de pareja. Se identificaron expresiones que implican intimidaci\u00f3n o incitaci\u00f3n indirecta a la violencia o a la autolesi\u00f3n con expresiones como \u201cdesaparece\u201d o \u201cguillete\u201d, lo que supone violencia psicol\u00f3gica grave. As\u00ed tambi\u00e9n, sarcasmo y burlas para desacreditar su desempe\u00f1o profesional, su credibilidad y su capacidad anal\u00edtica.<\/p>\n\n\n\n<p class=\"wp-block-paragraph\">Bejarano fue criticada incluso por el ex presidente Evo Morales (2006-2019),&nbsp;que cuestion\u00f3 p\u00fablicamente su entorno familiar y la acus\u00f3 de ser una \u201cinfiltrada de la derecha\u201d. En respuesta, la candidata argument\u00f3 que&nbsp;\u201cEvo odia que alguien tenga una posici\u00f3n personal distinta a la suya\u201d&nbsp;y afirm\u00f3 que \u201chay que ser muy machista para pensar que los hombres tutelan el pensamiento de las mujeres\u201d.<\/p>\n\n\n\n<p class=\"wp-block-paragraph\">Seg\u00fan el&nbsp;Observatorio de G\u00e9nero, los casos de Prado y Bejarano son particularmente graves, debido a recientes amenazas p\u00fablicas y pedidos de sustituci\u00f3n&nbsp;de ambas postulantes por algunos sectores campesinos y sindicales.<\/p>\n\n\n\n<figure class=\"wp-block-image size-full\"><a href=\"https:\/\/redsemlac.com\/semmexico\/wp-content\/uploads\/2025\/08\/eleccion-en-bolivia-03.jpg\"><img loading=\"lazy\" decoding=\"async\" width=\"350\" height=\"197\" src=\"https:\/\/redsemlac.com\/semmexico\/wp-content\/uploads\/2025\/08\/eleccion-en-bolivia-03.jpg\" alt=\"\" class=\"wp-image-97481\" srcset=\"https:\/\/redsemlac.com\/semmexico\/wp-content\/uploads\/2025\/08\/eleccion-en-bolivia-03.jpg 350w, https:\/\/redsemlac.com\/semmexico\/wp-content\/uploads\/2025\/08\/eleccion-en-bolivia-03-300x169.jpg 300w, https:\/\/redsemlac.com\/semmexico\/wp-content\/uploads\/2025\/08\/eleccion-en-bolivia-03-150x84.jpg 150w\" sizes=\"auto, (max-width: 350px) 100vw, 350px\" \/><\/a><\/figure>\n\n\n\n<p class=\"wp-block-paragraph\">El binomio de Alianza Popular durante una proclamaci\u00f3n de su candidatura.<\/p>\n\n\n\n<p class=\"wp-block-paragraph\">Seg\u00fan&nbsp;Tania S\u00e1nchez, directora de la Coordinadora de la Mujer, las expresiones que la investigaci\u00f3n encontr\u00f3 en relaci\u00f3n a las afectadas \u201cforman parte de una estrategia para desalentar y excluir a las mujeres del ejercicio pleno de sus derechos pol\u00edticos\u201d.<\/p>\n\n\n\n<p class=\"wp-block-paragraph\">Las organizaciones defensoras de los derechos humanos que participaron en el estudio instan al Ministerio P\u00fablico a actuar de oficio para identificar responsabilidades penales y&nbsp;exigen al Tribunal Supremo Electoral garantizar el ejercicio de los derechos pol\u00edticos, libres de violencia y acoso pol\u00edtico.<\/p>\n\n\n\n<p class=\"wp-block-paragraph\">En el marco del seguimiento a casos de acoso y violencia pol\u00edtica contra candidatas que participan en las Elecciones Generales 2025, realizado por el Observatorio de G\u00e9nero de la Coordinadora de la Mujer, organizaciones defensoras de derechos humanos, entre ellas la Red Coordinadora de la Mujer, la Red Observa Bolivia y la Plataforma Ciudadana por el Acceso a la Justicia y los Derechos Humanos, identificaron estos cinco casos emblem\u00e1ticos, expresados en discursos de odio y ataques sistem\u00e1ticos a trav\u00e9s de redes sociales y medios de comunicaci\u00f3n. Identific\u00f3, adem\u00e1s, amenazas que ponen en riesgo dos candidaturas.<\/p>\n\n\n\n<p class=\"wp-block-paragraph\">La informaci\u00f3n obtenida por el&nbsp;Observatorio de G\u00e9nero se basa en el primer reporte de monitoreo semanal, una tarea que se desarrollar\u00e1 hasta la conclusi\u00f3n del proceso electoral. Dicho reporte fue realizado entre el 7 y el 28 de julio, en cuatro redes sociales y medios de comunicaci\u00f3n.<\/p>\n\n\n\n<figure class=\"wp-block-image size-large\"><a href=\"https:\/\/redsemlac.com\/semmexico\/wp-content\/uploads\/2025\/08\/eleccion-en-bolivia-04.jpg\"><img loading=\"lazy\" decoding=\"async\" width=\"1024\" height=\"682\" src=\"https:\/\/redsemlac.com\/semmexico\/wp-content\/uploads\/2025\/08\/eleccion-en-bolivia-04-1024x682.jpg\" alt=\"\" class=\"wp-image-97482\" srcset=\"https:\/\/redsemlac.com\/semmexico\/wp-content\/uploads\/2025\/08\/eleccion-en-bolivia-04-1024x682.jpg 1024w, https:\/\/redsemlac.com\/semmexico\/wp-content\/uploads\/2025\/08\/eleccion-en-bolivia-04-300x200.jpg 300w, https:\/\/redsemlac.com\/semmexico\/wp-content\/uploads\/2025\/08\/eleccion-en-bolivia-04-768x511.jpg 768w, https:\/\/redsemlac.com\/semmexico\/wp-content\/uploads\/2025\/08\/eleccion-en-bolivia-04-150x100.jpg 150w, https:\/\/redsemlac.com\/semmexico\/wp-content\/uploads\/2025\/08\/eleccion-en-bolivia-04-696x464.jpg 696w, https:\/\/redsemlac.com\/semmexico\/wp-content\/uploads\/2025\/08\/eleccion-en-bolivia-04-1068x711.jpg 1068w, https:\/\/redsemlac.com\/semmexico\/wp-content\/uploads\/2025\/08\/eleccion-en-bolivia-04.jpg 1455w\" sizes=\"auto, (max-width: 1024px) 100vw, 1024px\" \/><\/a><\/figure>\n\n\n\n<p class=\"wp-block-paragraph\">.<\/p>\n\n\n\n<p class=\"wp-block-paragraph\">Tania S\u00e1nchez, directora de la Coordinadora de la Mujer, indic\u00f3 que la tarea&nbsp; de monitorear lo que sucede a las candidatas &nbsp;se desarrollar\u00e1 hasta la conclusi\u00f3n del proceso electoral. Dicho reporte fue realizado entre el 7 y el 28 de julio del a\u00f1o en curso, en las plataformas de Facebook, X (antes Twitter), TikTok, Instagram y YouTube; as\u00ed tambi\u00e9n, en medios de comunicaci\u00f3n.<\/p>\n\n\n\n<p class=\"wp-block-paragraph\">De manera general, los resultados evidencian que las formas m\u00e1s comunes de agresi\u00f3n son: desprestigio, insultos y ridiculizaci\u00f3n (30%), descalificaci\u00f3n o desvalorizaci\u00f3n (27%), ataques que reproducen estereotipos de g\u00e9nero (25%); mensajes de odio, racismo, amenazas y hostigamiento (16%) y violencia vicaria (2%).<\/p>\n","protected":false},"excerpt":{"rendered":"<p>Cinco candidatas fueron identificadas como blanco del acoso pol\u00edtico en Bolivia, en medio de la campa\u00f1a electoral de cara a la elecci\u00f3n del 17 de agosto. As\u00ed lo revel\u00f3 un estudio del Observatorio de G\u00e9nero de la organizaci\u00f3n Coordinadora de la Mujer. Entre las afectadas est\u00e1 la ex aspirante a la Presidencia, Eva Copa Redacci\u00f3n [&hellip;]<\/p>\n","protected":false},"author":3,"featured_media":97479,"comment_status":"open","ping_status":"open","sticky":false,"template":"","format":"standard","meta":{"_monsterinsights_skip_tracking":false,"footnotes":""},"categories":[694,48],"tags":[],"class_list":["post-97478","post","type-post","status-publish","format-standard","has-post-thumbnail","category-destacadas","category-no-mas-impunidad-no-mas-impunidad"],"_links":{"self":[{"href":"https:\/\/redsemlac.com\/semmexico\/wp-json\/wp\/v2\/posts\/97478","targetHints":{"allow":["GET"]}}],"collection":[{"href":"https:\/\/redsemlac.com\/semmexico\/wp-json\/wp\/v2\/posts"}],"about":[{"href":"https:\/\/redsemlac.com\/semmexico\/wp-json\/wp\/v2\/types\/post"}],"author":[{"embeddable":true,"href":"https:\/\/redsemlac.com\/semmexico\/wp-json\/wp\/v2\/users\/3"}],"replies":[{"embeddable":true,"href":"https:\/\/redsemlac.com\/semmexico\/wp-json\/wp\/v2\/comments?post=97478"}],"version-history":[{"count":0,"href":"https:\/\/redsemlac.com\/semmexico\/wp-json\/wp\/v2\/posts\/97478\/revisions"}],"wp:featuredmedia":[{"embeddable":true,"href":"https:\/\/redsemlac.com\/semmexico\/wp-json\/wp\/v2\/media\/97479"}],"wp:attachment":[{"href":"https:\/\/redsemlac.com\/semmexico\/wp-json\/wp\/v2\/media?parent=97478"}],"wp:term":[{"taxonomy":"category","embeddable":true,"href":"https:\/\/redsemlac.com\/semmexico\/wp-json\/wp\/v2\/categories?post=97478"},{"taxonomy":"post_tag","embeddable":true,"href":"https:\/\/redsemlac.com\/semmexico\/wp-json\/wp\/v2\/tags?post=97478"}],"curies":[{"name":"wp","href":"https:\/\/api.w.org\/{rel}","templated":true}]}}