{"id":97468,"date":"2025-08-04T11:42:45","date_gmt":"2025-08-04T17:42:45","guid":{"rendered":"https:\/\/redsemlac.com\/semmexico\/?p=97468"},"modified":"2025-08-04T11:42:46","modified_gmt":"2025-08-04T17:42:46","slug":"presidenta-de-la-red-de-mujeres-interamericanas-asegura-que-a-los-gobiernos-no-les-interesa-la-lucha-contra-la-violencia-hacia-la-mujer-y-grupo-familiar","status":"publish","type":"post","link":"https:\/\/redsemlac.com\/semmexico\/presidenta-de-la-red-de-mujeres-interamericanas-asegura-que-a-los-gobiernos-no-les-interesa-la-lucha-contra-la-violencia-hacia-la-mujer-y-grupo-familiar\/","title":{"rendered":"Presidenta de la Red de Mujeres Interamericanas asegura que a los gobiernos no les interesa la lucha contra la violencia hacia la mujer y grupo familiar\u00a0"},"content":{"rendered":"\n<p class=\"wp-block-paragraph\"><a href=\"https:\/\/radioondaazul.com\/wp-content\/uploads\/2025\/08\/Casos-de-feminicidio-en-Puno.jpg\"><\/a>Casos de feminicidio en Puno<\/p>\n\n\n\n<p class=\"wp-block-paragraph\">Hay &nbsp;desinter\u00e9s de autoridades de Puno frente a la violencia de g\u00e9nero y la falta de pol\u00edticas sostenibles<\/p>\n\n\n\n<p class=\"wp-block-paragraph\">SemM\u00e9xico\/Radio&nbsp; Onda Azul, Lima, Per\u00fa,&nbsp; 4 de agosto, 2025.- Diana Pasaca presidente de la Red de Mujeres Interamericanas de la regi\u00f3n Puno, se refiri\u00f3 a los casos de feminicidio, as\u00ed como a la violencia contra la mujer y grupo familiar en la regi\u00f3n Puno, en ese contexto, indic\u00f3 que,los gobiernos municipales y gobierno regional, no les interesa la lucha contra este problema social que va cobrando vidas inocentes.<\/p>\n\n\n\n<p class=\"wp-block-paragraph\">Refiri\u00f3 que en la regi\u00f3n Puno,&nbsp;no hay un ente que trabaje esos proyectos de manera sostenible y en las municipalidades estos temas no les interesar\u00edan a pesar que existen instancias de lucha contra la violencia familiar,&nbsp;que; seg\u00fan norma, si no se re\u00fanen hasta podr\u00eda ser causal de suspensi\u00f3n de la autoridad local, pero; lamentablemente s\u00f3lo se reunir\u00edan para la fotograf\u00eda de cumplimiento, sumado a la falta de presupuesto.<\/p>\n\n\n\n<p class=\"wp-block-paragraph\">Estos temas s\u00f3lo se hacen visible en fechas del 8 de marzo y 25 de noviembre, fechas alusivas a recordar el D\u00eda Internacional de la Mujer y Lucha Contra la Violencia Hacia la Mujer,&nbsp;luego no ser\u00eda de importancia, por ello seguiremos viendo las estad\u00edsticas crecer y diciendo que Puno es una regi\u00f3n violenta y no estamos haciendo nada, subray\u00f3. &nbsp;<\/p>\n\n\n\n<p class=\"wp-block-paragraph\">Posiblemente, las causas de esta violencia, parte de que no somos un pa\u00eds homog\u00e9neo, tenemos diferentes pr\u00e1cticas, diferentes formas de educar en nuestras familias, nuestras culturas probablemente sean un poco m\u00e1s machistas, pero;&nbsp;no se trata de entrar en una guerra que las mujeres o varones tienen que ganar, se trata seg\u00fan su an\u00e1lisis de educar dentro del respeto, donde los gobiernos locales, regional le den la debida importancia,&nbsp;en las instituciones educativas se puedan cultivar estos temas y en casa la familia asume un rol importante&nbsp; de educar con el ejemplo, finaliz\u00f3.<\/p>\n","protected":false},"excerpt":{"rendered":"<p>Casos de feminicidio en Puno Hay &nbsp;desinter\u00e9s de autoridades de Puno frente a la violencia de g\u00e9nero y la falta de pol\u00edticas sostenibles SemM\u00e9xico\/Radio&nbsp; Onda Azul, Lima, Per\u00fa,&nbsp; 4 de agosto, 2025.- Diana Pasaca presidente de la Red de Mujeres Interamericanas de la regi\u00f3n Puno, se refiri\u00f3 a los casos de feminicidio, as\u00ed como a [&hellip;]<\/p>\n","protected":false},"author":3,"featured_media":97469,"comment_status":"open","ping_status":"open","sticky":false,"template":"","format":"standard","meta":{"_monsterinsights_skip_tracking":false,"footnotes":""},"categories":[53],"tags":[],"class_list":["post-97468","post","type-post","status-publish","format-standard","has-post-thumbnail","category-internacional"],"_links":{"self":[{"href":"https:\/\/redsemlac.com\/semmexico\/wp-json\/wp\/v2\/posts\/97468","targetHints":{"allow":["GET"]}}],"collection":[{"href":"https:\/\/redsemlac.com\/semmexico\/wp-json\/wp\/v2\/posts"}],"about":[{"href":"https:\/\/redsemlac.com\/semmexico\/wp-json\/wp\/v2\/types\/post"}],"author":[{"embeddable":true,"href":"https:\/\/redsemlac.com\/semmexico\/wp-json\/wp\/v2\/users\/3"}],"replies":[{"embeddable":true,"href":"https:\/\/redsemlac.com\/semmexico\/wp-json\/wp\/v2\/comments?post=97468"}],"version-history":[{"count":0,"href":"https:\/\/redsemlac.com\/semmexico\/wp-json\/wp\/v2\/posts\/97468\/revisions"}],"wp:featuredmedia":[{"embeddable":true,"href":"https:\/\/redsemlac.com\/semmexico\/wp-json\/wp\/v2\/media\/97469"}],"wp:attachment":[{"href":"https:\/\/redsemlac.com\/semmexico\/wp-json\/wp\/v2\/media?parent=97468"}],"wp:term":[{"taxonomy":"category","embeddable":true,"href":"https:\/\/redsemlac.com\/semmexico\/wp-json\/wp\/v2\/categories?post=97468"},{"taxonomy":"post_tag","embeddable":true,"href":"https:\/\/redsemlac.com\/semmexico\/wp-json\/wp\/v2\/tags?post=97468"}],"curies":[{"name":"wp","href":"https:\/\/api.w.org\/{rel}","templated":true}]}}