{"id":97430,"date":"2025-08-01T15:45:16","date_gmt":"2025-08-01T21:45:16","guid":{"rendered":"https:\/\/redsemlac.com\/semmexico\/?p=97430"},"modified":"2025-08-01T15:45:17","modified_gmt":"2025-08-01T21:45:17","slug":"textura-violeta-ruth-nina-la-bocona","status":"publish","type":"post","link":"https:\/\/redsemlac.com\/semmexico\/textura-violeta-ruth-nina-la-bocona\/","title":{"rendered":"Textura Violeta| Ruth Nina, la bocona"},"content":{"rendered":"\n<p class=\"wp-block-paragraph\">Drina Ergueta<\/p>\n\n\n\n<p class=\"wp-block-paragraph\">SemM\u00e9xico, La Paz, Bolivia, 1 de agosto, 2025.- La pol\u00edtica boliviana Ruth Nina est\u00e1 en prisi\u00f3n y lo estar\u00e1 de manera preventiva por un espacio de tres meses por pasarse a la hora de abrir la boca, aunque sus cargos son instigaci\u00f3n p\u00fablica para delinquir, amenazas y obstaculizaci\u00f3n del proceso electoral. Esto se produce en un contexto electoral en el que mucha gente dice m\u00e1s de la cuenta, pero es a ella a la que le han sentado la mano.<\/p>\n\n\n\n<p class=\"wp-block-paragraph\">\u00bfQui\u00e9n es Ruth Nina? Es una mujer que siempre ha tenido algo que decir y posiblemente por ello ha destacado en los espacios en los que ha estado. Es abogada y ha sido dirigente de asociaciones y sindicatos de polic\u00edas, del sector trasporte y de comerciantes. De hecho, ella defiende sus posturas \u2018como si estuviese en el mercado\u2019, como lo hacen muchas mujeres empoderadas que tienen un origen popular y que no gustan a alguien \u2018refinado\u2019.<\/p>\n\n\n\n<p class=\"wp-block-paragraph\">En pol\u00edtica ha tenido vaivenes que van de un extremo al otro. En 2014 fue candidata a segunda senadora por Cochabamba con el presidenciable de derecha Jorge Tuto Quiroga. En 2019, Nina se postula a la presidencia con el Partido de Acci\u00f3n Nacional Boliviano (Pan-Bol) y durante el conflicto que dividi\u00f3 al pa\u00eds ella se posicion\u00f3 claramente en contra de Evo Morales. En 2020 se present\u00f3 como candidata a la vicepresidencia, sin \u00e9xito; y este 2025 busc\u00f3 postularse a la presidencia nuevamente por Pan-Bol y en eso, dando un giro a posturas anteriores, estableci\u00f3 un acuerdo con Evo Morales que no ten\u00eda partido al haber perdido el control del suyo. Nina le dio su sigla para acceda a las elecciones; sin embargo, el Tribunal Supremo Electoral la inhabilit\u00f3 al no haber logrado m\u00ednimo en las elecciones de 2020. Esto gener\u00f3 las declaraciones que la llevaron tras las rejas:<\/p>\n\n\n\n<p class=\"wp-block-paragraph\">\u201cEl 17 de agosto no puede haber una elecci\u00f3n sin la participaci\u00f3n de las clases populares, de las naciones ind\u00edgenas y sin un candidato que el pueblo ha elegido (\u2026) hemos decidido que, el 17 de agosto, preferimos dar nuestras vidas antes que permitir que vengan a obligarnos a elegir a sus candidatos de la derecha y, ese d\u00eda, el Tribunal Electoral y el gobierno, en vez de contar votos va a contar muertos. Eso va a pasar si atentan contra nuestras comunidades ind\u00edgenas, si nos obligan a votar por aquellos (\u2026) nuestras vidas las vamos a dar\u2026\u201d<\/p>\n\n\n\n<p class=\"wp-block-paragraph\">Se le acusa de \u201cinstigaci\u00f3n p\u00fablica a delinquir, amenazas y obstrucci\u00f3n al proceso electoral\u201d. En los medios, la palabra \u201camenaza\u201d sali\u00f3 a relucir constantemente. Vamos a analizar brevemente las declaraciones de Nina.<\/p>\n\n\n\n<p class=\"wp-block-paragraph\">De manera literal, Nina no amenaz\u00f3. Lo que hizo fue advertir sobre las muertes de ella y los suyos y no especifica de qu\u00e9 manera morir\u00edan, si fuera una inmolaci\u00f3n o si alguien les matar\u00eda. Tambi\u00e9n se\u00f1al\u00f3 que esas muertes son preferibles antes que votar por candidatos de derecha. No habl\u00f3 de enfrentamientos f\u00edsicos ni de armas de ning\u00fan tipo.<\/p>\n\n\n\n<p class=\"wp-block-paragraph\">Es evidente que utiliz\u00f3 una hip\u00e9rbole, una exageraci\u00f3n, seguramente no de buen gusto ni atinada, para se\u00f1alar su disposici\u00f3n, de ella y su grupo, a todo con tal que \u201clas clases populares\u201d y \u201clas naciones ind\u00edgenas\u201d tengan una candidatura que les represente. Habla m\u00e1s de sacrificio que de amenaza y s\u00ed es una declaraci\u00f3n violenta.<\/p>\n\n\n\n<p class=\"wp-block-paragraph\">De manera impl\u00edcita, de esa declaraci\u00f3n se puede interpretar lo que se desee, seg\u00fan el punto de vista. Ella se\u00f1al\u00f3, posteriormente, que utiliz\u00f3 \u201cun lenguaje revolucionario\u201d tal como as\u00ed lo entiende ella. Podr\u00eda interpretarse tambi\u00e9n que pone en riesgo el proceso electoral, o no.<\/p>\n\n\n\n<p class=\"wp-block-paragraph\">Voy a usar un ejemplo sobre lo que podr\u00eda entenderse como \u201cobstrucci\u00f3n al proceso electoral\u201d, no dar\u00e9 nombres porque no me interesan las personas sino el hecho. En un canal de youtube de dos conocidos periodistas bolivianos en uno de sus t\u00edtulos pone: \u201c\u00a1Golpe contra Hassenteufel! Se viene un madurazo\u201d y en su contenido se afirma que se produjo un golpe contra el vicepresidente del TSE, Oscar Hassenteufel, y que \u201ctodo indica\u201d que se estar\u00eda gestando desde este Tribunal y el gobierno unas elecciones fraudulentas para quedarse en el poder. Dado que son periodistas conocidos \u00bfAcaso no ponen en riesgo las elecciones al quitarles legitimidad? \u00bfNo se tendr\u00eda que aplicar la misma rigurosidad que contra Nina? Hay muchos m\u00e1s ejemplos de este tipo.<\/p>\n\n\n\n<p class=\"wp-block-paragraph\">Lo que es imperdonable de Nina es que haya apoyado a Morales y en ese sentido se aplica la justicia. El hecho de que sea mujer y sin poder real hace que sea m\u00e1s vulnerable. Ella es muy bocona y, tal como est\u00e1n las cosas, eso se permite siempre que no utilice su atributo a favor de quien no debe.<\/p>\n\n\n\n<p class=\"wp-block-paragraph\"><\/p>\n","protected":false},"excerpt":{"rendered":"<p>Drina Ergueta SemM\u00e9xico, La Paz, Bolivia, 1 de agosto, 2025.- La pol\u00edtica boliviana Ruth Nina est\u00e1 en prisi\u00f3n y lo estar\u00e1 de manera preventiva por un espacio de tres meses por pasarse a la hora de abrir la boca, aunque sus cargos son instigaci\u00f3n p\u00fablica para delinquir, amenazas y obstaculizaci\u00f3n del proceso electoral. Esto se [&hellip;]<\/p>\n","protected":false},"author":3,"featured_media":8467,"comment_status":"open","ping_status":"open","sticky":false,"template":"","format":"standard","meta":{"_monsterinsights_skip_tracking":false,"footnotes":""},"categories":[77,102],"tags":[],"class_list":["post-97430","post","type-post","status-publish","format-standard","has-post-thumbnail","category-drina-ergueta","category-textura-violeta"],"_links":{"self":[{"href":"https:\/\/redsemlac.com\/semmexico\/wp-json\/wp\/v2\/posts\/97430","targetHints":{"allow":["GET"]}}],"collection":[{"href":"https:\/\/redsemlac.com\/semmexico\/wp-json\/wp\/v2\/posts"}],"about":[{"href":"https:\/\/redsemlac.com\/semmexico\/wp-json\/wp\/v2\/types\/post"}],"author":[{"embeddable":true,"href":"https:\/\/redsemlac.com\/semmexico\/wp-json\/wp\/v2\/users\/3"}],"replies":[{"embeddable":true,"href":"https:\/\/redsemlac.com\/semmexico\/wp-json\/wp\/v2\/comments?post=97430"}],"version-history":[{"count":0,"href":"https:\/\/redsemlac.com\/semmexico\/wp-json\/wp\/v2\/posts\/97430\/revisions"}],"wp:featuredmedia":[{"embeddable":true,"href":"https:\/\/redsemlac.com\/semmexico\/wp-json\/wp\/v2\/media\/8467"}],"wp:attachment":[{"href":"https:\/\/redsemlac.com\/semmexico\/wp-json\/wp\/v2\/media?parent=97430"}],"wp:term":[{"taxonomy":"category","embeddable":true,"href":"https:\/\/redsemlac.com\/semmexico\/wp-json\/wp\/v2\/categories?post=97430"},{"taxonomy":"post_tag","embeddable":true,"href":"https:\/\/redsemlac.com\/semmexico\/wp-json\/wp\/v2\/tags?post=97430"}],"curies":[{"name":"wp","href":"https:\/\/api.w.org\/{rel}","templated":true}]}}