{"id":97379,"date":"2025-07-30T16:30:02","date_gmt":"2025-07-30T22:30:02","guid":{"rendered":"https:\/\/redsemlac.com\/semmexico\/?p=97379"},"modified":"2025-07-30T16:30:03","modified_gmt":"2025-07-30T22:30:03","slug":"se-rinde-homenaje-a-katia-itzel-garcia-arbitra-profesional","status":"publish","type":"post","link":"https:\/\/redsemlac.com\/semmexico\/se-rinde-homenaje-a-katia-itzel-garcia-arbitra-profesional\/","title":{"rendered":"Se rinde homenaje a Katia Itzel Garc\u00eda, \u00e1rbitra profesional"},"content":{"rendered":"\n<p class=\"wp-block-paragraph\">Foto: Antonio Sierra. En el coraz\u00f3n de la Facultad de Ciencias Pol\u00edticas y Sociales (FCPyS)\u00a0 rejuvenecida cancha deportiva que lleva por nombre Katia Itzel Garc\u00eda,<\/p>\n\n\n\n<p class=\"wp-block-paragraph\">Esto&nbsp; en homenaje al esfuerzo, trabajo y compromiso de la destacada egresada de esta entidad acad\u00e9mica,&nbsp; licenciada en Ciencias Pol\u00edticas y Administraci\u00f3n P\u00fablica especializada en ciencia pol\u00edtica,<\/p>\n\n\n\n<p class=\"wp-block-paragraph\">Hoy&nbsp; \u00e1rbitra internacional con gafete FIFA y exjugadora del equipo representativo femenil de futbol asociaci\u00f3n de la UNAM.<\/p>\n\n\n\n<p class=\"wp-block-paragraph\">Redacci\u00f3n<\/p>\n\n\n\n<p class=\"wp-block-paragraph\">SemM\u00e9xico\/Gaceta UNAM, Cd. de M\u00e9xico, 30 de julio,2025.- La renovaci\u00f3n de este espacio consisti\u00f3 en la colocaci\u00f3n de malla cicl\u00f3nica a manera de redes en las porter\u00edas, aros de baloncesto nuevos, as\u00ed como redes nuevas para voleibol y b\u00e1dminton, adem\u00e1s de los trazados de las delimitaciones de las canchas para estas disciplinas deportivas.<\/p>\n\n\n\n<p class=\"wp-block-paragraph\">Asimismo, la superficie cuenta con un recubrimiento especial de tres capas: asfalto con concreto, pintura vin\u00edlica y arena con resina, que conforman lo que se conoce como cancha dura. El impulso econ\u00f3mico fue compartido entre la FCPyS y la Direcci\u00f3n General del Deporte Universitario (DGDU). Las especialidades que se pueden practicar son futbol siete, voleibol, baloncesto y b\u00e1dminton. En su per\u00edmetro se encuentra una galer\u00eda que exhibe im\u00e1genes de atletas campeones de la Facultad, as\u00ed como una placa con el nombre de Katia Itzel Garc\u00eda.<\/p>\n\n\n\n<p class=\"wp-block-paragraph\">\u201cCuando estudiaba aqu\u00ed, me dedicaba al deporte y a mis estudios, jam\u00e1s me pas\u00f3 por la mente que iban a remodelar la cancha y a ponerle mi nombre. Me siento muy honrada. No ha sido f\u00e1cil, mi paso por el arbitraje y el futbol ha sido complicado, pero las puertas est\u00e1n cada vez m\u00e1s abiertas y se va logrado una mayor igualdad en este deporte. Ayudo en este camino y espero dejar puertas abiertas para que sean m\u00e1s las mujeres que puedan conquistar sue\u00f1os que hoy en d\u00eda parecen complicados\u201d, expres\u00f3.<\/p>\n\n\n\n<figure class=\"wp-block-image\"><img decoding=\"async\" src=\"https:\/\/lh7-rt.googleusercontent.com\/docsz\/AD_4nXfF8QQT_1xJuAsZrBdRWauZA1LJi2vmw6dgyoY0JiWoNJKbay_nk---kGK2mX7yV-liOvglXx_rcje_NJEH3_fnPCwnI4z0cmp95J1brW0PtSn8BJ-wI5J7rpB3hzYAj9b0GZRGWUGWMh2dH0nWOjE?key=kKjyOPZ5UrKZnIxFQJyqyQ\" alt=\"Un par de personas de pie\n\nEl contenido generado por IA puede ser incorrecto.\"\/><\/figure>\n\n\n\n<p class=\"wp-block-paragraph\">El acto de reinauguraci\u00f3n de la cancha fue encabezado por Alejandro Chanona Burguete, director de la FCPyS, quien estuvo acompa\u00f1ado en el pres\u00eddium por Alejandro Fern\u00e1ndez Varela Jim\u00e9nez, titular de la DGDU, y por la misma Katia Itzel Garc\u00eda Mendoza, quien, entre sus logros, ha sido reconocida con el Premio Nacional del Deporte 2024, en la categor\u00eda juez\/\u00e1rbitro; particip\u00f3 recientemente en el seminario FIFA de \u00e1rbitros \u00e9lite rumbo a la Copa Mundial de Futbol de 2026, y fue \u00e1rbitra del partido por la medalla de bronce en el futbol femenil de los Juegos Ol\u00edmpicos Par\u00eds 2024, entre otros.<\/p>\n\n\n\n<p class=\"wp-block-paragraph\">En la ceremonia tambi\u00e9n estuvieron D\u00e1maso Morales Ram\u00edrez, secretario general de la FCPyS; Erik del \u00c1ngel Landeros, secretario de Desarrollo Acad\u00e9mico de esta entidad acad\u00e9mica; Griselda Ortega Reyes, coordinadora deportiva de la misma Facultad, y algunos deportistas de Ciencias Pol\u00edticas y Sociales e integrantes del Colectivo Barra Feminista, todos ellos con la infaltable compa\u00f1\u00eda de las mascotas universitarias Goya y Goyo.<\/p>\n\n\n\n<p class=\"wp-block-paragraph\">\u201cEste espacio ha sido remozado para garantizar una pr\u00e1ctica deportiva m\u00e1s segura y accesible para todas y todos. Es un paso m\u00e1s en el compromiso que tenemos por impulsar el deporte como herramienta para mejorar la salud f\u00edsica y mental de nuestra comunidad. La DGDU ha sido fundamental para hacer realidad este proyecto, con el que se reitera la voluntad para seguir trabajando en conjunto para impulsar m\u00e1s acciones en beneficio de nuestra entidad acad\u00e9mica\u201d, asever\u00f3 Chanona Burguete.<\/p>\n\n\n\n<p class=\"wp-block-paragraph\">\u201cCon el impulso financiero de la FCPyS, as\u00ed como de la DGDU, no solamente celebramos la dignificaci\u00f3n de un espacio necesario para alcanzar la formaci\u00f3n integral del estudiantado, sino que tambi\u00e9n rendimos homenaje a una universitaria ejemplar, cuya trayectoria inspira\u201d, mencion\u00f3 Alejandro Fern\u00e1ndez Varela, director general del Deporte Universitario.<\/p>\n","protected":false},"excerpt":{"rendered":"<p>Foto: Antonio Sierra. En el coraz\u00f3n de la Facultad de Ciencias Pol\u00edticas y Sociales (FCPyS)\u00a0 rejuvenecida cancha deportiva que lleva por nombre Katia Itzel Garc\u00eda, Esto&nbsp; en homenaje al esfuerzo, trabajo y compromiso de la destacada egresada de esta entidad acad\u00e9mica,&nbsp; licenciada en Ciencias Pol\u00edticas y Administraci\u00f3n P\u00fablica especializada en ciencia pol\u00edtica, Hoy&nbsp; \u00e1rbitra internacional [&hellip;]<\/p>\n","protected":false},"author":3,"featured_media":97380,"comment_status":"open","ping_status":"open","sticky":false,"template":"","format":"standard","meta":{"_monsterinsights_skip_tracking":false,"footnotes":""},"categories":[748],"tags":[],"class_list":["post-97379","post","type-post","status-publish","format-standard","has-post-thumbnail","category-cultura-feminista"],"_links":{"self":[{"href":"https:\/\/redsemlac.com\/semmexico\/wp-json\/wp\/v2\/posts\/97379","targetHints":{"allow":["GET"]}}],"collection":[{"href":"https:\/\/redsemlac.com\/semmexico\/wp-json\/wp\/v2\/posts"}],"about":[{"href":"https:\/\/redsemlac.com\/semmexico\/wp-json\/wp\/v2\/types\/post"}],"author":[{"embeddable":true,"href":"https:\/\/redsemlac.com\/semmexico\/wp-json\/wp\/v2\/users\/3"}],"replies":[{"embeddable":true,"href":"https:\/\/redsemlac.com\/semmexico\/wp-json\/wp\/v2\/comments?post=97379"}],"version-history":[{"count":0,"href":"https:\/\/redsemlac.com\/semmexico\/wp-json\/wp\/v2\/posts\/97379\/revisions"}],"wp:featuredmedia":[{"embeddable":true,"href":"https:\/\/redsemlac.com\/semmexico\/wp-json\/wp\/v2\/media\/97380"}],"wp:attachment":[{"href":"https:\/\/redsemlac.com\/semmexico\/wp-json\/wp\/v2\/media?parent=97379"}],"wp:term":[{"taxonomy":"category","embeddable":true,"href":"https:\/\/redsemlac.com\/semmexico\/wp-json\/wp\/v2\/categories?post=97379"},{"taxonomy":"post_tag","embeddable":true,"href":"https:\/\/redsemlac.com\/semmexico\/wp-json\/wp\/v2\/tags?post=97379"}],"curies":[{"name":"wp","href":"https:\/\/api.w.org\/{rel}","templated":true}]}}