{"id":97359,"date":"2025-07-30T16:15:20","date_gmt":"2025-07-30T22:15:20","guid":{"rendered":"https:\/\/redsemlac.com\/semmexico\/?p=97359"},"modified":"2025-07-30T16:15:21","modified_gmt":"2025-07-30T22:15:21","slug":"a-un-paso-para-que-durango-despenalice-el-aborto-tras-un-amparo-favorable-a-organizaciones-feministas","status":"publish","type":"post","link":"https:\/\/redsemlac.com\/semmexico\/a-un-paso-para-que-durango-despenalice-el-aborto-tras-un-amparo-favorable-a-organizaciones-feministas\/","title":{"rendered":"A un paso para que Durango\u00a0 despenalice el aborto, tras un amparo favorable a\u00a0 organizaciones feministas\u00a0"},"content":{"rendered":"\n<p class=\"wp-block-paragraph\">Se tratar\u00eda de la entidad n\u00famero 25, quedar\u00e1n pendientes 6 estados para que el aborto sea legal en todo el pa\u00eds<\/p>\n\n\n\n<p class=\"wp-block-paragraph\">Se resisten Quer\u00e9taro, Morelos, Nuevo Le\u00f3n, Sonora, Tamaulipas, Tlaxcala<\/p>\n\n\n\n<p class=\"wp-block-paragraph\">Elda Montiel&nbsp;<\/p>\n\n\n\n<p class=\"wp-block-paragraph\">SemM\u00e9xico, Cd. de M\u00e9xico, 30 de julio 2025.- Fallo del Segundo Tribunal Colegiado del D\u00e9cimo Quinto Circuito concedi\u00f3 por unanimidad un amparo que declara inconstitucionales los art\u00edculos del<strong> <\/strong>C\u00f3digo Penal de Durango, los cuales penalizan la interrupci\u00f3n voluntaria del embarazo..<\/p>\n\n\n\n<p class=\"wp-block-paragraph\">La resoluci\u00f3n favorece la despenalizaci\u00f3n del aborto&nbsp; promovida desde el 2007 por las organizaciones <em>S\u00ed hay mujeres en Durango, el Grupo de Informaci\u00f3n y Reproducci\u00f3n Elegida (GIRE) y REDefine Durango<\/em>.&nbsp;<\/p>\n\n\n\n<p class=\"wp-block-paragraph\">De acuerdo con el fallo, los art\u00edculos 148, 149 y 150 del C\u00f3digo Penal estatal contravienen derechos como el acceso a la salud, la igualdad ante la ley y la autonom\u00eda reproductiva.<\/p>\n\n\n\n<p class=\"wp-block-paragraph\">Las organizaciones feminista est\u00e1n a la espera de la publicaci\u00f3n oficial del mandato, para determinar el tiempo en que el Congreso del Estado debe hacer las adecuaciones al C\u00f3digo Penal de Durango.&nbsp;<\/p>\n\n\n\n<p class=\"wp-block-paragraph\">Julieta Hern\u00e1ndez Camargo, presidenta de <em>S\u00ed hay mujeres en Durango<\/em>, precis\u00f3 que el Congreso del Estado tiene la obligaci\u00f3n de derogar los art\u00edculos se\u00f1alados y en caso de incumplimiento, los legisladores podr\u00edan enfrentar consecuencias legales, incluyendo procedimientos por desacato, sanciones administrativas o incluso juicio pol\u00edtico.<\/p>\n\n\n\n<p class=\"wp-block-paragraph\">Mientras que Jennifer de la Torre, representante de REDefine Durango, record\u00f3 que en el Congreso local se han presentado tres iniciativas para despenalizar el aborto, incluyendo una ciudadana. Ninguna fue aprobada.<\/p>\n\n\n\n<p class=\"wp-block-paragraph\">En conferencia de prensa ayer las feministas explicaron que el art\u00edculo 148<strong> <\/strong>criminaliza el aborto autoprocurado o consentido<strong>, <\/strong>lo que suprime los derechos de las mujeres y personas con capacidad de gestar. El<strong> <\/strong>art\u00edculo 149<strong> <\/strong>impone sanciones al personal m\u00e9dico, cirujanos, enfermeras o parteras que participen en abortos voluntarios o forzados.<\/p>\n\n\n\n<p class=\"wp-block-paragraph\">El<strong> <\/strong>art\u00edculo 150<strong> <\/strong>exige requisitos como la autorizaci\u00f3n del <a href=\"https:\/\/www.e-consulta.com\/nota\/2025-07-22\/seguridad\/feminicidio-en-serdan-hallan-muerta-maribel-discutio-con-un-hombre\">Ministerio P\u00fablico<\/a> y la opini\u00f3n de un segundo m\u00e9dico para realizar abortos por causas m\u00e9dicas, obstaculizando un acceso efectivo y r\u00e1pido a este servicio de salud.<\/p>\n\n\n\n<p class=\"wp-block-paragraph\">&nbsp;De esta manera Durango avanza para convertirse en el estado n\u00famero 25 en despenalizar el aborto en M\u00e9xico, y ser\u00e1 el d\u00e9cimo estado donde la Suprema Corte de Justicia de la Naci\u00f3n ha intervenido directamente para modificar el marco legal local.<\/p>\n\n\n\n<p class=\"wp-block-paragraph\">El movimiento por la despenalizaci\u00f3n del aborto en Durango se inici\u00f3 en 2007 por Julieta Hern\u00e1ndez Camargo de Si hay mujeres en Durango,&nbsp; a la que se uni\u00f3 Redefine Durango y GIRE, quienes presentaron el amparo en revisi\u00f3n 116\/2023. \u201cGIRE ha establecido una estrategia nacional para que se elimine el delito de aborto de todos los c\u00f3digos penales, y se reconozca como un servicio de salud esencial al que las mujeres, hombres trans y personas no binaries gestantes puedan recurrir a ejercer su autonom\u00eda reproductiva\u201d.<\/p>\n\n\n\n<p class=\"wp-block-paragraph\">De acuerdo a declaraciones a El Sol de Durango, el 23 de julio, la diputada&nbsp; local por el partido Movimiento Regeneraci\u00f3n Nacional (Morena), Delia Leticia Enr\u00edquez Arriaga, advirti\u00f3 que los diputados de Morena&nbsp; est\u00e1n obligados a aprobar la despenalizaci\u00f3n, tras las instrucciones de la dirigencia nacional y los estatutos internos que obligan a votar leyes de vanguardia.<\/p>\n\n\n\n<p class=\"wp-block-paragraph\">Hasta la fecha han despenalizado el aborto en 24 estados :Ciudad de M\u00e9xico; Oaxaca; Hidalgo, Veracruz, Coahuila, Baja California, Colima y Sinaloa.<\/p>\n\n\n\n<p class=\"wp-block-paragraph\">Guerrero, Baja California Sur, Quintana Roo, Aguascalientes (con retroceso), Jalisco, Puebla, Michoac\u00e1n, Zacatecas, Estado de M\u00e9xico, Chiapas.<\/p>\n\n\n\n<p class=\"wp-block-paragraph\">Nayarit, Chihuahua, Campeche, Yucat\u00e1n y Tabasco: Fueron los estados m\u00e1s recientes en despenalizar el aborto en 2025.&nbsp;<\/p>\n\n\n\n<p class=\"wp-block-paragraph\">Faltan siete entidades&nbsp; ( Quer\u00e9taro, Morelos, Nuevo Le\u00f3n, Sonora, Tamaulipas, Tlaxcala y Guanajuato) por despenalizar el aborto a pesar de la resoluci\u00f3n de la Suprema Corte de Justicia de la Naci\u00f3n SCJN&nbsp; que en septiembre de 2023&nbsp; resolvi\u00f3 que la penalizaci\u00f3n del aborto es inconstitucional.<\/p>\n\n\n\n<p class=\"wp-block-paragraph\">&nbsp;La SCJN se\u00f1al\u00f3 que las normas que castigan el aborto voluntario violan los derechos de las mujeres y personas gestantes a decidir sobre sus cuerpos, as\u00ed como sus derechos a la salud, la igualdad y la autonom\u00eda reproductiva. La resoluci\u00f3n se dio en el contexto de un amparo en revisi\u00f3n promovido por el GIRE.&nbsp;<\/p>\n","protected":false},"excerpt":{"rendered":"<p>Se tratar\u00eda de la entidad n\u00famero 25, quedar\u00e1n pendientes 6 estados para que el aborto sea legal en todo el pa\u00eds Se resisten Quer\u00e9taro, Morelos, Nuevo Le\u00f3n, Sonora, Tamaulipas, Tlaxcala Elda Montiel&nbsp; SemM\u00e9xico, Cd. de M\u00e9xico, 30 de julio 2025.- Fallo del Segundo Tribunal Colegiado del D\u00e9cimo Quinto Circuito concedi\u00f3 por unanimidad un amparo que [&hellip;]<\/p>\n","protected":false},"author":3,"featured_media":97360,"comment_status":"open","ping_status":"open","sticky":false,"template":"","format":"standard","meta":{"_monsterinsights_skip_tracking":false,"footnotes":""},"categories":[694],"tags":[],"class_list":["post-97359","post","type-post","status-publish","format-standard","has-post-thumbnail","category-destacadas"],"_links":{"self":[{"href":"https:\/\/redsemlac.com\/semmexico\/wp-json\/wp\/v2\/posts\/97359","targetHints":{"allow":["GET"]}}],"collection":[{"href":"https:\/\/redsemlac.com\/semmexico\/wp-json\/wp\/v2\/posts"}],"about":[{"href":"https:\/\/redsemlac.com\/semmexico\/wp-json\/wp\/v2\/types\/post"}],"author":[{"embeddable":true,"href":"https:\/\/redsemlac.com\/semmexico\/wp-json\/wp\/v2\/users\/3"}],"replies":[{"embeddable":true,"href":"https:\/\/redsemlac.com\/semmexico\/wp-json\/wp\/v2\/comments?post=97359"}],"version-history":[{"count":0,"href":"https:\/\/redsemlac.com\/semmexico\/wp-json\/wp\/v2\/posts\/97359\/revisions"}],"wp:featuredmedia":[{"embeddable":true,"href":"https:\/\/redsemlac.com\/semmexico\/wp-json\/wp\/v2\/media\/97360"}],"wp:attachment":[{"href":"https:\/\/redsemlac.com\/semmexico\/wp-json\/wp\/v2\/media?parent=97359"}],"wp:term":[{"taxonomy":"category","embeddable":true,"href":"https:\/\/redsemlac.com\/semmexico\/wp-json\/wp\/v2\/categories?post=97359"},{"taxonomy":"post_tag","embeddable":true,"href":"https:\/\/redsemlac.com\/semmexico\/wp-json\/wp\/v2\/tags?post=97359"}],"curies":[{"name":"wp","href":"https:\/\/api.w.org\/{rel}","templated":true}]}}