{"id":97355,"date":"2025-07-30T16:12:53","date_gmt":"2025-07-30T22:12:53","guid":{"rendered":"https:\/\/redsemlac.com\/semmexico\/?p=97355"},"modified":"2025-07-30T16:12:54","modified_gmt":"2025-07-30T22:12:54","slug":"urge-erradicar-la-discriminacion-y-estigmatizacion-de-la-parteria-tradicional-debe-formar-parte-del-sistema-de-salud","status":"publish","type":"post","link":"https:\/\/redsemlac.com\/semmexico\/urge-erradicar-la-discriminacion-y-estigmatizacion-de-la-parteria-tradicional-debe-formar-parte-del-sistema-de-salud\/","title":{"rendered":"Urge erradicar la discriminaci\u00f3n y estigmatizaci\u00f3n de la parter\u00eda tradicional, debe formar parte del Sistema de Salud"},"content":{"rendered":"\n<p class=\"wp-block-paragraph\">Edith L\u00f3pez Hern\u00e1ndez informa que hay m\u00e1s de 20 mil parteras tradicionales en M\u00e9xico<\/p>\n\n\n\n<p class=\"wp-block-paragraph\">Urgen a reconocerlas en el Foro Tejiendo Canales de Saberes\u201d en el Senado de la Rep\u00fablica<\/p>\n\n\n\n<p class=\"wp-block-paragraph\">Redacci\u00f3n&nbsp;<\/p>\n\n\n\n<p class=\"wp-block-paragraph\">SemM\u00e9xico, Cd. de M\u00e9xico,&nbsp; 30 de julio,&nbsp; 2025.-Al inaugurar el foro \u201cTejiendo Canales de Saberes\u201d, la senadora Edith L\u00f3pez Hern\u00e1ndez se\u00f1al\u00f3 que es momento de erradicar \u201clas barreras de estigmatizaci\u00f3n y discriminaci\u00f3n cultural\u201d sobre la parter\u00eda tradicional, pues los y las parteras deben ser reconocidas, dignificadas y valoradas, ya que hacen una labor indispensable en las mujeres que son madres y evitan el maltrato obst\u00e9trico, cultural y social, del que son objeto las mujeres ind\u00edgenas y afromexicanas.<\/p>\n\n\n\n<p class=\"wp-block-paragraph\">L\u00f3pez Hern\u00e1ndez refiri\u00f3 que en M\u00e9xico hay m\u00e1s de 20 mil parteras tradicionales registradas, 100 parteras profesionales egresadas y 16 mil 684 licenciadas en enfermer\u00eda y obstetricia en las comunidades ind\u00edgenas, de acuerdo con la Comisi\u00f3n Nacional de los Derechos Humanos (CNDH).<\/p>\n\n\n\n<p class=\"wp-block-paragraph\">La presidenta de la Comisi\u00f3n de Pueblos Ind\u00edgenas y Afromexicanos sostuvo que la parter\u00eda tradicional es parte de las comunidades ind\u00edgenas y es considerada como parte del sistema de salud, debido a que cuentan con un modelo de atenci\u00f3n a las mujeres antes, durante y despu\u00e9s del parto, por lo que puede convivir con los sistemas nuevos de salud.<\/p>\n\n\n\n<p class=\"wp-block-paragraph\">Record\u00f3 que en noviembre de 2024 present\u00f3 una iniciativa para reformar la Ley General de Salud para promover, respetar, reconocer el desarrollo y ejercicio de la parter\u00eda tradicional en \u201ccondiciones dignas y sin discriminaci\u00f3n\u201d, adem\u00e1s de considerarlo un sistema de salud con m\u00e9todos y pr\u00e1cticas bioculturales, a fin de que se les facilite el acceso a la infraestructura y a los recursos disponibles a las y los parteros.<\/p>\n\n\n\n<p class=\"wp-block-paragraph\">En ese sentido, la senadora Reyna Celeste Ascencio Ortega se\u00f1al\u00f3 que al ser nombrado el 2025 como el A\u00f1o de la Mujer Ind\u00edgena, es preciso decir que mujer significa o es sin\u00f3nimo de \u201cvida o de amor\u201d, lo que lleva a decir que la salud, la ciencia y el conocimiento ancestral no est\u00e1n \u201cpeleados\u201d como se ha hecho creer.<\/p>\n\n\n\n<p class=\"wp-block-paragraph\">La presidenta de la Comisi\u00f3n de los Derechos Humanos a\u00f1adi\u00f3 que ahora se puede decir que estos tres aspectos pueden trabajar juntos, porque lo emp\u00edrico no est\u00e1 peleado con la ciencia, pues primero fue lo ancestral y despu\u00e9s lleg\u00f3 lo profesional, de manera que conjuntar lo uno con lo otro es sin\u00f3nimo de vida, de respeto y de derechos, que es lo que se defiende desde el Senado.<\/p>\n\n\n\n<p class=\"wp-block-paragraph\">La senadora Mar\u00eda Martina Kant\u00fan Can afirm\u00f3 que ella, al nacer, fue recibida por una partera, adem\u00e1s de que sus embarazos fueron atendidos por una de ellas, por lo que es importante reconocer su labor para evitar que se pierda esta tradici\u00f3n, adem\u00e1s de que celebra que en las cl\u00ednicas de las comunidades ind\u00edgenas las parteras asisten a los m\u00e9dicos cuando una madre est\u00e1 en trabajo de parto, sumado a que algunas de ellas reciben un pago econ\u00f3mico.<\/p>\n\n\n\n<p class=\"wp-block-paragraph\">De manera que, dijo, las y los parteros juegan un papel fundamental en el nacimiento de una nueva vida, sumado a su conocimiento ancestral que permite partos atendidos sin violencia, por lo que desde el Senado seguir\u00e1n impulsando las reformas necesarias para valorar, reconocer y visibilizar a las parteras mexicanas.<\/p>\n","protected":false},"excerpt":{"rendered":"<p>Edith L\u00f3pez Hern\u00e1ndez informa que hay m\u00e1s de 20 mil parteras tradicionales en M\u00e9xico Urgen a reconocerlas en el Foro Tejiendo Canales de Saberes\u201d en el Senado de la Rep\u00fablica Redacci\u00f3n&nbsp; SemM\u00e9xico, Cd. de M\u00e9xico,&nbsp; 30 de julio,&nbsp; 2025.-Al inaugurar el foro \u201cTejiendo Canales de Saberes\u201d, la senadora Edith L\u00f3pez Hern\u00e1ndez se\u00f1al\u00f3 que es momento [&hellip;]<\/p>\n","protected":false},"author":3,"featured_media":97356,"comment_status":"open","ping_status":"open","sticky":false,"template":"","format":"standard","meta":{"_monsterinsights_skip_tracking":false,"footnotes":""},"categories":[50],"tags":[],"class_list":["post-97355","post","type-post","status-publish","format-standard","has-post-thumbnail","category-congreso"],"_links":{"self":[{"href":"https:\/\/redsemlac.com\/semmexico\/wp-json\/wp\/v2\/posts\/97355","targetHints":{"allow":["GET"]}}],"collection":[{"href":"https:\/\/redsemlac.com\/semmexico\/wp-json\/wp\/v2\/posts"}],"about":[{"href":"https:\/\/redsemlac.com\/semmexico\/wp-json\/wp\/v2\/types\/post"}],"author":[{"embeddable":true,"href":"https:\/\/redsemlac.com\/semmexico\/wp-json\/wp\/v2\/users\/3"}],"replies":[{"embeddable":true,"href":"https:\/\/redsemlac.com\/semmexico\/wp-json\/wp\/v2\/comments?post=97355"}],"version-history":[{"count":0,"href":"https:\/\/redsemlac.com\/semmexico\/wp-json\/wp\/v2\/posts\/97355\/revisions"}],"wp:featuredmedia":[{"embeddable":true,"href":"https:\/\/redsemlac.com\/semmexico\/wp-json\/wp\/v2\/media\/97356"}],"wp:attachment":[{"href":"https:\/\/redsemlac.com\/semmexico\/wp-json\/wp\/v2\/media?parent=97355"}],"wp:term":[{"taxonomy":"category","embeddable":true,"href":"https:\/\/redsemlac.com\/semmexico\/wp-json\/wp\/v2\/categories?post=97355"},{"taxonomy":"post_tag","embeddable":true,"href":"https:\/\/redsemlac.com\/semmexico\/wp-json\/wp\/v2\/tags?post=97355"}],"curies":[{"name":"wp","href":"https:\/\/api.w.org\/{rel}","templated":true}]}}