{"id":97351,"date":"2025-07-30T16:10:46","date_gmt":"2025-07-30T22:10:46","guid":{"rendered":"https:\/\/redsemlac.com\/semmexico\/?p=97351"},"modified":"2025-07-30T16:10:47","modified_gmt":"2025-07-30T22:10:47","slug":"premio-xavier-villaurrutia-a-monica-nepote-por-su-libro-las-trabajadoras","status":"publish","type":"post","link":"https:\/\/redsemlac.com\/semmexico\/premio-xavier-villaurrutia-a-monica-nepote-por-su-libro-las-trabajadoras\/","title":{"rendered":"Premio Xavier Villaurrutia a M\u00f3nica Nepote, por su libro Las Trabajadoras"},"content":{"rendered":"\n<p class=\"wp-block-paragraph\"><strong>&nbsp;<\/strong>La obra&nbsp; premiada es un homenaje a las&nbsp; mujeres, su autora&nbsp; es editora y gestora cultural&nbsp;<\/p>\n\n\n\n<p class=\"wp-block-paragraph\">Oriunda de&nbsp; Guadalajara, Jalisco public\u00f3 &nbsp;<em>Hechos diversos<\/em>,&nbsp;<em>Islario<\/em>&nbsp;y&nbsp;<em>Mi voz es mi pastor,&nbsp;<\/em><\/p>\n\n\n\n<p class=\"wp-block-paragraph\">La&nbsp; obra de la premiada abarca poes\u00eda, narrativa, ensayo y arte digital&nbsp;&nbsp;<\/p>\n\n\n\n<p class=\"wp-block-paragraph\">&nbsp;Redacci\u00f3n<\/p>\n\n\n\n<p class=\"wp-block-paragraph\">SemM\u00e9xico, Cd. de M\u00e9xico, 30 de julio, 2025.- La escritora, ensayista&nbsp; y poeta&nbsp; M\u00f3nica Nepote recibi\u00f3 ayer en el Palacio de Bellas Artes el premio Xavier Villaurrutia,&nbsp; por su obra&nbsp;<em>Las trabajadoras<\/em>, un libro que parte de la poes\u00eda y&nbsp;recupera el lenguaje de la costura y la mecanograf\u00eda para reivindicar el trabajo de las mujeres.<\/p>\n\n\n\n<p class=\"wp-block-paragraph\">Originaria de Jalisco, la autora recibi\u00f3 el galard\u00f3n de manos de la directora general del INBAL, Alejandra de la Paz, ayer martes&nbsp; 29 de julio de 2025, en la Sala Manuel M. Ponce del Palacio de Bellas Artes, en una ceremonia en la que participaron tambi\u00e9n el presidente de la Sociedad Alfonsina Internacional, Felipe Garrido, y las escritoras Diana del \u00c1ngel y Ver\u00f3nica Gerber.<\/p>\n\n\n\n<figure class=\"wp-block-image\"><img decoding=\"async\" src=\"https:\/\/lh7-rt.googleusercontent.com\/docsz\/AD_4nXel7nRvFXsLxitOOUgivzOmrax4C81IVvA6bszHcjWIDfNePWl9sh1ZZfdyxiKXg27vp6ZHqqkwI88PcgewqYdYuGKqhvam4xqJidGnIy1GmpJGuFERwd9ERF76oEda9mF1qkXK7zZgMR-HE7PlNQ?key=g5vXN-Qdhr73zvCPsu11Zw\" alt=\"Una foto de un grupo de personas posando para una foto\n\nEl contenido generado por IA puede ser incorrecto.\"\/><\/figure>\n\n\n\n<p class=\"wp-block-paragraph\"><strong><em>Las trabajadoras<\/em><\/strong><strong>, cr\u00edtica y homenaje<\/strong><\/p>\n\n\n\n<p class=\"wp-block-paragraph\">El libro naci\u00f3 a partir de la inquietud de Nepote por la noticia de que trabajadoras y trabajadores de la empresa turca Bravo Tekstil dejaban mensajes ocultos en prendas que confeccionaban con la leyenda&nbsp;\u00abYo hice esta prenda que vas a comprar, pero \u00a1no me pagaron por ella!\u00bb.<\/p>\n\n\n\n<p class=\"wp-block-paragraph\">\u201cM\u00f3nica cont\u00f3 sus dudas sobre c\u00f3mo escribir sobre ello sin banalizarlo, c\u00f3mo poner en el centro de la escritura ese acto rebelde y todo lo que estaba detr\u00e1s. M\u00f3nica dud\u00f3, y muchas de sus dudas resuenan en nosotras\u201d, cont\u00f3 Diana del \u00c1ngel.<\/p>\n\n\n\n<p class=\"wp-block-paragraph\">\u201cEste texto era un ensayo, o eso pens\u00e9 entonces, pues pr\u00e1cticamente se escribi\u00f3 solo, de golpe, y me hizo ver todo ese caudal en el que se entremezclaba el trabajo de muchas mujeres, de experimentos, de m\u00fasica, de ensamblajes, f\u00f3rmulas y palabras que palpitaban un libro posible\u201d, relat\u00f3 la autora.<\/p>\n\n\n\n<p class=\"wp-block-paragraph\">Agreg\u00f3 que en esas p\u00e1ginas se involucr\u00f3 tambi\u00e9n su archivo familiar como un homenaje a su madre, t\u00eda, abuela y hermanas, quienes trabajaron en oficios como la mecanograf\u00eda y la maquila para brindarle a ella un sustento econ\u00f3mico.<\/p>\n\n\n\n<p class=\"wp-block-paragraph\">\u201cMuchas mujeres han sido mis maestras en esta escritura, muchas m\u00e1s all\u00e1 de lo que habr\u00eda imaginado, como las madres buscadoras, desde su dolor y su fuerza; las colectivas que asumen alegr\u00eda, porque cuando la maquinaria se impone no se puede m\u00e1s que resistir desde la fuerza de los cuerpos vibrantes; las madres, las hijas, las abuelas, las plantas\u2026 a donde quiera que miro encuentro lenguaje, a donde quiera que miro encuentro a quien acecha ese lenguaje\u201d, expres\u00f3 Nepote sobre todas las inquietudes y homenajes plasmados en sus p\u00e1ginas.<\/p>\n\n\n\n<p class=\"wp-block-paragraph\"><strong>La entrega<\/strong><\/p>\n\n\n\n<p class=\"wp-block-paragraph\">La Secretar\u00eda de Cultura del Gobierno de M\u00e9xico y el Instituto Nacional de Bellas Artes y Literatura (INBAL), a trav\u00e9s de la Coordinaci\u00f3n Nacional de Literatura, entregaron el Premio Xavier Villaurrutia de Escritores para Escritores y escritoras edici\u00f3n&nbsp; 2024&nbsp;<\/p>\n\n\n\n<p class=\"wp-block-paragraph\">\u201cCon este premio destacamos y promovemos la producci\u00f3n literaria publicada en nuestro pa\u00eds al reconocer a una obra con criterios de calidad, originalidad y fuerza\u201d, asegur\u00f3 Alejandra de la Paz N\u00e1jera, directora del Instituto Nacional de Bellas Artes.&nbsp;<\/p>\n\n\n\n<p class=\"wp-block-paragraph\">Igualmente reconoci\u00f3 a&nbsp;<em>Las trabajadoras<\/em>&nbsp;por hacer \u201cuso de un lenguaje po\u00e9tico para plantear cuestionamientos y reflexiones en torno a los grandes problemas que existen en la realidad y tiene efecto en la vida de millones de mujeres\u201d.<\/p>\n\n\n\n<p class=\"wp-block-paragraph\">Y agreg\u00f3 que el libro \u201ctiene una s\u00f3lida propuesta literaria que aporta una voz cr\u00edtica, sensible y audaz frente a un tema de mucha importancia social\u201d.<\/p>\n\n\n\n<p class=\"wp-block-paragraph\">Nepote agradeci\u00f3 al INBAL y a la Sociedad Alfonsina Internacional por el reconocimiento: \u201cAgradezco y subrayo la importancia de sostener con estas convocatorias los trabajos de quienes decidimos, por alguna extra\u00f1a raz\u00f3n, dedicarnos a escribir\u201d.<\/p>\n\n\n\n<p class=\"wp-block-paragraph\">Asimismo, expres\u00f3 su gratitud al jurado \u2013conformado por&nbsp;Carmen Villoro, Ver\u00f3nica Gerber Bicecci y Jorge von Ziegler\u2013 por \u201celegir este libro, por mirar en sus p\u00e1ginas la provocaci\u00f3n y el homenaje a quienes nos han sostenido\u201d.<\/p>\n\n\n\n<p class=\"wp-block-paragraph\"><strong>70 a\u00f1os de historia del Premio Xavier Villaurrutia<\/strong><\/p>\n\n\n\n<p class=\"wp-block-paragraph\">El premio fue fundado en 1955 por iniciativa del cr\u00edtico literario Francisco Zendejas. Desde sus inicios, tuvo como prop\u00f3sito estimular, apoyar y difundir las letras mexicanas, as\u00ed como la producci\u00f3n literaria de escritores transterrados, tanto latinos como iberoamericanos, con la condici\u00f3n de que la obra premiada se haya editado en M\u00e9xico.<\/p>\n\n\n\n<p class=\"wp-block-paragraph\">En su primera edici\u00f3n, el reconocimiento fue otorgado a Juan Rulfo por&nbsp;<em>Pedro P\u00e1ramo<\/em>. En cuatro d\u00e9cadas, ha distinguido a autores fundamentales de las letras como Octavio Paz, Carlos Fuentes, Elena Garro, Juan Jos\u00e9 Arreola, Efra\u00edn Huerta, Jaime Sabines, Sergio Pitol, Augusto Monterroso, In\u00e9s Arredondo y Vicente Le\u00f1ero, entre otros.<\/p>\n\n\n\n<p class=\"wp-block-paragraph\">As\u00ed como Carlos Montemayor, Elena Poniatowska, Jos\u00e9 Emilio Pacheco, Luisa Josefina Hern\u00e1ndez, Tom\u00e1s Segovia, Al\u00ed Chumacero, Carlos Monsiv\u00e1is, Juan Villoro y Vicente Le\u00f1ero. Hoy en d\u00eda es el premio m\u00e1s importante para obra publicada en M\u00e9xico.<\/p>\n\n\n\n<p class=\"wp-block-paragraph\"><strong>La obra&nbsp; de Publicaciones<\/strong><\/p>\n\n\n\n<ul class=\"wp-block-list\">\n<li><em>Trazos de noche herida<\/em>\u00a0(M\u00e9xico: Fondo Editorial Tierra Adentro ,1993)<\/li>\n\n\n\n<li><em>El manantial latente: muestra de poes\u00eda mexicana desde el ahora: 1986-2002<\/em>\u00a0(M\u00e9xico: CONACULTA, 2002)<\/li>\n\n\n\n<li><em>Hechos diversos<\/em>\u00a0(M\u00e9xico: Ediciones Acapulco, 2011 y 2013)<\/li>\n\n\n\n<li><em>Sombra roja. Diecisiete poetas mexicanas (1964-1985)<\/em>\u00a0(M\u00e9xico: Vaso Roto, 2016)<\/li>\n<\/ul>\n\n\n\n<p class=\"wp-block-paragraph\"><strong>Premios y reconocimientos<\/strong><\/p>\n\n\n\n<ul class=\"wp-block-list\">\n<li>Premio Xavier Villaurrutia de Escritores para Escritores 2024.\u00a0<a href=\"https:\/\/es.wikipedia.org\/wiki\/M%C3%B3nica_Nepote#cite_note-7\"><sup>[7]<\/sup><\/a>\u200b<\/li>\n\n\n\n<li>Fondo Nacional para la Cultura y las Artes (<a href=\"https:\/\/es.wikipedia.org\/wiki\/Fondo_Nacional_para_la_Cultura_y_las_Artes\">FONCA<\/a>), 1994, 1996 y 2003<\/li>\n<\/ul>\n\n\n\n<ul class=\"wp-block-list\">\n<li>Difusi\u00f3n de Obra del Instituto de Cultura de la Ciudad de M\u00e9xico, 2001<\/li>\n\n\n\n<li>Premio Nacional de Poes\u00eda\u00a0<a href=\"https:\/\/es.wikipedia.org\/wiki\/Efra%C3%ADn_Huerta\">Efra\u00edn Huerta<\/a>, 2003<\/li>\n\n\n\n<li>Sistema Nacional de Creadores (SNCA), 2021.\u00a0<a href=\"https:\/\/es.wikipedia.org\/wiki\/M%C3%B3nica_Nepote#cite_note-8\"><sup>[8]<\/sup><\/a>\u200b<\/li>\n<\/ul>\n\n\n\n<p class=\"wp-block-paragraph\">&#8230;<\/p>\n","protected":false},"excerpt":{"rendered":"<p>&nbsp;La obra&nbsp; premiada es un homenaje a las&nbsp; mujeres, su autora&nbsp; es editora y gestora cultural&nbsp; Oriunda de&nbsp; Guadalajara, Jalisco public\u00f3 &nbsp;Hechos diversos,&nbsp;Islario&nbsp;y&nbsp;Mi voz es mi pastor,&nbsp; La&nbsp; obra de la premiada abarca poes\u00eda, narrativa, ensayo y arte digital&nbsp;&nbsp; &nbsp;Redacci\u00f3n SemM\u00e9xico, Cd. de M\u00e9xico, 30 de julio, 2025.- La escritora, ensayista&nbsp; y poeta&nbsp; M\u00f3nica Nepote [&hellip;]<\/p>\n","protected":false},"author":3,"featured_media":97352,"comment_status":"open","ping_status":"open","sticky":false,"template":"","format":"standard","meta":{"_monsterinsights_skip_tracking":false,"footnotes":""},"categories":[748,694],"tags":[],"class_list":["post-97351","post","type-post","status-publish","format-standard","has-post-thumbnail","category-cultura-feminista","category-destacadas"],"_links":{"self":[{"href":"https:\/\/redsemlac.com\/semmexico\/wp-json\/wp\/v2\/posts\/97351","targetHints":{"allow":["GET"]}}],"collection":[{"href":"https:\/\/redsemlac.com\/semmexico\/wp-json\/wp\/v2\/posts"}],"about":[{"href":"https:\/\/redsemlac.com\/semmexico\/wp-json\/wp\/v2\/types\/post"}],"author":[{"embeddable":true,"href":"https:\/\/redsemlac.com\/semmexico\/wp-json\/wp\/v2\/users\/3"}],"replies":[{"embeddable":true,"href":"https:\/\/redsemlac.com\/semmexico\/wp-json\/wp\/v2\/comments?post=97351"}],"version-history":[{"count":0,"href":"https:\/\/redsemlac.com\/semmexico\/wp-json\/wp\/v2\/posts\/97351\/revisions"}],"wp:featuredmedia":[{"embeddable":true,"href":"https:\/\/redsemlac.com\/semmexico\/wp-json\/wp\/v2\/media\/97352"}],"wp:attachment":[{"href":"https:\/\/redsemlac.com\/semmexico\/wp-json\/wp\/v2\/media?parent=97351"}],"wp:term":[{"taxonomy":"category","embeddable":true,"href":"https:\/\/redsemlac.com\/semmexico\/wp-json\/wp\/v2\/categories?post=97351"},{"taxonomy":"post_tag","embeddable":true,"href":"https:\/\/redsemlac.com\/semmexico\/wp-json\/wp\/v2\/tags?post=97351"}],"curies":[{"name":"wp","href":"https:\/\/api.w.org\/{rel}","templated":true}]}}