{"id":97345,"date":"2025-07-30T16:07:50","date_gmt":"2025-07-30T22:07:50","guid":{"rendered":"https:\/\/redsemlac.com\/semmexico\/?p=97345"},"modified":"2025-07-30T16:07:51","modified_gmt":"2025-07-30T22:07:51","slug":"opinion-el-viento-a-juarez","status":"publish","type":"post","link":"https:\/\/redsemlac.com\/semmexico\/opinion-el-viento-a-juarez\/","title":{"rendered":"Opini\u00f3n \/ El viento a Ju\u00e1rez"},"content":{"rendered":"\n<p class=\"wp-block-paragraph\">&nbsp;David Mart\u00edn del Campo<\/p>\n\n\n\n<p class=\"wp-block-paragraph\">SemM\u00e9xico, Cuernavaca, Morelos,&nbsp; 30 de julio, 2025.- El asunto es la inmortalidad. Que el egregio palad\u00edn perviva por siempre en el coraz\u00f3n de los ciudadanos. Aplausos, v\u00edtores, y que la p\u00e1tina del tiempo no los haga sucumbir. \u00a1Vivan los h\u00e9roes que nos dieron patria y libertad, los que salvaron la banca estatizada, los que adquirieron las vacunas de Pfizer contra el Covid-19!<\/p>\n\n\n\n<p class=\"wp-block-paragraph\">Siempre habr\u00e1 alguna proeza que celebrar, s\u00f3lo que para impedir que la efem\u00e9ride se esfume con el discurrir de las calendas, el escultor se yergue como el artista necesario. Esculpir la estatua del pr\u00f3cer, y que ya las nuevas generaciones se encarguen de desfilar ante el pedestal de granito memorizando el apotegma que lo defini\u00f3: \u201cEl respeto al derecho ajeno\u2026\u201d, \u201c\u00a1Hoy, hoy, hoy!\u201d, \u201cDefender\u00e9 al peso como un perro\u201d.<\/p>\n\n\n\n<p class=\"wp-block-paragraph\">Se han llevado las estatuas de Ernesto Guevara y Fidel Castro de la banca donde reposaban en el parque de la Tabacalera. La alcaldesa Alessandra Rojo de la Vega asegur\u00f3 que la medida fue porque las figuras eran v\u00edctimas del vandalismo permanente. As\u00ed ahora, resguardadas de las inclemencias, descansar\u00e1n en la bodega vigilando c\u00f3mo evoluciona la revoluci\u00f3n continental que inici\u00f3 con el asalto al Cuartel Moncada el 26 de julio de 1953. Y lo que sobrevino.<\/p>\n\n\n\n<p class=\"wp-block-paragraph\">&nbsp;Por cierto que el jueves pasado falleci\u00f3 Isabel Custodio, quien fuera pareja sentimental de Castro Ruz durante su exilio en M\u00e9xico. La guapa se\u00f1ora es autora de \u201cEl amor me absolver\u00e1\u201d, novela que hace un gui\u00f1o a la c\u00e9lebre frase que el doctor Castro lanz\u00f3 cuando fue condenado por el r\u00e9gimen de Fulgencio Batista. Como algunos recordar\u00e1n, el batall\u00f3n que dar\u00eda inicio a la revoluci\u00f3n en Cuba se form\u00f3 en la ciudad de M\u00e9xico, entrenando en las faldas del Chiquihuite y organizando la estrategia en las mesas del caf\u00e9 La Habana.<\/p>\n\n\n\n<p class=\"wp-block-paragraph\">&nbsp;En 1956 el grupo adquiri\u00f3 el yate \u201cGranm\u00e1\u201d en Tuxpan, Veracruz, en el que iniciar\u00edan la traves\u00eda revolucionaria. Lo tripulaban 82 expedicionarios \u2013entre ellos Fidel y Ra\u00fal Castro, el Ch\u00e9 Guevara y Camilo Cienfuegos\u2013, de los que un a\u00f1o despu\u00e9s s\u00f3lo sobrevivir\u00edan doce. Lo dem\u00e1s es historia.<\/p>\n\n\n\n<p class=\"wp-block-paragraph\">El grupo viv\u00eda disperso en los alrededores de la colonia Tabacalera, donde fueron apresados por el director de la DFS, Fernando Guti\u00e9rrez Barrios, quien los mantuvo en prisi\u00f3n varias semanas. Luego, por \u00f3rdenes del presidente Adolfo Ruiz Cortines, fueron liberados, y no perdieron el tiempo para iniciar su traves\u00eda en el desvencijado yate que les cost\u00f3 50 mil pesos. De ah\u00ed que en el verano de 2017 el delegado Ricardo Monreal contratara al escultor Oscar Ponzanelli para realizar el par de figuras de bronce que celebran el encuentro de Fidel con el Ch\u00e9.<\/p>\n\n\n\n<p class=\"wp-block-paragraph\">&nbsp;Han retirado sus efigies por no ser del gusto de la alcaldesa, igual como fue retirada la estatua de Crist\u00f3bal Col\u00f3n de la glorieta que a\u00fan lleva su nombre. Igual suerte corri\u00f3 la figura ecuestre de Jos\u00e9 Mar\u00eda Morelos en la autopista a Cuernavaca (en realidad fue sustra\u00edda en 2012), como fue arrebatada la efigie de Vicente Fox en Boca del R\u00edo, y derribadas las efigies de Lenin en Mosc\u00fa al desaparecer la URSS; ya no se diga las estatuas de Saddam Hussein en Irak durante \u201cla Madre de todas las Batallas\u201d.<\/p>\n\n\n\n<p class=\"wp-block-paragraph\">\u00bfAlguien recuerda cuando en 1943 la Liga de la Decencia logr\u00f3 que a la Diana Cazadora (obra de Juan Olagu\u00edbel) en Paseo de la Reforma le fueran a\u00f1adidos unos calzones de bronce?<\/p>\n\n\n\n<p class=\"wp-block-paragraph\">El crimen de apostas\u00eda tuvo su esplendor en los siglos VII y VIII de nuestra era, cuando los primeros cristianos se lanzaron a destruir las representaciones de Cristo y los santos obedeciendo el edicto de iconoclastia decretado por Le\u00f3n III, quien decret\u00f3 que \u201cse deb\u00eda venerar al Ser Supremo y no a sus representaciones\u201d.&nbsp;<\/p>\n\n\n\n<p class=\"wp-block-paragraph\">&nbsp;Ha sido la tradici\u00f3n en los periodos de turbulencia. Los soldados de Hern\u00e1n Cort\u00e9s destruyendo los monolitos de idolatr\u00eda, o el gobernador radicalista de Tabasco, Tom\u00e1s Garrido Canabal (1923-35), incitando a quemar iglesias y fusilar santos, apoyado en el movimiento de los Camisas Rojas que, ir\u00f3nicamente, comandaba el insigne Carlos Madrazo, despu\u00e9s dirigente del PRI.&nbsp;<\/p>\n\n\n\n<p class=\"wp-block-paragraph\">&nbsp;Camisas Rojas, Ligas de la Decencia, milicianos de Hamas; cada cual halla sus razones para ejercer los nuevos modos de la herej\u00eda. Destruyamos, arrasemos, arranquemos las efigies de nuestros rivales, al fin que para alcanzar al Benem\u00e9rito en su alto pedestal, los v\u00e1ndalos encapuchados no le llegar\u00e1n ni a los talones. Su furia iconoclasta le hace lo que el viento.&nbsp;<\/p>\n\n\n\n<figure class=\"wp-block-table\"><table class=\"has-fixed-layout\"><tbody><tr><td><\/td><td><\/td><\/tr><\/tbody><\/table><\/figure>\n","protected":false},"excerpt":{"rendered":"<p>&nbsp;David Mart\u00edn del Campo SemM\u00e9xico, Cuernavaca, Morelos,&nbsp; 30 de julio, 2025.- El asunto es la inmortalidad. Que el egregio palad\u00edn perviva por siempre en el coraz\u00f3n de los ciudadanos. Aplausos, v\u00edtores, y que la p\u00e1tina del tiempo no los haga sucumbir. \u00a1Vivan los h\u00e9roes que nos dieron patria y libertad, los que salvaron la banca [&hellip;]<\/p>\n","protected":false},"author":3,"featured_media":84026,"comment_status":"open","ping_status":"open","sticky":false,"template":"","format":"standard","meta":{"_monsterinsights_skip_tracking":false,"footnotes":""},"categories":[35],"tags":[],"class_list":["post-97345","post","type-post","status-publish","format-standard","has-post-thumbnail","category-opinion"],"_links":{"self":[{"href":"https:\/\/redsemlac.com\/semmexico\/wp-json\/wp\/v2\/posts\/97345","targetHints":{"allow":["GET"]}}],"collection":[{"href":"https:\/\/redsemlac.com\/semmexico\/wp-json\/wp\/v2\/posts"}],"about":[{"href":"https:\/\/redsemlac.com\/semmexico\/wp-json\/wp\/v2\/types\/post"}],"author":[{"embeddable":true,"href":"https:\/\/redsemlac.com\/semmexico\/wp-json\/wp\/v2\/users\/3"}],"replies":[{"embeddable":true,"href":"https:\/\/redsemlac.com\/semmexico\/wp-json\/wp\/v2\/comments?post=97345"}],"version-history":[{"count":0,"href":"https:\/\/redsemlac.com\/semmexico\/wp-json\/wp\/v2\/posts\/97345\/revisions"}],"wp:featuredmedia":[{"embeddable":true,"href":"https:\/\/redsemlac.com\/semmexico\/wp-json\/wp\/v2\/media\/84026"}],"wp:attachment":[{"href":"https:\/\/redsemlac.com\/semmexico\/wp-json\/wp\/v2\/media?parent=97345"}],"wp:term":[{"taxonomy":"category","embeddable":true,"href":"https:\/\/redsemlac.com\/semmexico\/wp-json\/wp\/v2\/categories?post=97345"},{"taxonomy":"post_tag","embeddable":true,"href":"https:\/\/redsemlac.com\/semmexico\/wp-json\/wp\/v2\/tags?post=97345"}],"curies":[{"name":"wp","href":"https:\/\/api.w.org\/{rel}","templated":true}]}}