{"id":97317,"date":"2025-07-28T19:04:20","date_gmt":"2025-07-29T01:04:20","guid":{"rendered":"https:\/\/redsemlac.com\/semmexico\/?p=97317"},"modified":"2025-07-28T19:04:22","modified_gmt":"2025-07-29T01:04:22","slug":"el-circulo-vicioso-que-mantiene-estancado-al-futbol-femenino-en-america-latina","status":"publish","type":"post","link":"https:\/\/redsemlac.com\/semmexico\/el-circulo-vicioso-que-mantiene-estancado-al-futbol-femenino-en-america-latina\/","title":{"rendered":"El c\u00edrculo vicioso que mantiene estancado al f\u00fatbol femenino en Am\u00e9rica Latina"},"content":{"rendered":"\n<ul class=\"wp-block-list\">\n<li>Falta de atenci\u00f3n e inversi\u00f3n de la Conmegol<\/li>\n\n\n\n<li>Mientras en Europa hay inter\u00e9s en la transmisi\u00f3n de partidos, en Am\u00e9rica no<\/li>\n<\/ul>\n\n\n\n<p class=\"wp-block-paragraph\">Nicholas Dale Leal<\/p>\n\n\n\n<p class=\"wp-block-paragraph\">SemM\u00e9xico\/El Pa\u00eds, Ciudad de M\u00e9xico, 28 de julio, 2025.- En un verano en el que primero el&nbsp;<a href=\"https:\/\/t.newsletter.elpais.com\/r\/?id=hcf53cc07,cdee36a,50fb05e&amp;e=cDE9YW1lcmljYW5hc18yMDI1LjA3LjI2JnAyPWFtZXJpY2FuYXNfMjAyNS4wNy4yNg&amp;s=NvujdCeq3Ephvsc3CHBmwEDocs-TIDBr8u2qOnudvDE\" target=\"_blank\" rel=\"noreferrer noopener\">Mundial de Clubes inaugural&nbsp;<\/a>y luego&nbsp;<a href=\"https:\/\/t.newsletter.elpais.com\/r\/?id=hcf53cc07,cdee36a,50fb05f&amp;e=cDE9YW1lcmljYW5hc18yMDI1LjA3LjI2JnAyPWFtZXJpY2FuYXNfMjAyNS4wNy4yNg&amp;s=uTzBw3wcMooD6jGxHY_AAEAGTbkpJFigAOyIRJ_eB7s\" target=\"_blank\" rel=\"noreferrer noopener\">la Eurocopa femenina&nbsp;<\/a>han captado la atenci\u00f3n de muchos futboleros a ambos lados del Atl\u00e1ntico y m\u00e1s all\u00e1, es perdonable no haberse percatado de que en la capital de Ecuador se est\u00e1 celebrando tambi\u00e9n la Copa Am\u00e9rica femenina.<\/p>\n\n\n\n<p class=\"wp-block-paragraph\">El que deber\u00eda ser el segundo torneo de confederaciones m\u00e1s importante del f\u00fatbol femenino ha pasado por debajo del radar por la falta de atenci\u00f3n e inversi\u00f3n de la Confederaci\u00f3n Sudamericana de F\u00fatbol (Conmebol). Es una situaci\u00f3n estructural que perpet\u00faa un c\u00edrculo vicioso de menor inter\u00e9s, menos gasto, peores condiciones y, por lo tanto, calidad de juego m\u00e1s baja.<\/p>\n\n\n\n<p class=\"wp-block-paragraph\">\u200c<\/p>\n\n\n\n<p class=\"wp-block-paragraph\">El contraste con la Eurocopa femenina dif\u00edcilmente podr\u00eda ser m\u00e1s marcado. En Ecuador, todos los partidos se juegan en uno de tres estadios habilitados, todos en Quito. Las entradas apenas salieron a la venta una semana antes del comienzo del torneo y pr\u00e1cticamente no ha habido promoci\u00f3n, por lo que las gradas han permanecido semidesiertas.<\/p>\n\n\n\n<p class=\"wp-block-paragraph\">En Suiza, anfitri\u00f3n del torneo continental europeo, los ocho estadios sede han estado abarrotados. A falta solamente del partido final ya se hab\u00eda&nbsp;<a href=\"https:\/\/t.newsletter.elpais.com\/r\/?id=hcf53cc07,cdee36a,50fb060&amp;e=cDE9YW1lcmljYW5hc18yMDI1LjA3LjI2JnAyPWFtZXJpY2FuYXNfMjAyNS4wNy4yNg&amp;s=LfyhsMW86iaOYf91acJxtYUtWAIIMcF_skWFBocUgjo\" target=\"_blank\" rel=\"noreferrer noopener\">superado con creces el r\u00e9cord anterior de asistencia<\/a>&nbsp;con 623.000 espectadores, y a las Fan Zones habilitadas hab\u00edan llegado m\u00e1s de un mill\u00f3n de fan\u00e1ticos.<\/p>\n\n\n\n<p class=\"wp-block-paragraph\">\u200c<\/p>\n\n\n\n<p class=\"wp-block-paragraph\">El debut de Espa\u00f1a en la copa fue lo m\u00e1s visto en las televisiones del pa\u00eds y unos dos millones de personas han seguido a las superestrellas espa\u00f1olas como Aitana Bonmat\u00ed o Alexia Putellas cada vez que han salido al campo. En Inglaterra, la victoria 6-1 a Gales en la fase de grupos la vieron 4,5 millones de televidentes, m\u00e1s incluso que la final del Mundial de Clubes, que se jugaba ese mismo d\u00eda y en la que sali\u00f3 victorioso el Chelsea, un club londinense.<\/p>\n\n\n\n<p class=\"wp-block-paragraph\">\u200c<\/p>\n\n\n\n<p class=\"wp-block-paragraph\">La Copa Am\u00e9rica, en cambio, apenas se est\u00e1 transmitiendo en algunos servicios de pago y seguirla requiere de mucho esfuerzo por parte del interesado. Asumiendo culpas, este diario solo ha publicado&nbsp;<a href=\"https:\/\/t.newsletter.elpais.com\/r\/?id=hcf53cc07,cdee36a,50fb061&amp;e=cDE9YW1lcmljYW5hc18yMDI1LjA3LjI2JnAyPWFtZXJpY2FuYXNfMjAyNS4wNy4yNg&amp;s=K1opCQJ8GKISBv0kyuLLAFNxc8t5r3jYZaAeP0VxVRg\" target=\"_blank\" rel=\"noreferrer noopener\">un art\u00edculo<\/a>&nbsp;de previa sobre el torneo.<\/p>\n\n\n\n<p class=\"wp-block-paragraph\">\u200c<\/p>\n\n\n\n<p class=\"wp-block-paragraph\">En medio del verano, cuando los aficionados est\u00e1n a la caza de partidos para ver, y desde un punto de vista meramente econ\u00f3mico, es lamentable que la Conmebol haya perdido la oportunidad de sumarse a la cresta de la ola del f\u00fatbol femenino, como s\u00ed ha hecho la UEFA. De acuerdo a&nbsp;<a href=\"https:\/\/t.newsletter.elpais.com\/r\/?id=hcf53cc07,cdee36a,50fb062&amp;e=cDE9YW1lcmljYW5hc18yMDI1LjA3LjI2JnAyPWFtZXJpY2FuYXNfMjAyNS4wNy4yNg&amp;s=ZlMIdM-21lC4s3S2-4FoEZeTH6pBS2fsh0APMUOI1hM\" target=\"_blank\" rel=\"noreferrer noopener\">un estudio de mediados de junio<\/a>, el f\u00fatbol femenino entrar\u00e1 en el top cinco de deportes globales para 2030, con m\u00e1s de 800 millones de fan\u00e1ticos. El informe, titulado&nbsp;<em>De infravaloradas a imparables<\/em>, destaca un aumento significativo del inter\u00e9s, la audiencia y la inversi\u00f3n comercial en el f\u00fatbol femenino, lo que sugiere un cambio importante en el panorama deportivo mundial. El potencial para crear ahora un c\u00edrculo virtuoso de crecimiento est\u00e1 patente, pero en Sudam\u00e9rica no termina de arrancar.<\/p>\n\n\n\n<p class=\"wp-block-paragraph\">\u200c<\/p>\n\n\n\n<p class=\"wp-block-paragraph\">Entonces, lo m\u00e1s preocupante es por qu\u00e9, incluso con los lucrativos incentivos que supondr\u00eda un popular torneo internacional, la confederaci\u00f3n de f\u00fatbol sudamericana muestra un grosero desd\u00e9n por el deporte femenino. Tal vez, aventuramos aqu\u00ed, la raz\u00f3n es un enquistado machismo rampante \u2014que ha salido a relucir en&nbsp;<a href=\"https:\/\/t.newsletter.elpais.com\/r\/?id=hcf53cc07,cdee36a,50fb063&amp;e=cDE9YW1lcmljYW5hc18yMDI1LjA3LjI2JnAyPWFtZXJpY2FuYXNfMjAyNS4wNy4yNg&amp;s=-33nixJ9uTm-s4fGpWuAp8BTV7aIbLYHmSnfjThyQAQ\" target=\"_blank\" rel=\"noreferrer noopener\">la pol\u00e9mica de los videos del futbolista mexicano Chicharito Hern\u00e1ndez<\/a>\u2014 que se siente tan en casa en las canchas y gradas de f\u00fatbol del continente y que parece que tambi\u00e9n tiene un hogar en los despachos m\u00e1s altos del deporte.<\/p>\n\n\n\n<p class=\"wp-block-paragraph\">\u200c<\/p>\n\n\n\n<p class=\"wp-block-paragraph\">Porque los problemas no se limitan a la falta de promoci\u00f3n. Durante el torneo, las quejas de las jugadoras han sido abundantes y son evidencia de un cr\u00f3nico irrespeto que reciben por parte de los organizadores, que tambi\u00e9n se vio el a\u00f1o pasado en la ca\u00f3tica edici\u00f3n de una Copa Libertadores femenina. Estas \u00faltimas semanas en Ecuador, adem\u00e1s del uso de estadios de segunda categor\u00eda, el VAR no se ha habilitado para la fase de grupos y, tal vez lo m\u00e1s grave, inicialmente las futbolistas no ten\u00edan permitido calentar sobre el campo de juego.<\/p>\n\n\n\n<p class=\"wp-block-paragraph\">\u200c<\/p>\n\n\n\n<p class=\"wp-block-paragraph\">El argumento de la Conmebol era que, como se juegan dos partidos diarios sobre la misma cancha, el desgaste del c\u00e9sped durante el calentamiento ser\u00eda demasiado. As\u00ed que, para los primeros partidos, las jugadoras tuvieron que calentar en unos peque\u00f1os cuartos adjuntos a los vestuarios donde no cab\u00eda la plantilla entera. Las quejas de las jugadoras que se volvieron virales en redes sociales obligaron a los organizadores a recular, y a partir de la mitad del torneo ya pudieron prepararse para los partidos sobre la cancha.<\/p>\n\n\n\n<p class=\"wp-block-paragraph\">Pero el da\u00f1o ya est\u00e1 hecho. La Copa Am\u00e9rica Femenina 2025 ha sido un fracaso a pesar del esfuerzo y la seriedad de los equipos. Y las jugadoras sudamericanas \u2014m\u00e1s all\u00e1 del pu\u00f1ado m\u00e1s conocido que juega en equipos estadounidenses o europeos como&nbsp;<a href=\"https:\/\/t.newsletter.elpais.com\/r\/?id=hcf53cc07,cdee36a,50fb064&amp;e=cDE9YW1lcmljYW5hc18yMDI1LjA3LjI2JnAyPWFtZXJpY2FuYXNfMjAyNS4wNy4yNg&amp;s=SU_LeB1ZZFhaa-sw_BZEXVfMDHThrcA2dO1D35iOC-g\" target=\"_blank\" rel=\"noreferrer noopener\">Marta<\/a>, Linda Caicedo o&nbsp;<a href=\"https:\/\/t.newsletter.elpais.com\/r\/?id=hcf53cc07,cdee36a,50fb065&amp;e=cDE9YW1lcmljYW5hc18yMDI1LjA3LjI2JnAyPWFtZXJpY2FuYXNfMjAyNS4wNy4yNg&amp;s=9wqquZeLnDht5YaNZUzFxeF7clb3ectHRs96Jku_OVA\" target=\"_blank\" rel=\"noreferrer noopener\">Mayra Ram\u00edrez<\/a>, que solas son capaces de ilusionar a pa\u00edses enteros\u2014 siguen igual de lejos de poder ser profesionales en condiciones dignas y vivir del f\u00fatbol en sus propios pa\u00edses.<\/p>\n\n\n\n<p class=\"wp-block-paragraph\">\u200c<\/p>\n\n\n\n<p class=\"wp-block-paragraph\">Si no se invierte, impulsa y toma en serio el f\u00fatbol femenino en las esferas m\u00e1s poderosas del deporte en el continente, abajo en las canchas no habr\u00e1 mejoras tampoco. Las ni\u00f1as crecer\u00e1n con la evidencia de que no es posible dedicarse al deporte que aman, el nivel y la competitividad se mantendr\u00e1n bajos, y el inter\u00e9s del p\u00fablico nunca despegar\u00e1 del todo.<\/p>\n","protected":false},"excerpt":{"rendered":"<p>Nicholas Dale Leal SemM\u00e9xico\/El Pa\u00eds, Ciudad de M\u00e9xico, 28 de julio, 2025.- En un verano en el que primero el&nbsp;Mundial de Clubes inaugural&nbsp;y luego&nbsp;la Eurocopa femenina&nbsp;han captado la atenci\u00f3n de muchos futboleros a ambos lados del Atl\u00e1ntico y m\u00e1s all\u00e1, es perdonable no haberse percatado de que en la capital de Ecuador se est\u00e1 celebrando [&hellip;]<\/p>\n","protected":false},"author":3,"featured_media":97318,"comment_status":"open","ping_status":"open","sticky":false,"template":"","format":"standard","meta":{"_monsterinsights_skip_tracking":false,"footnotes":""},"categories":[748],"tags":[],"class_list":["post-97317","post","type-post","status-publish","format-standard","has-post-thumbnail","category-cultura-feminista"],"_links":{"self":[{"href":"https:\/\/redsemlac.com\/semmexico\/wp-json\/wp\/v2\/posts\/97317","targetHints":{"allow":["GET"]}}],"collection":[{"href":"https:\/\/redsemlac.com\/semmexico\/wp-json\/wp\/v2\/posts"}],"about":[{"href":"https:\/\/redsemlac.com\/semmexico\/wp-json\/wp\/v2\/types\/post"}],"author":[{"embeddable":true,"href":"https:\/\/redsemlac.com\/semmexico\/wp-json\/wp\/v2\/users\/3"}],"replies":[{"embeddable":true,"href":"https:\/\/redsemlac.com\/semmexico\/wp-json\/wp\/v2\/comments?post=97317"}],"version-history":[{"count":0,"href":"https:\/\/redsemlac.com\/semmexico\/wp-json\/wp\/v2\/posts\/97317\/revisions"}],"wp:featuredmedia":[{"embeddable":true,"href":"https:\/\/redsemlac.com\/semmexico\/wp-json\/wp\/v2\/media\/97318"}],"wp:attachment":[{"href":"https:\/\/redsemlac.com\/semmexico\/wp-json\/wp\/v2\/media?parent=97317"}],"wp:term":[{"taxonomy":"category","embeddable":true,"href":"https:\/\/redsemlac.com\/semmexico\/wp-json\/wp\/v2\/categories?post=97317"},{"taxonomy":"post_tag","embeddable":true,"href":"https:\/\/redsemlac.com\/semmexico\/wp-json\/wp\/v2\/tags?post=97317"}],"curies":[{"name":"wp","href":"https:\/\/api.w.org\/{rel}","templated":true}]}}