{"id":97307,"date":"2025-07-28T17:43:29","date_gmt":"2025-07-28T23:43:29","guid":{"rendered":"https:\/\/redsemlac.com\/semmexico\/?p=97307"},"modified":"2025-07-28T17:43:30","modified_gmt":"2025-07-28T23:43:30","slug":"cuba-sede-de-campeonato-mundial-de-cantineras","status":"publish","type":"post","link":"https:\/\/redsemlac.com\/semmexico\/cuba-sede-de-campeonato-mundial-de-cantineras\/","title":{"rendered":"Cuba sede de campeonato mundial de cantineras"},"content":{"rendered":"\n<ul class=\"wp-block-list\">\n<li>Se realizar\u00e1 en marzo del pr\u00f3ximo a\u00f1o y se esperan profesionales de todo el mundo<\/li>\n\n\n\n<li>El Queens of Bartending: The Global Female Championship, sin precedente<\/li>\n<\/ul>\n\n\n\n<p class=\"wp-block-paragraph\">SemM\u00e9xico, La Habana, 28 de julio, 2025.- Turoperadores y agentes de viajes que trabajan con el destino Cuba, comentaron la noticia de que este pa\u00eds ser\u00e1 sede del primer campeonato mundial de cantineras, denominado Queens of Bartending: The Global Female Championship<\/p>\n\n\n\n<p class=\"wp-block-paragraph\">Los principales operadores de viajes radicados en esta isla esperan que el evento estimule las visitas profesionales desde todas partes del mundo.<\/p>\n\n\n\n<p class=\"wp-block-paragraph\">De acuerdo con CubaSi, este pa\u00eds ser\u00e1 sede -en 2026- del primer campeonato mundial de cantineras, avalado por la International Bartenders Association (IBA), informaron organizadores y se\u00f1alaron que despierta un atractivo muy particular.<\/p>\n\n\n\n<p class=\"wp-block-paragraph\">El presidente de la Asociaci\u00f3n de Cantineros de Cuba (ACC), Eddis Naranjo, rese\u00f1\u00f3 que la competici\u00f3n ocurrir\u00e1 del 7 al 10 de marzo del a\u00f1o siguientes, precisamente en Meli\u00e1 Cohiba.<\/p>\n\n\n\n<p class=\"wp-block-paragraph\">A esos efectos se circula una convocatoria para los 67 pa\u00edses miembros de la IBA, con la finalidad de lograr una selecci\u00f3n final de 30 participantes.<\/p>\n\n\n\n<p class=\"wp-block-paragraph\">Explicaron que la elecci\u00f3n de sede se debi\u00f3 a la experiencia de los profesionales de este sector cubanos y a la organizaci\u00f3n de diversos eventos de este tipo, incluido el Mundial de la IBA que tuvo escenario en La Habana en&nbsp;<\/p>\n\n\n\n<p class=\"wp-block-paragraph\">2022.<\/p>\n\n\n\n<p class=\"wp-block-paragraph\">La IBA hasta el presente solo organiza el Mundial de Cantineros que se realiza cada a\u00f1o en un lugar diferente, y ahora en coordinaci\u00f3n con la ACC busca a\u00f1adir esta importante competencia.<\/p>\n\n\n\n<p class=\"wp-block-paragraph\">Otro de los elementos que definieron la elecci\u00f3n de Cuba est\u00e1 en la antig\u00fcedad de su Club de Cantineros, creado en 1924, continuidad desde 1998 mediante la ACC.<\/p>\n\n\n\n<p class=\"wp-block-paragraph\">Se trata, por tanto, del Queens of Bartending: The Global Female Championship (Reinas de la Cocteler\u00eda: El Campeonato Mundial Femenino) evento que los organizadores tanto internacionales como locales consideran sin precedentes.<\/p>\n\n\n\n<p class=\"wp-block-paragraph\">Como es l\u00f3gico suponer, un evento de este nivel puede llamar la atenci\u00f3n de viajeros profesionales, tanto relacionados con el mundo de la hospitalidad, como la gastronom\u00eda, el comercio de bebidas y licores, y otros segmentos vinculados.<\/p>\n\n\n\n<p class=\"wp-block-paragraph\">SEM\/CS<\/p>\n","protected":false},"excerpt":{"rendered":"<p>SemM\u00e9xico, La Habana, 28 de julio, 2025.- Turoperadores y agentes de viajes que trabajan con el destino Cuba, comentaron la noticia de que este pa\u00eds ser\u00e1 sede del primer campeonato mundial de cantineras, denominado Queens of Bartending: The Global Female Championship Los principales operadores de viajes radicados en esta isla esperan que el evento estimule [&hellip;]<\/p>\n","protected":false},"author":3,"featured_media":97308,"comment_status":"open","ping_status":"open","sticky":false,"template":"","format":"standard","meta":{"_monsterinsights_skip_tracking":false,"footnotes":""},"categories":[748,53],"tags":[],"class_list":["post-97307","post","type-post","status-publish","format-standard","has-post-thumbnail","category-cultura-feminista","category-internacional"],"_links":{"self":[{"href":"https:\/\/redsemlac.com\/semmexico\/wp-json\/wp\/v2\/posts\/97307","targetHints":{"allow":["GET"]}}],"collection":[{"href":"https:\/\/redsemlac.com\/semmexico\/wp-json\/wp\/v2\/posts"}],"about":[{"href":"https:\/\/redsemlac.com\/semmexico\/wp-json\/wp\/v2\/types\/post"}],"author":[{"embeddable":true,"href":"https:\/\/redsemlac.com\/semmexico\/wp-json\/wp\/v2\/users\/3"}],"replies":[{"embeddable":true,"href":"https:\/\/redsemlac.com\/semmexico\/wp-json\/wp\/v2\/comments?post=97307"}],"version-history":[{"count":0,"href":"https:\/\/redsemlac.com\/semmexico\/wp-json\/wp\/v2\/posts\/97307\/revisions"}],"wp:featuredmedia":[{"embeddable":true,"href":"https:\/\/redsemlac.com\/semmexico\/wp-json\/wp\/v2\/media\/97308"}],"wp:attachment":[{"href":"https:\/\/redsemlac.com\/semmexico\/wp-json\/wp\/v2\/media?parent=97307"}],"wp:term":[{"taxonomy":"category","embeddable":true,"href":"https:\/\/redsemlac.com\/semmexico\/wp-json\/wp\/v2\/categories?post=97307"},{"taxonomy":"post_tag","embeddable":true,"href":"https:\/\/redsemlac.com\/semmexico\/wp-json\/wp\/v2\/tags?post=97307"}],"curies":[{"name":"wp","href":"https:\/\/api.w.org\/{rel}","templated":true}]}}