{"id":97303,"date":"2025-07-28T17:12:27","date_gmt":"2025-07-28T23:12:27","guid":{"rendered":"https:\/\/redsemlac.com\/semmexico\/?p=97303"},"modified":"2025-07-28T17:12:29","modified_gmt":"2025-07-28T23:12:29","slug":"la-trata-una-de-las-heridas-mas-dolorosas-arzobispo-de-acapulco","status":"publish","type":"post","link":"https:\/\/redsemlac.com\/semmexico\/la-trata-una-de-las-heridas-mas-dolorosas-arzobispo-de-acapulco\/","title":{"rendered":"La trata, una de las heridas m\u00e1s dolorosas: arzobispo de Acapulco"},"content":{"rendered":"\n<ul class=\"wp-block-list\">\n<li>Es un atentico crimen contra la humanidad, dice al retomar el mensaje del Papa Francisco<\/li>\n\n\n\n<li>Llama a las autoridades a promover iniciativas en defensa de la dignidad humana<\/li>\n<\/ul>\n\n\n\n<p class=\"wp-block-paragraph\">Por Isabel Mart\u00ednez<br>SemM\u00e9xico\/Ceprovysa, Acapulco, 28 de Julio, 2025.- El arzobispo de Acapulco, Don Leopoldo Gonz\u00e1lez Gonz\u00e1lez, calific\u00f3 a la trata como \u201cuna de las heridas m\u00e1s dolorosas de nuestro tiempo\u201d y retomando un mensaje del Papa Francisco, advirti\u00f3 que \u201cconstituye una moderna forma de esclavitud que viola la dignidad de las personas y es un aut\u00e9ntico crimen contra la humanidad\u201d.<\/p>\n\n\n\n<p class=\"wp-block-paragraph\"><br>\u201cLa trata es un fen\u00f3meno complejo, en constante evoluci\u00f3n, y se ve alimentada por las guerras, los conflictos y por las necesidades que da la pobreza\u201d dijo el arzobispo de Acapulco, por ello llam\u00f3 a combatirla con responsabilidad ciudadana.<\/p>\n\n\n\n<p class=\"wp-block-paragraph\">En el marco del D\u00eda Mundial contra la Trata de Personas, instituido en ser abordado el 30 de julio, en su mensaje dominical el arzobispo agreg\u00f3 que \u201ceste problema social requiere de respuestas globales y de un esfuerzo com\u00fan por parte de todos los niveles, y as\u00ed poder para contrarrestarlo de manera definitiva\u201d.<\/p>\n\n\n\n<p class=\"wp-block-paragraph\">Don Leopoldo Gonz\u00e1lez hizo un llamado a las autoridades a promover iniciativas en defensa de la dignidad humana asegurando que \u201cel reconocer la dignidad de toda persona es el primer acto de cuidado de uno mismo y de los dem\u00e1s\u201d, y agreg\u00f3 \u201cno somos objeto de compra \u2013 venta, ni un art\u00edculo para usar y desechar\u201d por ello nadie puede ser considerado un medio o instrumento para lograr alguna cosa o para violar los derechos de otras personas.<\/p>\n\n\n\n<p class=\"wp-block-paragraph\">El arzobispo de Acapulco hizo un llamado a \u201cevitar acostumbrarnos a la injusticia, alejarnos de la tentaci\u00f3n de pensar que ciertos fen\u00f3menos no pueden erradicarse\u201d. Cit\u00f3 hechos como los cr\u00edmenes, de los que dijo \u201clos delitos no pueden ser el entramado de nuestro diario vivir\u201d.<\/p>\n\n\n\n<p class=\"wp-block-paragraph\">SEM\/sj<\/p>\n","protected":false},"excerpt":{"rendered":"<p>Por Isabel Mart\u00ednezSemM\u00e9xico\/Ceprovysa, Acapulco, 28 de Julio, 2025.- El arzobispo de Acapulco, Don Leopoldo Gonz\u00e1lez Gonz\u00e1lez, calific\u00f3 a la trata como \u201cuna de las heridas m\u00e1s dolorosas de nuestro tiempo\u201d y retomando un mensaje del Papa Francisco, advirti\u00f3 que \u201cconstituye una moderna forma de esclavitud que viola la dignidad de las personas y es un [&hellip;]<\/p>\n","protected":false},"author":3,"featured_media":97304,"comment_status":"open","ping_status":"open","sticky":false,"template":"","format":"standard","meta":{"_monsterinsights_skip_tracking":false,"footnotes":""},"categories":[694],"tags":[],"class_list":["post-97303","post","type-post","status-publish","format-standard","has-post-thumbnail","category-destacadas"],"_links":{"self":[{"href":"https:\/\/redsemlac.com\/semmexico\/wp-json\/wp\/v2\/posts\/97303","targetHints":{"allow":["GET"]}}],"collection":[{"href":"https:\/\/redsemlac.com\/semmexico\/wp-json\/wp\/v2\/posts"}],"about":[{"href":"https:\/\/redsemlac.com\/semmexico\/wp-json\/wp\/v2\/types\/post"}],"author":[{"embeddable":true,"href":"https:\/\/redsemlac.com\/semmexico\/wp-json\/wp\/v2\/users\/3"}],"replies":[{"embeddable":true,"href":"https:\/\/redsemlac.com\/semmexico\/wp-json\/wp\/v2\/comments?post=97303"}],"version-history":[{"count":0,"href":"https:\/\/redsemlac.com\/semmexico\/wp-json\/wp\/v2\/posts\/97303\/revisions"}],"wp:featuredmedia":[{"embeddable":true,"href":"https:\/\/redsemlac.com\/semmexico\/wp-json\/wp\/v2\/media\/97304"}],"wp:attachment":[{"href":"https:\/\/redsemlac.com\/semmexico\/wp-json\/wp\/v2\/media?parent=97303"}],"wp:term":[{"taxonomy":"category","embeddable":true,"href":"https:\/\/redsemlac.com\/semmexico\/wp-json\/wp\/v2\/categories?post=97303"},{"taxonomy":"post_tag","embeddable":true,"href":"https:\/\/redsemlac.com\/semmexico\/wp-json\/wp\/v2\/tags?post=97303"}],"curies":[{"name":"wp","href":"https:\/\/api.w.org\/{rel}","templated":true}]}}