{"id":97278,"date":"2025-07-25T18:39:35","date_gmt":"2025-07-26T00:39:35","guid":{"rendered":"https:\/\/redsemlac.com\/semmexico\/?p=97278"},"modified":"2025-07-25T18:39:37","modified_gmt":"2025-07-26T00:39:37","slug":"hambre-en-gaza-acecha-a-periodistas","status":"publish","type":"post","link":"https:\/\/redsemlac.com\/semmexico\/hambre-en-gaza-acecha-a-periodistas\/","title":{"rendered":"Hambre en Gaza acecha a periodistas"},"content":{"rendered":"\n<ul class=\"wp-block-list\">\n<li>Reporteros locales est\u00e1n hambrientos, denuncian agencias<\/li>\n\n\n\n<li>Agencias de noticias lanzaron un llamado conjunto a Israel para autorizar la entrada y salida de periodistas<\/li>\n<\/ul>\n\n\n\n<p class=\"wp-block-paragraph\">SemM\u00e9xico\/El Sol de M\u00e9xico, Paris, 25 de julio, 2025.- Las agencias de noticias AFP, AP y Reuters y la cadena brit\u00e1nica BBC lanzaron un llamado conjunto a Israel para \u201cautorizar la entrada y salida de periodistas en Gaza\u201d, tras m\u00e1s de 21 meses de guerra.<\/p>\n\n\n\n<p class=\"wp-block-paragraph\">\u201cLos periodistas deben enfrentar numerosas privaciones y dificultades en zonas de guerra. Estamos profundamente preocupados por el hecho de que, ahora, el hambre amenaza su supervivencia\u201d, se\u00f1alaron Agence Francepresse, The Associated Press, Reuters y BBC News en una declaraci\u00f3n conjunta.<\/p>\n\n\n\n<p class=\"wp-block-paragraph\">\u201cInstamos una vez m\u00e1s a las autoridades israel\u00edes a permitir la entrada y salida de periodistas en Gaza. Es esencial que los alimentos lleguen en cantidades suficientes a la poblaci\u00f3n local\u201d.<\/p>\n\n\n\n<p class=\"wp-block-paragraph\">Los medios se declararon \u201cprofundamente preocupados por la situaci\u00f3n\u201d de sus periodistas en el enclave palestino, \u201cquienes tienen cada vez m\u00e1s dificultades para satisfacer las necesidades alimentarias de sus familias y propias\u201d.<\/p>\n\n\n\n<p class=\"wp-block-paragraph\">\u201cPeriodistas independientes han sido los ojos y o\u00eddos del mundo sobre el terreno en Gaza. Ahora enfrentan las mismas condiciones dram\u00e1ticas que la poblaci\u00f3n que cubren\u201d, sentenciaron.<\/p>\n\n\n\n<p class=\"wp-block-paragraph\">Los testimonios de periodistas en peligro se han multiplicado en los \u00faltimos d\u00edas en Gaza.<\/p>\n\n\n\n<p class=\"wp-block-paragraph\">Seg\u00fan relatan, sufren hambre extrema, falta de agua potable y un creciente agotamiento f\u00edsico y mental, que los obliga a reducir su cobertura de la guerra, desencadenada el 7 de octubre de 2023 por un ataque sin precedentes del movimiento palestino Hamas en Israel.<\/p>\n\n\n\n<p class=\"wp-block-paragraph\">La ONU y un centenar de ONG han encendido las alarmas sobre el hambre en Gaza, que afecta tambi\u00e9n a sus propios empleados.<\/p>\n\n\n\n<p class=\"wp-block-paragraph\">El gobierno israel\u00ed dijo que no es responsable de la penuria de alimentos y que Hamas obstaculiza la distribuci\u00f3n o saquea la ayuda para revenderla, cosa que el grupo islamista neg\u00f3.<\/p>\n\n\n\n<p class=\"wp-block-paragraph\">Tras aplicar a Gaza un asedio total en octubre de 2023, Israel impuso de nuevo un bloqueo al enclave costero palestino a inicios de marzo, que aliger\u00f3 en parte a fines de mayo.<\/p>\n\n\n\n<p class=\"wp-block-paragraph\">Israel dijo que sigue buscando un acuerdo de tregua, pese a que llam\u00f3 a consultas a sus negociadores y EU dej\u00f3 las conversaciones culpando a Hamas.<\/p>\n\n\n\n<p class=\"wp-block-paragraph\">Los m\u00e1s de dos millones de gazat\u00edes sufren grandes dificultades para acceder a comida, medicina y carburante.<\/p>\n\n\n\n<p class=\"wp-block-paragraph\">Desde finales de 2023, los \u00fanicos periodistas que han podido acceder desde el exterior a la Franja de Gaza lo hicieron acompa\u00f1ados del ej\u00e9rcito israel\u00ed, y sus reportajes han estado sometidos a la censura militar.<\/p>\n\n\n\n<p class=\"wp-block-paragraph\">Los habitantes hambrientos de Gaza son \u201ccad\u00e1veres andantes\u201d, advirti\u00f3 este jueves el jefe de UNRWA, la principal agencia de las Naciones Unidas para los refugiados palestinos.<\/p>\n\n\n\n<p class=\"wp-block-paragraph\">\u201cLa gente de Gaza no est\u00e1 ni muerta ni viva, son cad\u00e1veres andantes\u201d, dijo el jefe de la UNRWA, Philippe Lazzarini, al afirmar que uno de cada cinco ni\u00f1os est\u00e1 desnutrido en la ciudad de Gaza.<\/p>\n\n\n\n<p class=\"wp-block-paragraph\">En tanto, Francia reconocer\u00e1 al Estado palestino durante la Asamblea General de la ONU que se celebra en septiembre en Nueva York, anunci\u00f3 el presidente franc\u00e9s, Emmanuel Macron, que subray\u00f3 la necesidad de una paz justa y duradera en Oriente Medio.<\/p>\n\n\n\n<p class=\"wp-block-paragraph\">\u00abFiel al compromiso hist\u00f3rico con una paz justa y duradera en Oriente Medio, decid\u00ed que Francia reconocer\u00e1 al Estado de Palestina. Lo anunciar\u00e9 solemnemente durante la Asamblea General de la ONU el pr\u00f3ximo mes de septiembre\u00bb, escribi\u00f3 Macron en X e Instagram.<\/p>\n\n\n\n<p class=\"wp-block-paragraph\">Francia y Arabia Saudita van a copresidir una cumbre internacional a nivel de jefes de Estado y de Gobierno con el objetivo de relanzar la denominada soluci\u00f3n \u00abde dos Estados\u00bb, uno palestino y otro israel\u00ed. Esta conferencia estaba prevista en junio, pero se pospuso debido a la guerra de 12 d\u00edas entre Israel e Ir\u00e1n.<\/p>\n\n\n\n<p class=\"wp-block-paragraph\">SEM\/ElSolDeM\u00e9xico<\/p>\n\n\n\n<figure class=\"wp-block-gallery has-nested-images columns-default is-cropped wp-block-gallery-1 is-layout-flex wp-block-gallery-is-layout-flex\">\n<figure class=\"wp-block-image size-large\"><a href=\"https:\/\/redsemlac.com\/semmexico\/wp-content\/uploads\/2025\/07\/hambruna-2.jpg\"><img loading=\"lazy\" decoding=\"async\" width=\"414\" height=\"276\" data-id=\"97280\" src=\"https:\/\/redsemlac.com\/semmexico\/wp-content\/uploads\/2025\/07\/hambruna-2.jpg\" alt=\"\" class=\"wp-image-97280\" srcset=\"https:\/\/redsemlac.com\/semmexico\/wp-content\/uploads\/2025\/07\/hambruna-2.jpg 414w, https:\/\/redsemlac.com\/semmexico\/wp-content\/uploads\/2025\/07\/hambruna-2-300x200.jpg 300w, https:\/\/redsemlac.com\/semmexico\/wp-content\/uploads\/2025\/07\/hambruna-2-150x100.jpg 150w\" sizes=\"auto, (max-width: 414px) 100vw, 414px\" \/><\/a><\/figure>\n\n\n\n<figure class=\"wp-block-image size-large\"><a href=\"https:\/\/redsemlac.com\/semmexico\/wp-content\/uploads\/2025\/07\/hambruna-1.png\"><img loading=\"lazy\" decoding=\"async\" width=\"677\" height=\"451\" data-id=\"97281\" src=\"https:\/\/redsemlac.com\/semmexico\/wp-content\/uploads\/2025\/07\/hambruna-1.png\" alt=\"\" class=\"wp-image-97281\" srcset=\"https:\/\/redsemlac.com\/semmexico\/wp-content\/uploads\/2025\/07\/hambruna-1.png 677w, https:\/\/redsemlac.com\/semmexico\/wp-content\/uploads\/2025\/07\/hambruna-1-300x200.png 300w, https:\/\/redsemlac.com\/semmexico\/wp-content\/uploads\/2025\/07\/hambruna-1-150x100.png 150w\" sizes=\"auto, (max-width: 677px) 100vw, 677px\" \/><\/a><\/figure>\n<\/figure>\n","protected":false},"excerpt":{"rendered":"<p>SemM\u00e9xico\/El Sol de M\u00e9xico, Paris, 25 de julio, 2025.- Las agencias de noticias AFP, AP y Reuters y la cadena brit\u00e1nica BBC lanzaron un llamado conjunto a Israel para \u201cautorizar la entrada y salida de periodistas en Gaza\u201d, tras m\u00e1s de 21 meses de guerra. \u201cLos periodistas deben enfrentar numerosas privaciones y dificultades en zonas [&hellip;]<\/p>\n","protected":false},"author":3,"featured_media":97279,"comment_status":"open","ping_status":"open","sticky":false,"template":"","format":"standard","meta":{"_monsterinsights_skip_tracking":false,"footnotes":""},"categories":[53],"tags":[],"class_list":["post-97278","post","type-post","status-publish","format-standard","has-post-thumbnail","category-internacional"],"_links":{"self":[{"href":"https:\/\/redsemlac.com\/semmexico\/wp-json\/wp\/v2\/posts\/97278","targetHints":{"allow":["GET"]}}],"collection":[{"href":"https:\/\/redsemlac.com\/semmexico\/wp-json\/wp\/v2\/posts"}],"about":[{"href":"https:\/\/redsemlac.com\/semmexico\/wp-json\/wp\/v2\/types\/post"}],"author":[{"embeddable":true,"href":"https:\/\/redsemlac.com\/semmexico\/wp-json\/wp\/v2\/users\/3"}],"replies":[{"embeddable":true,"href":"https:\/\/redsemlac.com\/semmexico\/wp-json\/wp\/v2\/comments?post=97278"}],"version-history":[{"count":0,"href":"https:\/\/redsemlac.com\/semmexico\/wp-json\/wp\/v2\/posts\/97278\/revisions"}],"wp:featuredmedia":[{"embeddable":true,"href":"https:\/\/redsemlac.com\/semmexico\/wp-json\/wp\/v2\/media\/97279"}],"wp:attachment":[{"href":"https:\/\/redsemlac.com\/semmexico\/wp-json\/wp\/v2\/media?parent=97278"}],"wp:term":[{"taxonomy":"category","embeddable":true,"href":"https:\/\/redsemlac.com\/semmexico\/wp-json\/wp\/v2\/categories?post=97278"},{"taxonomy":"post_tag","embeddable":true,"href":"https:\/\/redsemlac.com\/semmexico\/wp-json\/wp\/v2\/tags?post=97278"}],"curies":[{"name":"wp","href":"https:\/\/api.w.org\/{rel}","templated":true}]}}