{"id":97220,"date":"2025-07-24T19:04:01","date_gmt":"2025-07-25T01:04:01","guid":{"rendered":"https:\/\/redsemlac.com\/semmexico\/?p=97220"},"modified":"2025-07-24T19:04:02","modified_gmt":"2025-07-25T01:04:02","slug":"cuestionan-reacciones-de-directivos-y-gobierno-ante-comentarios-machistas-del-chicharito","status":"publish","type":"post","link":"https:\/\/redsemlac.com\/semmexico\/cuestionan-reacciones-de-directivos-y-gobierno-ante-comentarios-machistas-del-chicharito\/","title":{"rendered":"Cuestionan reacciones de directivos y gobierno ante comentarios machistas del Chicharito"},"content":{"rendered":"\n<p class=\"wp-block-paragraph\">La reacci\u00f3n del gobierno, por algo medi\u00e1tico, pero indigna el \u201csilencio frente a las violencias que enfrentamos las mujeres todos los d\u00edas\u201d<\/p>\n\n\n\n<p class=\"wp-block-paragraph\">Presidenta Claudia Sheinbaum Pardo y&nbsp; Secretaria de las Mujeres: \u201c muy bien por sus comentarios\u201d, pero olvidan la violencia permitida por el Estado.&nbsp;&nbsp;&nbsp;&nbsp;&nbsp;&nbsp;&nbsp;&nbsp;&nbsp;&nbsp;&nbsp;&nbsp;&nbsp;&nbsp;&nbsp;&nbsp;&nbsp;&nbsp;&nbsp;&nbsp;&nbsp;&nbsp;&nbsp;&nbsp;&nbsp;&nbsp;&nbsp;&nbsp;&nbsp;&nbsp;&nbsp;&nbsp;&nbsp;&nbsp;&nbsp;&nbsp;&nbsp;&nbsp;&nbsp;&nbsp;&nbsp;&nbsp;&nbsp;&nbsp;&nbsp;&nbsp;&nbsp;&nbsp;&nbsp;&nbsp;&nbsp;&nbsp;&nbsp;&nbsp;&nbsp;&nbsp;&nbsp;&nbsp;&nbsp;&nbsp;&nbsp;&nbsp;&nbsp;&nbsp;&nbsp;&nbsp;&nbsp;&nbsp;&nbsp;&nbsp;&nbsp;&nbsp;&nbsp;&nbsp;&nbsp;&nbsp;&nbsp;&nbsp;&nbsp;&nbsp;&nbsp;&nbsp;&nbsp;&nbsp;&nbsp;&nbsp;&nbsp;&nbsp;&nbsp;&nbsp;&nbsp;&nbsp;&nbsp;&nbsp;&nbsp;&nbsp;&nbsp;&nbsp;&nbsp;&nbsp;&nbsp;&nbsp;&nbsp;&nbsp;&nbsp;&nbsp;&nbsp;&nbsp;&nbsp;&nbsp;&nbsp;&nbsp;&nbsp;&nbsp;&nbsp;&nbsp;&nbsp;&nbsp;&nbsp;&nbsp;&nbsp;&nbsp;&nbsp;<\/p>\n\n\n\n<p class=\"wp-block-paragraph\">Elda Montiel<\/p>\n\n\n\n<p class=\"wp-block-paragraph\">SemM\u00e9xico, Cd. de M\u00e9xico, 24 de julio, 2025.- El futbolista Javier Hern\u00e1ndez mejor conocido como \u201cChicharito\u201d se disculp\u00f3 de sus opiniones respecto al rol de las mujeres y asegur\u00f3 que su intenci\u00f3n \u201cno fue limitar, herir, ni dividir\u201d, despu\u00e9s de que la Federaci\u00f3n Mexicana de Futbol, la Liga BBVA Mx y la Liga BBVA MX Femenil emitiera un comunicado oficial en el que informa que la Comisi\u00f3n de Igualdad de G\u00e9nero, y Diversidad impondr\u00e1 un multa y apercibimiento por emitir declaraciones sexistas que son consideradas violencia medi\u00e1tica&nbsp; y van en contra&nbsp; de la igualdad de g\u00e9nero en el deporte.<\/p>\n\n\n\n<p class=\"wp-block-paragraph\">Tambi\u00e9n el Club Guadalajara al que pertenece el futbolista y la marca deportiva Puma, que viste al equipo emitieron comunicados oficiales en las que se deslindan de las opiniones del&nbsp; futbolista por ser de car\u00e1cter personal y en el caso del Club que tomar\u00e1 las acciones correspondientes con base en el reglamento interno.&nbsp;<\/p>\n\n\n\n<p class=\"wp-block-paragraph\">Pero\u2026.Wendy Figueroa Morales de la Red Nacional de Refugios&nbsp; (RNR) &nbsp;public\u00f3 que no se sorprende de los comentarios machistas del futbolista \u201cque reproducen los mismos mandatos patriarcales que hist\u00f3ricamente han oprimido a las mujeres, reduciendo nuestra existencia a los cuidados, la obediencia y el sacrificio. Por supuesto que deben ser cuestionadas y <em>rechazadas\u201d.<\/em><\/p>\n\n\n\n<p class=\"wp-block-paragraph\">Lo sorprendente es la reacci\u00f3n &nbsp;inmediata de la presidenta Claudia Sheinbaum Pardo y de la Secretaria de las Mujeres ante un hecho medi\u00e1tico, pero &nbsp;indigna el \u201csilencio frente a las violencias estructurales que enfrentamos las mujeres todos los d\u00edas. Violencias que, muchas veces, son provocadas o permitidas por el propio Estado\u201d,&nbsp; la falta de presupuesto y&nbsp; estrategia. <em>&nbsp;&nbsp;&nbsp;&nbsp;&nbsp;&nbsp;&nbsp;&nbsp;&nbsp;&nbsp;&nbsp;&nbsp;&nbsp;&nbsp;&nbsp;&nbsp;&nbsp;&nbsp;&nbsp;&nbsp;&nbsp;&nbsp;&nbsp;&nbsp;&nbsp;&nbsp;&nbsp;&nbsp;&nbsp;&nbsp;&nbsp;&nbsp;&nbsp;&nbsp;&nbsp;&nbsp;&nbsp;&nbsp;&nbsp;&nbsp;&nbsp;&nbsp;&nbsp;&nbsp;&nbsp;&nbsp;&nbsp;&nbsp;&nbsp;&nbsp;&nbsp;&nbsp;&nbsp;&nbsp;&nbsp;&nbsp;&nbsp;&nbsp;&nbsp;&nbsp;&nbsp;&nbsp;&nbsp;&nbsp;&nbsp;&nbsp;&nbsp;&nbsp;&nbsp;&nbsp;&nbsp;&nbsp;&nbsp;&nbsp;&nbsp;&nbsp;\u201cViolencias que, muchas veces, son provocadas o permitidas por el propio Estado\u201d.<\/em><\/p>\n\n\n\n<p class=\"wp-block-paragraph\">Importante que&nbsp; &nbsp;el comentarista pol\u00edtico Salvador Garc\u00eda Soto en el Universal, este jueves se\u00f1ala que dichos pronunciamientos de los clubes no se dieron hasta despu\u00e9s de la condena publica de la presidenta Claudia Sheinbaum Pardo en la conferencia del mi\u00e9rcoles en la que refiri\u00f3 que: \u201cEs muy buen futbolista, pero en el caso de su opini\u00f3n respecto a las mujeres yo creo que todav\u00eda tiene mucho que aprender, porque las mujeres podemos ser lo que queramos. Es una relaci\u00f3n de igualdad, que ya est\u00e1 en la Constituci\u00f3n, y se llama igualdad sustantiva\u201d.<\/p>\n\n\n\n<p class=\"wp-block-paragraph\"><strong>Las futbolistas, antes del comunicado oficial<\/strong><\/p>\n\n\n\n<p class=\"wp-block-paragraph\">Antes del comunicado oficial de la FMF, Mariana Guti\u00e9rrez, presidenta de la Liga MX Femenil apunt\u00f3 a la existencia de un protocolo en la <a href=\"https:\/\/www.sdpnoticias.com\/deportes\/el-arbitraje-contra-el-america-el-descarado-penal-que-les-marcaron-en-la-liga-mx-femenil\/\">Liga MX Femenil<\/a><strong> <\/strong>donde se establecen conductas positivas y negativas que comparten a cada uno de los clubes para que tengan clara la forma en que se deben conducir.<\/p>\n\n\n\n<p class=\"wp-block-paragraph\">\u201cLo m\u00e1s claro de ese protocolo y esa metodolog\u00eda fue entender cu\u00e1les son las buenas y cu\u00e1les son las malas conductas. La Liga BBVA MX Femenil siempre va a reforzar cuales son las buenas conductas y cu\u00e1les son las malas conductas\u201d.<\/p>\n\n\n\n<p class=\"wp-block-paragraph\">Mientras que&nbsp; las jugadoras del Chivas femenil;&nbsp; Blanca F\u00e9lix, arquera titular, las centrocampistas Daniela Delgado y Jaqueline Rodr\u00edguez, y Joselyn de la Rosa, quien juega en el mediocampo, replicaron en sus historias de Instagram un <a href=\"https:\/\/www.instagram.com\/reel\/DMT8wh3RgEH\/\">video de la activista y creadora de contenido Mariana Valle <\/a>en el cual responde al jugador mexicano. Este es el mensaje: \u201cLa opresi\u00f3n no est\u00e1 en barrer, est\u00e1 en que durante siglos barrer, cocinar y cuidar fueron asignados como un destino biol\u00f3gico de las mujeres. No queremos hombres proveedores de dinero, sino de igualdad, de conciencia, de cuidados y de presencia emocional, porque el dinero no pagar\u00e1 las horas invisibles de las que ustedes siempre se desentendieron\u201d.&nbsp;<\/p>\n\n\n\n<figure class=\"wp-block-image size-full\"><a href=\"https:\/\/redsemlac.com\/semmexico\/wp-content\/uploads\/2025\/07\/cuestionan-directivos-02.jpg\"><img loading=\"lazy\" decoding=\"async\" width=\"544\" height=\"680\" src=\"https:\/\/redsemlac.com\/semmexico\/wp-content\/uploads\/2025\/07\/cuestionan-directivos-02.jpg\" alt=\"\" class=\"wp-image-97222\" srcset=\"https:\/\/redsemlac.com\/semmexico\/wp-content\/uploads\/2025\/07\/cuestionan-directivos-02.jpg 544w, https:\/\/redsemlac.com\/semmexico\/wp-content\/uploads\/2025\/07\/cuestionan-directivos-02-240x300.jpg 240w, https:\/\/redsemlac.com\/semmexico\/wp-content\/uploads\/2025\/07\/cuestionan-directivos-02-150x188.jpg 150w, https:\/\/redsemlac.com\/semmexico\/wp-content\/uploads\/2025\/07\/cuestionan-directivos-02-300x375.jpg 300w\" sizes=\"auto, (max-width: 544px) 100vw, 544px\" \/><\/a><\/figure>\n\n\n\n<p class=\"wp-block-paragraph\"><strong>Respuesta inmediata del gobierno a casos medi\u00e1ticos: RNR<\/strong><\/p>\n\n\n\n<p class=\"wp-block-paragraph\">Destaca el comentario \u201cinc\u00f3modo\u201d de&nbsp; Wendy Figueroa Morales de la Red Nacional de Refugios&nbsp; (RNR) que no se sorprende de los comentarios machistas del futbolista \u201cque reproducen los mismos mandatos patriarcales que hist\u00f3ricamente han oprimido a las mujeres, reduciendo nuestra existencia a los cuidados, la obediencia y el sacrificio. Por supuesto que deben ser cuestionadas y rechazadas\u201d.<\/p>\n\n\n\n<p class=\"wp-block-paragraph\">Pero s\u00ed sorprendida por la respuesta inmediata de la Presidenta Claudia Sheinbaum Pardo y la Secretaria de las Mujeres ante un hecho medi\u00e1tico, pero le indigna el \u201csilencio frente a las violencias estructurales que enfrentamos las mujeres todos los d\u00edas. Violencias que, muchas veces, son provocadas o permitidas por el propio Estado\u201d.<\/p>\n\n\n\n<p class=\"wp-block-paragraph\">\u201cMientras tanto, muchas seguimos en espera de respuestas ante urgencias como la falta de recursos para todos los refugios y sus centros externos. Solo que eso no es tendencia. Nunca lo ser\u00e1. Porque los refugios no venden imagen, sostienen vidas\u2026Porque los refugios no son espect\u00e1culo, son un derecho humano\u201d.<\/p>\n\n\n\n<p class=\"wp-block-paragraph\">La Red Nacional de Refugios expone que&nbsp; no se ha publicado la segunda convocatoria del Programa Federal de Refugios, dejando afuera a diversos espacios de protecci\u00f3n y, por lo tanto, debilitando la capacidad de respuesta ante las violencias machistas.<\/p>\n\n\n\n<p class=\"wp-block-paragraph\">Durante el primer semestre de 2025, los espacios de protecci\u00f3n y atenci\u00f3n de la <a href=\"https:\/\/www.eluniversal.com.mx\/nacion\/\">RNR<\/a> (Refugios, Centros de Atenci\u00f3n, l\u00ednea telef\u00f3nica y redes sociales) acompa\u00f1aron integral y gratuitamente a 7 mil 399 mujeres, ni\u00f1as y ni\u00f1os sobrevivientes de violencias.<\/p>\n\n\n\n<p class=\"wp-block-paragraph\">\u00abLa acelerada instalaci\u00f3n de 607 \u2018<a href=\"https:\/\/www.eluniversal.com.mx\/nacion\/anuncian-la-creacion-de-centro-libre-para-mujeres-ayudaran-a-la-atencion-y-prevencion-de-la-violencia-contra-la-mujer\/\">Centros LIBRE<\/a>\u2019 en menos de dos meses, frente al aletargamiento en el ejercicio del PEF 2025 y las deudas pendientes con los refugios, mecanismos con m\u00e1s de 25 a\u00f1os salvando vidas, no solo evidencia indolencia: es una violaci\u00f3n a los marcos nacionales e internacionales de derechos humanos\u00bb, mencion\u00f3 Wendy Figueroa Morales, directora de la RNR.<\/p>\n\n\n\n<p class=\"wp-block-paragraph\"><strong>Los comentarios<\/strong><\/p>\n\n\n\n<p class=\"wp-block-paragraph\">El futbolista comparti\u00f3 un video donde reflexion\u00f3 sobre los roles de la sociedad:&nbsp; \u00abEntonces, quieres a un hombre proveedor, pero para ti limpiar es opresi\u00f3n patriarcal. interesante\u00bb, dice mirando a la c\u00e1mara desde un auto en movimiento. Junto al clip, anot\u00f3: \u00abInteresante\u2026 (El hogar no es patriarcado, es tu templo )\u00bb.<\/p>\n\n\n\n<p class=\"wp-block-paragraph\">Pero no se qued\u00f3 ah\u00ed, dos d\u00edas despu\u00e9s en un video dice que las mujeres \u201cest\u00e1n fracasando\u201d y \u201cerradicando la masculinidad\u201d, y las llama a que \u201cencarnen su energ\u00eda femenina cuidando, nutriendo, recibiendo, multiplicando, limpiando, sosteniendo el hogar, que es el lugar m\u00e1s preciado para nosotros los hombres\u201d.<\/p>\n\n\n\n<p class=\"wp-block-paragraph\">En ese mismo video, dirige un mensaje: \u201cEstamos fallando en la falta de compromiso, poner a nuestra pareja en \u00faltimo, no tener palabra y no priorizar h\u00e1bitos para volvernos a admirarlas. Entiendo que nos da miedo hablar y expresarnos verdaderamente de lo que sentimos porque est\u00e1n tratando de erradicar la masculinidad, porque en ciertos casos del pasado se suprimi\u00f3 la energ\u00eda femenina, pero muchos estamos aqu\u00ed con ganas de amarlas, cuidarlas, respetarlas y proveerlas, pero ustedes mujeres tienen que aprender a recibir y a honrar la masculinidad\u201d.<\/p>\n\n\n\n<p class=\"wp-block-paragraph\"><strong>La disculpa<\/strong><\/p>\n\n\n\n<p class=\"wp-block-paragraph\">En Instagram public\u00f3: \u201cAgradezco de coraz\u00f3n a todos los que me han apoyado, a quienes con respeto me han compartido sus perspectivas y me exigen ser una mejor persona. Lamento profundamente cualquier confusi\u00f3n o malestar que mis palabras recientes hayan causado; nunca fue mi intenci\u00f3n limitar, herir ni dividir\u201d.<\/p>\n\n\n\n<p class=\"wp-block-paragraph\">Como padre, hombre y miembro de esta comunidad, mi prioridad es actuar con respeto, humildad y responsabilidad. Estoy escuchando, reflexionando y comprometido a expresarme con una mejor claridad y sensibilidad, especialmente en temas tan delicados\u201d.<\/p>\n\n\n\n<p class=\"wp-block-paragraph\">\u201cCreo que el cambio empieza por uno mismo. Aprovechar\u00e9 esta oportunidad para entender, crecer y seguir trabajando para ser una mejor versi\u00f3n de m\u00ed mismo, desde la honestidad, el amor por mi familia, mis valores y el amor por todos ustedes. Gracias por su comprensi\u00f3n, exigencia, amor y compa\u00f1\u00eda en este camino\u201d.<\/p>\n","protected":false},"excerpt":{"rendered":"<p>La reacci\u00f3n del gobierno, por algo medi\u00e1tico, pero indigna el \u201csilencio frente a las violencias que enfrentamos las mujeres todos los d\u00edas\u201d Presidenta Claudia Sheinbaum Pardo y&nbsp; Secretaria de las Mujeres: \u201c muy bien por sus comentarios\u201d, pero olvidan la violencia permitida por el Estado.&nbsp;&nbsp;&nbsp;&nbsp;&nbsp;&nbsp;&nbsp;&nbsp;&nbsp;&nbsp;&nbsp;&nbsp;&nbsp;&nbsp;&nbsp;&nbsp;&nbsp;&nbsp;&nbsp;&nbsp;&nbsp;&nbsp;&nbsp;&nbsp;&nbsp;&nbsp;&nbsp;&nbsp;&nbsp;&nbsp;&nbsp;&nbsp;&nbsp;&nbsp;&nbsp;&nbsp;&nbsp;&nbsp;&nbsp;&nbsp;&nbsp;&nbsp;&nbsp;&nbsp;&nbsp;&nbsp;&nbsp;&nbsp;&nbsp;&nbsp;&nbsp;&nbsp;&nbsp;&nbsp;&nbsp;&nbsp;&nbsp;&nbsp;&nbsp;&nbsp;&nbsp;&nbsp;&nbsp;&nbsp;&nbsp;&nbsp;&nbsp;&nbsp;&nbsp;&nbsp;&nbsp;&nbsp;&nbsp;&nbsp;&nbsp;&nbsp;&nbsp;&nbsp;&nbsp;&nbsp;&nbsp;&nbsp;&nbsp;&nbsp;&nbsp;&nbsp;&nbsp;&nbsp;&nbsp;&nbsp;&nbsp;&nbsp;&nbsp;&nbsp;&nbsp;&nbsp;&nbsp;&nbsp;&nbsp;&nbsp;&nbsp;&nbsp;&nbsp;&nbsp;&nbsp;&nbsp;&nbsp;&nbsp;&nbsp;&nbsp;&nbsp;&nbsp;&nbsp;&nbsp;&nbsp;&nbsp;&nbsp;&nbsp;&nbsp;&nbsp;&nbsp;&nbsp;&nbsp; Elda Montiel SemM\u00e9xico, Cd. de M\u00e9xico, 24 de julio, 2025.- [&hellip;]<\/p>\n","protected":false},"author":3,"featured_media":97221,"comment_status":"open","ping_status":"open","sticky":false,"template":"","format":"standard","meta":{"_monsterinsights_skip_tracking":false,"footnotes":""},"categories":[748],"tags":[],"class_list":["post-97220","post","type-post","status-publish","format-standard","has-post-thumbnail","category-cultura-feminista"],"_links":{"self":[{"href":"https:\/\/redsemlac.com\/semmexico\/wp-json\/wp\/v2\/posts\/97220","targetHints":{"allow":["GET"]}}],"collection":[{"href":"https:\/\/redsemlac.com\/semmexico\/wp-json\/wp\/v2\/posts"}],"about":[{"href":"https:\/\/redsemlac.com\/semmexico\/wp-json\/wp\/v2\/types\/post"}],"author":[{"embeddable":true,"href":"https:\/\/redsemlac.com\/semmexico\/wp-json\/wp\/v2\/users\/3"}],"replies":[{"embeddable":true,"href":"https:\/\/redsemlac.com\/semmexico\/wp-json\/wp\/v2\/comments?post=97220"}],"version-history":[{"count":0,"href":"https:\/\/redsemlac.com\/semmexico\/wp-json\/wp\/v2\/posts\/97220\/revisions"}],"wp:featuredmedia":[{"embeddable":true,"href":"https:\/\/redsemlac.com\/semmexico\/wp-json\/wp\/v2\/media\/97221"}],"wp:attachment":[{"href":"https:\/\/redsemlac.com\/semmexico\/wp-json\/wp\/v2\/media?parent=97220"}],"wp:term":[{"taxonomy":"category","embeddable":true,"href":"https:\/\/redsemlac.com\/semmexico\/wp-json\/wp\/v2\/categories?post=97220"},{"taxonomy":"post_tag","embeddable":true,"href":"https:\/\/redsemlac.com\/semmexico\/wp-json\/wp\/v2\/tags?post=97220"}],"curies":[{"name":"wp","href":"https:\/\/api.w.org\/{rel}","templated":true}]}}