{"id":97214,"date":"2025-07-24T16:14:17","date_gmt":"2025-07-24T22:14:17","guid":{"rendered":"https:\/\/redsemlac.com\/semmexico\/?p=97214"},"modified":"2025-07-24T20:03:59","modified_gmt":"2025-07-25T02:03:59","slug":"exhibe-agresion-a-una-joven-en-cancun-las-fallas-estructurales-del-sistema-judicial","status":"publish","type":"post","link":"https:\/\/redsemlac.com\/semmexico\/exhibe-agresion-a-una-joven-en-cancun-las-fallas-estructurales-del-sistema-judicial\/","title":{"rendered":"Exhibe agresi\u00f3n a una joven en Canc\u00fan las fallas estructurales del sistema judicial"},"content":{"rendered":"\n<ul class=\"wp-block-list\">\n<li>Detienen al agresor tras presi\u00f3n en redes sociales<\/li>\n\n\n\n<li>Lucha Castro se suma a las voces y pide a gobernadora intervenci\u00f3n directa<\/li>\n<\/ul>\n\n\n\n<p class=\"wp-block-paragraph\">Lorena Vaniezcot<\/p>\n\n\n\n<p class=\"wp-block-paragraph\">SemM\u00e9xico, Ciudad de M\u00e9xico, 24 de julio, 2025.- Arturo Antonio N.N. fue detenido este mi\u00e9rcoles tras denuncias presentadas por diversas organizaciones de mujeres y una carta por parte de la defensora Lucha Castro, entre otras.<\/p>\n\n\n\n<p class=\"wp-block-paragraph\">El detenido podr\u00eda enfrentar cargos por delito de violaci\u00f3n agravado, violencia familia y feminicidio en grado de tentativa en contra de su exnovia, Melany, quien ya hab\u00eda presentado una denuncia por los hechos ocurridos en junio en Canc\u00fan, Quintana Roo, de donde es originario.<\/p>\n\n\n\n<p class=\"wp-block-paragraph\">La agresi\u00f3n fue mostrada en redes sociales por el actor, cantante y diputado federal Sergio Meyer, con un video revictimizante sobre la agresi\u00f3n contra la joven y aunque exist\u00eda una orden de restricci\u00f3n vigente y dos carpetas de investigaci\u00f3n, fue hasta que se hizo viral que las autoridades de Quintana Roo actuaron en contra del hijo de un conocido empresario.<\/p>\n\n\n\n<p class=\"wp-block-paragraph\"><strong>Lucha Castro tambi\u00e9n pidi\u00f3 justicia<\/strong><\/p>\n\n\n\n<figure class=\"wp-block-image size-large\"><a href=\"https:\/\/redsemlac.com\/semmexico\/wp-content\/uploads\/2025\/07\/lucha-castro-ok.jpg\"><img loading=\"lazy\" decoding=\"async\" width=\"1024\" height=\"682\" src=\"https:\/\/redsemlac.com\/semmexico\/wp-content\/uploads\/2025\/07\/lucha-castro-ok-1024x682.jpg\" alt=\"\" class=\"wp-image-97216\" srcset=\"https:\/\/redsemlac.com\/semmexico\/wp-content\/uploads\/2025\/07\/lucha-castro-ok-1024x682.jpg 1024w, https:\/\/redsemlac.com\/semmexico\/wp-content\/uploads\/2025\/07\/lucha-castro-ok-300x200.jpg 300w, https:\/\/redsemlac.com\/semmexico\/wp-content\/uploads\/2025\/07\/lucha-castro-ok-768x512.jpg 768w, https:\/\/redsemlac.com\/semmexico\/wp-content\/uploads\/2025\/07\/lucha-castro-ok-150x100.jpg 150w, https:\/\/redsemlac.com\/semmexico\/wp-content\/uploads\/2025\/07\/lucha-castro-ok-696x464.jpg 696w, https:\/\/redsemlac.com\/semmexico\/wp-content\/uploads\/2025\/07\/lucha-castro-ok-1068x711.jpg 1068w, https:\/\/redsemlac.com\/semmexico\/wp-content\/uploads\/2025\/07\/lucha-castro-ok.jpg 1536w\" sizes=\"auto, (max-width: 1024px) 100vw, 1024px\" \/><\/a><\/figure>\n\n\n\n<p class=\"wp-block-paragraph\">La defensora de derechos humanos, Luz Estela Castro, Lucha Castro, se sum\u00f3 horas antes de la detenci\u00f3n del Arturo Antonio N.N. en contra de su ex novia, cuyos \u201cgritos desgarradores de la v\u00edctima nos atraviesan el cuerpo y el alma\u201d, expone en una carta dirigida a la gobernadora de Quintana Roo, Mara Lezama Espinosa.<\/p>\n\n\n\n<figure class=\"wp-block-image size-large\"><a href=\"https:\/\/redsemlac.com\/semmexico\/wp-content\/uploads\/2025\/07\/Mara-lezama.jpg\"><img loading=\"lazy\" decoding=\"async\" width=\"1024\" height=\"683\" src=\"https:\/\/redsemlac.com\/semmexico\/wp-content\/uploads\/2025\/07\/Mara-lezama-1024x683.jpg\" alt=\"\" class=\"wp-image-97215\" srcset=\"https:\/\/redsemlac.com\/semmexico\/wp-content\/uploads\/2025\/07\/Mara-lezama-1024x683.jpg 1024w, https:\/\/redsemlac.com\/semmexico\/wp-content\/uploads\/2025\/07\/Mara-lezama-300x200.jpg 300w, https:\/\/redsemlac.com\/semmexico\/wp-content\/uploads\/2025\/07\/Mara-lezama-768x512.jpg 768w, https:\/\/redsemlac.com\/semmexico\/wp-content\/uploads\/2025\/07\/Mara-lezama-1536x1025.jpg 1536w, https:\/\/redsemlac.com\/semmexico\/wp-content\/uploads\/2025\/07\/Mara-lezama-150x100.jpg 150w, https:\/\/redsemlac.com\/semmexico\/wp-content\/uploads\/2025\/07\/Mara-lezama-696x464.jpg 696w, https:\/\/redsemlac.com\/semmexico\/wp-content\/uploads\/2025\/07\/Mara-lezama-1068x712.jpg 1068w, https:\/\/redsemlac.com\/semmexico\/wp-content\/uploads\/2025\/07\/Mara-lezama-1920x1281.jpg 1920w, https:\/\/redsemlac.com\/semmexico\/wp-content\/uploads\/2025\/07\/Mara-lezama.jpg 2048w\" sizes=\"auto, (max-width: 1024px) 100vw, 1024px\" \/><\/a><\/figure>\n\n\n\n<p class=\"wp-block-paragraph\">Lucha Castro Rodr\u00edguez, fundamental en la b\u00fasqueda de justicia para las mujeres asesinadas en Ciudad Ju\u00e1rez, cofund\u00f3 el Centro de Derechos Humanos de las Mujeres y la organizaci\u00f3n Justicia para nuestras hijas, en la fronteriza Ciudad Ju\u00e1rez, le recuerda a Lezama Espinosa sus dichos: \u201cEn Quintana Roo tenemos un gobierno humanista con coraz\u00f3n feminista\u2026 Mujer es vivir sin violencia, Mujer es Poder\u201d \u2026 \u201cLa historia no se escribe, se construye y lo estamos haciendo las mujeres\u201d.<\/p>\n\n\n\n<p class=\"wp-block-paragraph\">Por ello, le recomienda intervenir de manera directa en el caso. No se trata solo de m\u00e1s protocolos o m\u00e1s leyes, sino de revisar la actuaci\u00f3n de todas y todos los operadores del sistema de justicia que le fallaron a esta joven. Sin seguimiento real ni reacci\u00f3n inmediata, las \u00f3rdenes de protecci\u00f3n no cumplen su prop\u00f3sito.<\/p>\n\n\n\n<p class=\"wp-block-paragraph\">En su misiva p\u00fablica, la defensora se\u00f1ala que la agresi\u00f3n contra Melany \u201cnos recuerdan que acudir a denunciar una violaci\u00f3n es un camino tortuoso, lleno de miedo y revictimizaci\u00f3n, y que obtener una orden de protecci\u00f3n termina siendo solo un tr\u00e1mite si al final la mujer queda sola, indefensa, frente a un agresor que se siente con el derecho de violarla cuantas veces quiera\u201d.<\/p>\n\n\n\n<p class=\"wp-block-paragraph\">Adem\u00e1s, se\u00f1ala que esta agresi\u00f3n no es un hecho aislado, en cambio refleja las fallas estructurales que el sistema jur\u00eddico contin\u00faa reproduciendo, incluso recuerda que hace unas semanas la Comisi\u00f3n de Expertas del CEDAW present\u00f3 un informe con 90 recomendaciones al Estado mexicano, subrayando la urgencia de garantizar el acceso real a la justicia para las mujeres.&nbsp;<\/p>\n\n\n\n<p class=\"wp-block-paragraph\">Al mismo tiempo, el Observatorio Ciudadano Nacional del Feminicidio, OCNF, hemos se\u00f1alado que las medidas de protecci\u00f3n en M\u00e9xico funcionan m\u00e1s como simulacros que como herramientas reales para resguardar vidas.<\/p>\n\n\n\n<p class=\"wp-block-paragraph\">La defensora aclara que adem\u00e1s de exhibir las fallas estructurales, su carta busca acompa\u00f1ar a la v\u00edctima para que sepa que no est\u00e1 sola. Que sepa que hay personas en todo M\u00e9xico que no vamos a callar hasta que haya justicia, reparaci\u00f3n y verdadero resguardo de su integridad.<\/p>\n\n\n\n<p class=\"wp-block-paragraph\">SEM\/lv\/sj<\/p>\n","protected":false},"excerpt":{"rendered":"<p>Lorena Vaniezcot SemM\u00e9xico, Ciudad de M\u00e9xico, 24 de julio, 2025.- Arturo Antonio N.N. fue detenido este mi\u00e9rcoles tras denuncias presentadas por diversas organizaciones de mujeres y una carta por parte de la defensora Lucha Castro, entre otras. El detenido podr\u00eda enfrentar cargos por delito de violaci\u00f3n agravado, violencia familia y feminicidio en grado de tentativa [&hellip;]<\/p>\n","protected":false},"author":3,"featured_media":97217,"comment_status":"open","ping_status":"open","sticky":false,"template":"","format":"standard","meta":{"_monsterinsights_skip_tracking":false,"footnotes":""},"categories":[48],"tags":[],"class_list":["post-97214","post","type-post","status-publish","format-standard","has-post-thumbnail","category-no-mas-impunidad-no-mas-impunidad"],"_links":{"self":[{"href":"https:\/\/redsemlac.com\/semmexico\/wp-json\/wp\/v2\/posts\/97214","targetHints":{"allow":["GET"]}}],"collection":[{"href":"https:\/\/redsemlac.com\/semmexico\/wp-json\/wp\/v2\/posts"}],"about":[{"href":"https:\/\/redsemlac.com\/semmexico\/wp-json\/wp\/v2\/types\/post"}],"author":[{"embeddable":true,"href":"https:\/\/redsemlac.com\/semmexico\/wp-json\/wp\/v2\/users\/3"}],"replies":[{"embeddable":true,"href":"https:\/\/redsemlac.com\/semmexico\/wp-json\/wp\/v2\/comments?post=97214"}],"version-history":[{"count":0,"href":"https:\/\/redsemlac.com\/semmexico\/wp-json\/wp\/v2\/posts\/97214\/revisions"}],"wp:featuredmedia":[{"embeddable":true,"href":"https:\/\/redsemlac.com\/semmexico\/wp-json\/wp\/v2\/media\/97217"}],"wp:attachment":[{"href":"https:\/\/redsemlac.com\/semmexico\/wp-json\/wp\/v2\/media?parent=97214"}],"wp:term":[{"taxonomy":"category","embeddable":true,"href":"https:\/\/redsemlac.com\/semmexico\/wp-json\/wp\/v2\/categories?post=97214"},{"taxonomy":"post_tag","embeddable":true,"href":"https:\/\/redsemlac.com\/semmexico\/wp-json\/wp\/v2\/tags?post=97214"}],"curies":[{"name":"wp","href":"https:\/\/api.w.org\/{rel}","templated":true}]}}