{"id":97211,"date":"2025-07-23T17:46:56","date_gmt":"2025-07-23T23:46:56","guid":{"rendered":"https:\/\/redsemlac.com\/semmexico\/?p=97211"},"modified":"2025-07-23T17:46:57","modified_gmt":"2025-07-23T23:46:57","slug":"mexicana-pide-ayuda-sheinbaum-para-salir-de-argentina-con-sus-hijos","status":"publish","type":"post","link":"https:\/\/redsemlac.com\/semmexico\/mexicana-pide-ayuda-sheinbaum-para-salir-de-argentina-con-sus-hijos\/","title":{"rendered":"Mexicana pide ayuda Sheinbaum para salir de Argentina con sus hijos"},"content":{"rendered":"\n<ul class=\"wp-block-list\">\n<li>Su expareja, un diplom\u00e1tico de ese pa\u00eds \u201cme quiere quebrar\u201d<\/li>\n\n\n\n<li>Denuncia que durante a\u00f1os y varios pa\u00edses ha sufrido violencia<\/li>\n<\/ul>\n\n\n\n<p class=\"wp-block-paragraph\">Lorena Vaniezcot<\/p>\n\n\n\n<p class=\"wp-block-paragraph\">SemM\u00e9xico, Ciudad de M\u00e9xico, 23 de julio, 2025.- Un pedido de auxilio a la presidenta Claudia Sheinbaum Pardo hizo Sandra M\u00f3nica Decasper Chac\u00f3n a trav\u00e9s de un video realizado en la casa en Argentina donde se encuentra \u201csecuestrada\u201d por su expareja y padre de sus hijos el diplom\u00e1tico argentino Norberto Ariel Martins Mogo.<\/p>\n\n\n\n<p class=\"wp-block-paragraph\">En menos de cinco minutos relata los diversos momentos de violencia vicaria ejercida por el padre de sus hija e hijo, donde deja ver claramente que se ha comunicado con la embajada de M\u00e9xico en Argentina con el encargado de la secci\u00f3n consular, Gonzalo Cervera Mart\u00ednez, pero \u201cs\u00f3lo me han ofrecido remitirme con las autoridades argentinas\u201d.<\/p>\n\n\n\n<p class=\"wp-block-paragraph\">Decasper Chac\u00f3n, con nacionalidad mexicana, suiza y argentina, revela que desde 2018, su expareja diplom\u00e1tico argentino de carrera ha prestado servicio en Singapur, Guatemala y actualmente en Argentina, durante todo este tiempo y en los distintos pa\u00edses, incluyendo M\u00e9xico donde pasaron unas vacaciones en 2024, ha sido objeto de diversos actos de violencia, \u201cf\u00edsica, psicol\u00f3gica, econ\u00f3mica, y simb\u00f3lica fue incrementando hacia m\u00ed y hacia mis hijos\u201d, \u201cse me agota la comida\u201d, dice mientras se\u00f1ala que est\u00e1 encerrada en un departamento.<\/p>\n\n\n\n<p class=\"wp-block-paragraph\">En 2024 estando en M\u00e9xico, a donde viaj\u00f3 con su hija e hijo, fue agredida por el diplom\u00e1tico argentino, quien la amenaz\u00f3 con denunciar que ella habr\u00eda incurrido en \u201csecuestro internacional de menores\u201d por lo que le quitar\u00eda a ambos y la meter\u00edan a la c\u00e1rcel.<\/p>\n\n\n\n<p class=\"wp-block-paragraph\">Asustada opt\u00f3 por regresar a Guatemala fueron d\u00edas sin dormir \u201cya que me sacaba mis identificaciones y tarjetas, ten\u00eda que salir del cuarto corriendo porque me quer\u00eda pegar. En ese estado viaj\u00e9 a Argentina el 16 de agosto, y cada d\u00eda la situaci\u00f3n se deterioraba m\u00e1s, usando a mis hijos para escaladas de violencia, gritos y m\u00e1s amenazas\u201d.&nbsp;<\/p>\n\n\n\n<p class=\"wp-block-paragraph\">En septiembre de 2024 acudi\u00f3 a la Embajada de M\u00e9xico en Argentina pidiendo ayuda, ya que estoy sola sin redes familiares, trabajo estable, ni casa propia. La autoridad mexicana la deriv\u00f3 con las argentinas, primero al Centro Integral de la Mujer (CIM), donde determinaron que mi nivel de riesgo era alto y me recomendaron acudir cuanto antes a la Oficina de Violencia Dom\u00e9stica (OVD) de la Corte Suprema de la Justicia de la Naci\u00f3n.<\/p>\n\n\n\n<p class=\"wp-block-paragraph\">Debido al miedo y porque su agresor controlaba sus movimientos, el 3 de octubre de 2024 denunci\u00f3 a Norberto Ariel Martins Mogo por violencia de g\u00e9nero en la OVD. Ese d\u00eda se dictaron medidas de protecci\u00f3n hacia m\u00ed, con una restricci\u00f3n perimetral hacia m\u00ed por 60 d\u00edas.&nbsp;<\/p>\n\n\n\n<p class=\"wp-block-paragraph\">Sin embargo, a\u00f1ade, tambi\u00e9n se dispuso a Migraciones que mis hijos Mateo y Julieta no pudieran salir de Argentina hasta nuevo aviso. De esta manera, mi agresor no puede acercarse a 300 metros de mi pero s\u00ed puede acercase a mis hijos y yo no puedo dejar este pa\u00eds sin ellos.<\/p>\n\n\n\n<p class=\"wp-block-paragraph\">Las medidas de protecci\u00f3n por violencia de g\u00e9nero se han seguido renovando hasta la fecha debido a nuevos actos de violencia (hostigamiento judicial, violencia instrumental, actos de perturbaci\u00f3n a trav\u00e9s de terceros, amenazas, etc.), dice en el video Sandra M\u00f3nica Decasper Chac\u00f3n.<\/p>\n\n\n\n<p class=\"wp-block-paragraph\">Otro aspecto que refiere es que su agresor es \u201cabogado y diplom\u00e1tico\u201d, condici\u00f3n que le permite abusar del poder, adem\u00e1s de violentarla, en tanto sus abogados sufren de extorsi\u00f3n, amenazas, reciben favores, generando que dejen de representarla.<\/p>\n\n\n\n<p class=\"wp-block-paragraph\">De acuerdo con el relato de Decasper Chac\u00f3n, los abogados no son los \u00fanicos que han actuado en su contra, lo hacen tambi\u00e9n los sic\u00f3logos de sus hijos con reportes a favor del padre.<\/p>\n\n\n\n<p class=\"wp-block-paragraph\">A familiares que la han visitado para ayudarla tambi\u00e9n son denunciados y ha tratado de abrirles causas penales por una supuesta contribuci\u00f3n al inexistente s\u00edndrome de alienaci\u00f3n parental.<\/p>\n\n\n\n<p class=\"wp-block-paragraph\">Decasper Chac\u00f3n se\u00f1ala que ahora no tiene ning\u00fan defensor particular, cuenta con una del Centro Integral de la Mujer para la causa de violencia, pero al tratarse de un patrocinio gratuito no puede hacer frente a la constante presentaci\u00f3n de escritos de mi agresor.<\/p>\n\n\n\n<p class=\"wp-block-paragraph\">Reci\u00e9n, el diplom\u00e1tico y expareja solicit\u00f3 que a Sandra M\u00f3nica le realicen ex\u00e1menes psicol\u00f3gicos y psiqui\u00e1tricos poniendo en duda sus capacidades psicof\u00edsicas para cuidar ambos menores, a los que \u00e9l tiene acceso un d\u00eda por semana, caus\u00e1ndoles grave da\u00f1o emocional.<\/p>\n\n\n\n<p class=\"wp-block-paragraph\">Finalmente, la ciudadana de origen mexicano reiter\u00f3 su llamado a la presidenta Sheinbaum por encontrarse en \u201cuna situaci\u00f3n desesperada, donde mi agresor quiere agotarme, quebrarme, destruirme y quitarme a mis hijos. Estoy retenida en Argentina en contra de mi voluntad\u201d.<\/p>\n\n\n\n<p class=\"wp-block-paragraph\">\u201cNecesito el apoyo de M\u00e9xico para salir de Argentina y continuar los procesos legales desde un lugar seguro donde tenga familia, redes de apoyo, casa\u201d, se\u00f1ala en tono de s\u00faplica y reitera que la embajada de M\u00e9xico en Argentina hasta ahora solo la ha remitido a las autoridades argentina.<\/p>\n\n\n\n<p class=\"wp-block-paragraph\">VIDEO<\/p>\n\n\n\n<figure class=\"wp-block-embed\"><div class=\"wp-block-embed__wrapper\">\nhttps:\/\/www.facebook.com\/groups\/963293174175931\/posts\/2204051960100040\n<\/div><\/figure>\n\n\n\n<p class=\"wp-block-paragraph\">SEM\/lv\/sj<\/p>\n","protected":false},"excerpt":{"rendered":"<p>Lorena Vaniezcot SemM\u00e9xico, Ciudad de M\u00e9xico, 23 de julio, 2025.- Un pedido de auxilio a la presidenta Claudia Sheinbaum Pardo hizo Sandra M\u00f3nica Decasper Chac\u00f3n a trav\u00e9s de un video realizado en la casa en Argentina donde se encuentra \u201csecuestrada\u201d por su expareja y padre de sus hijos el diplom\u00e1tico argentino Norberto Ariel Martins Mogo. [&hellip;]<\/p>\n","protected":false},"author":3,"featured_media":97212,"comment_status":"open","ping_status":"open","sticky":false,"template":"","format":"standard","meta":{"_monsterinsights_skip_tracking":false,"footnotes":""},"categories":[694],"tags":[],"class_list":["post-97211","post","type-post","status-publish","format-standard","has-post-thumbnail","category-destacadas"],"_links":{"self":[{"href":"https:\/\/redsemlac.com\/semmexico\/wp-json\/wp\/v2\/posts\/97211","targetHints":{"allow":["GET"]}}],"collection":[{"href":"https:\/\/redsemlac.com\/semmexico\/wp-json\/wp\/v2\/posts"}],"about":[{"href":"https:\/\/redsemlac.com\/semmexico\/wp-json\/wp\/v2\/types\/post"}],"author":[{"embeddable":true,"href":"https:\/\/redsemlac.com\/semmexico\/wp-json\/wp\/v2\/users\/3"}],"replies":[{"embeddable":true,"href":"https:\/\/redsemlac.com\/semmexico\/wp-json\/wp\/v2\/comments?post=97211"}],"version-history":[{"count":0,"href":"https:\/\/redsemlac.com\/semmexico\/wp-json\/wp\/v2\/posts\/97211\/revisions"}],"wp:featuredmedia":[{"embeddable":true,"href":"https:\/\/redsemlac.com\/semmexico\/wp-json\/wp\/v2\/media\/97212"}],"wp:attachment":[{"href":"https:\/\/redsemlac.com\/semmexico\/wp-json\/wp\/v2\/media?parent=97211"}],"wp:term":[{"taxonomy":"category","embeddable":true,"href":"https:\/\/redsemlac.com\/semmexico\/wp-json\/wp\/v2\/categories?post=97211"},{"taxonomy":"post_tag","embeddable":true,"href":"https:\/\/redsemlac.com\/semmexico\/wp-json\/wp\/v2\/tags?post=97211"}],"curies":[{"name":"wp","href":"https:\/\/api.w.org\/{rel}","templated":true}]}}