{"id":97202,"date":"2025-07-23T17:38:08","date_gmt":"2025-07-23T23:38:08","guid":{"rendered":"https:\/\/redsemlac.com\/semmexico\/?p=97202"},"modified":"2025-07-23T17:38:55","modified_gmt":"2025-07-23T23:38:55","slug":"imponen-medidas-restrictivas-a-periodista-de-oaxaca","status":"publish","type":"post","link":"https:\/\/redsemlac.com\/semmexico\/imponen-medidas-restrictivas-a-periodista-de-oaxaca\/","title":{"rendered":"Imponen medidas restrictivas a periodista de Oaxaca\u00a0"},"content":{"rendered":"\n<ul class=\"wp-block-list\">\n<li>Alejandro L\u00f3pez difundi\u00f3 una denuncia contra funcionaria del Registro Civil<\/li>\n\n\n\n<li>Los hechos ocurrieron en Nochixtl\u00e1n, regi\u00f3n de la mixteca oaxaque\u00f1a<\/li>\n<\/ul>\n\n\n\n<p class=\"wp-block-paragraph\">Diana Manzo.<\/p>\n\n\n\n<p class=\"wp-block-paragraph\">SemM\u00e9xico\/IstmoPress, Oaxaca, 23 de julio, 2025.- Por difundir una&nbsp;denuncia ciudadana contra el Registro Civil de Nochixtl\u00e1n por cobrar&nbsp;al emitir una Clave Unidad de Registro Poblacional (CURP) -cuyo tr\u00e1mite es gratuito-, la Vicefiscal\u00eda de Huajuap\u00e1n de L\u00e9on, impuso medidas restrictivas a modo de censura al&nbsp;periodista Alejandro L\u00f3pez, director del portal \u201cNuevo Siglo Noticias\u201d.<\/p>\n\n\n\n<p class=\"wp-block-paragraph\">L\u00f3pez es reportero desde hace 12 a\u00f1os y public\u00f3 una&nbsp;denuncia ciudadana contra la encargada del Registro Civil de Nochixtl\u00e1n,&nbsp;dependencia que supuestamente realiz\u00f3 un&nbsp;cobro de 3 mil 500 pesos a una mujer por emitir su CURP.<\/p>\n\n\n\n<p class=\"wp-block-paragraph\">Las medias restrictivas fueron emitidas por la Vicefiscal\u00eda de Huajuap\u00e1n de Le\u00f3n y no de Nochixtl\u00e1n, lugar donde supuestamente ocurrieron los hechos y de donde es originaria la afectada.<\/p>\n\n\n\n<p class=\"wp-block-paragraph\">Sin embargo, a la funcionaria no le pareci\u00f3 que se visibilizara ni difundiera el supuesto cobro realizado a la ciudadana, por lo que a trav\u00e9s de la Vicefiscal\u00eda le emitieron medidas de protecci\u00f3n, que proh\u00edben al&nbsp;periodista Alejandro L\u00f3pez&nbsp;publicar o comentar sobre la denunciante y ofendido, sin que exista carpeta de investigaci\u00f3n.<\/p>\n\n\n\n<p class=\"wp-block-paragraph\">\u201cQuiz\u00e1 su coraje fue que en la nota dec\u00eda el nombre de la funcionaria que cobro los 3 mil 500 pesos, pero pues eso es un abuso, eso no debe ocurrir, lo que es m\u00e1s raro es ese documento intimid\u00e1ndome y censur\u00e1ndome para que yo me aleje de ella y deje de mencionarla, eso est\u00e1 muy raro, no lo entiendo, es claro un intento de censura\u201d, declar\u00f3 L\u00f3pez.<\/p>\n\n\n\n<p class=\"wp-block-paragraph\">Entrevistado v\u00eda telef\u00f3nica, el reportero inform\u00f3 que ya solicit\u00f3 una cita con el fiscal oaxaque\u00f1o, Bernardo Rodr\u00edguez Alamilla, para que le informe de lo ocurrido o le explique el porqu\u00e9 de la medida de protecci\u00f3n tras una publicaci\u00f3n de denuncia ciudadana.<\/p>\n\n\n\n<p class=\"wp-block-paragraph\">Asimismo, dijo que el&nbsp;Sindicato Nacional de Medios de Comunicaci\u00f3n asumi\u00f3 su defensa legal y protecci\u00f3n.<\/p>\n\n\n\n<p class=\"wp-block-paragraph\">Reporteras y comunicadores se solidarizaron con el periodista oaxaque\u00f1o.<\/p>\n\n\n\n<p class=\"wp-block-paragraph\">De acuerdo con Art\u00edculo 19, Oaxaca ocupa el s\u00e9ptimo lugar con m\u00e1s agresiones a periodistas, suman 158, y es el tercer caso con m\u00e1s asesinatos -15 documentados, entre ellos Mar\u00eda del Sol Cruz Jarqu\u00edn y Heber L\u00f3pez.<\/p>\n","protected":false},"excerpt":{"rendered":"<p>Diana Manzo. SemM\u00e9xico\/IstmoPress, Oaxaca, 23 de julio, 2025.- Por difundir una&nbsp;denuncia ciudadana contra el Registro Civil de Nochixtl\u00e1n por cobrar&nbsp;al emitir una Clave Unidad de Registro Poblacional (CURP) -cuyo tr\u00e1mite es gratuito-, la Vicefiscal\u00eda de Huajuap\u00e1n de L\u00e9on, impuso medidas restrictivas a modo de censura al&nbsp;periodista Alejandro L\u00f3pez, director del portal \u201cNuevo Siglo Noticias\u201d. L\u00f3pez [&hellip;]<\/p>\n","protected":false},"author":3,"featured_media":97203,"comment_status":"open","ping_status":"open","sticky":false,"template":"","format":"standard","meta":{"_monsterinsights_skip_tracking":false,"footnotes":""},"categories":[700],"tags":[],"class_list":["post-97202","post","type-post","status-publish","format-standard","has-post-thumbnail","category-estados"],"_links":{"self":[{"href":"https:\/\/redsemlac.com\/semmexico\/wp-json\/wp\/v2\/posts\/97202","targetHints":{"allow":["GET"]}}],"collection":[{"href":"https:\/\/redsemlac.com\/semmexico\/wp-json\/wp\/v2\/posts"}],"about":[{"href":"https:\/\/redsemlac.com\/semmexico\/wp-json\/wp\/v2\/types\/post"}],"author":[{"embeddable":true,"href":"https:\/\/redsemlac.com\/semmexico\/wp-json\/wp\/v2\/users\/3"}],"replies":[{"embeddable":true,"href":"https:\/\/redsemlac.com\/semmexico\/wp-json\/wp\/v2\/comments?post=97202"}],"version-history":[{"count":0,"href":"https:\/\/redsemlac.com\/semmexico\/wp-json\/wp\/v2\/posts\/97202\/revisions"}],"wp:featuredmedia":[{"embeddable":true,"href":"https:\/\/redsemlac.com\/semmexico\/wp-json\/wp\/v2\/media\/97203"}],"wp:attachment":[{"href":"https:\/\/redsemlac.com\/semmexico\/wp-json\/wp\/v2\/media?parent=97202"}],"wp:term":[{"taxonomy":"category","embeddable":true,"href":"https:\/\/redsemlac.com\/semmexico\/wp-json\/wp\/v2\/categories?post=97202"},{"taxonomy":"post_tag","embeddable":true,"href":"https:\/\/redsemlac.com\/semmexico\/wp-json\/wp\/v2\/tags?post=97202"}],"curies":[{"name":"wp","href":"https:\/\/api.w.org\/{rel}","templated":true}]}}