{"id":97180,"date":"2025-07-23T11:28:29","date_gmt":"2025-07-23T17:28:29","guid":{"rendered":"https:\/\/redsemlac.com\/semmexico\/?p=97180"},"modified":"2025-07-23T11:28:30","modified_gmt":"2025-07-23T17:28:30","slug":"que-el-derecho-al-cuidado-forme-parte-de-los-sistemas-de-proteccion-social-de-los-paises-de-la-region-cepal","status":"publish","type":"post","link":"https:\/\/redsemlac.com\/semmexico\/que-el-derecho-al-cuidado-forme-parte-de-los-sistemas-de-proteccion-social-de-los-paises-de-la-region-cepal\/","title":{"rendered":"Que el derecho al cuidado forme parte de los sistemas de protecci\u00f3n social de los pa\u00edses de la regi\u00f3n: CEPAL\u00a0"},"content":{"rendered":"\n<p class=\"wp-block-paragraph\">Una gobernanza poco efectiva, una de las trampas de Am\u00e9rica Latina y el Caribe&nbsp;<\/p>\n\n\n\n<p class=\"wp-block-paragraph\">Elda Montiel&nbsp;<\/p>\n\n\n\n<p class=\"wp-block-paragraph\">SemM\u00e9xico, Cd., de M\u00e9xico, 23 de julio 2025.- Impulsar una nueva organizaci\u00f3n social de los cuidados en Am\u00e9rica Latina se vuelve prioritario, y que est\u00e9 integrada de manera coherente a los sistemas de protecci\u00f3n social, implica considerar una amplia bater\u00eda de pol\u00edticas, as\u00ed como una institucionalidad social fortalecida, afirm\u00f3 Jos\u00e9 Manuel Salazar-Xirinachs, Secretario Ejecutivo de la Comisi\u00f3n Econ\u00f3mica para Am\u00e9rica Latina (CEPAL).&nbsp;<\/p>\n\n\n\n<p class=\"wp-block-paragraph\">Agreg\u00f3 que resulta urgente construir y fortalecer sistemas de protecci\u00f3n social universales, integrales, sostenibles y resilientes, que garanticen la protecci\u00f3n de los ingresos a lo largo del ciclo de vida, brinden acceso a servicios sociales de calidad y promuevan la inclusi\u00f3n laboral de todas las personas, destac\u00f3.<\/p>\n\n\n\n<p class=\"wp-block-paragraph\">Durante el Seminario \u201cPol\u00edticas de cuidados en el marco de los sistemas de protecci\u00f3n social: aprendizajes y desaf\u00edos en la construcci\u00f3n de pol\u00edticas nacionales de cuidados en Chile y en la regi\u00f3n\u201d, realizado el pasado 15 de julio en la sede de la CEPAL.&nbsp;<\/p>\n\n\n\n<p class=\"wp-block-paragraph\">Jos\u00e9 Manuel Salazar-Xirinachs refiri\u00f3 que los an\u00e1lisis de la CEPAL muestran que Am\u00e9rica Latina y el Caribe enfrenta una crisis de desarrollo resumida en tres trampas que interact\u00faan entre s\u00ed: una trampa de baja capacidad para crecer; una de alta desigualdad, baja movilidad social y d\u00e9bil cohesi\u00f3n social; y una tercera de baja capacidad institucional y gobernanza poco efectiva.&nbsp;<\/p>\n\n\n\n<p class=\"wp-block-paragraph\">Frente a este desaf\u00edo, en la CEPAL se han identificado 11 transformaciones indispensables, entre ellas: la ampliaci\u00f3n de la protecci\u00f3n social y del Estado de bienestar; la reducci\u00f3n de la desigualdad y el aumento de la movilidad y la cohesi\u00f3n social, y el avance hacia la igualdad de g\u00e9nero y la sociedad del cuidado\u201d.<\/p>\n\n\n\n<p class=\"wp-block-paragraph\">Avanzar hacia sistemas nacionales de cuidado s\u00f3lidos, sostenibles y que garanticen derechos no es solo una tarea de gesti\u00f3n p\u00fablica, sino una apuesta que definir\u00e1 la calidad de nuestras democracias y la legitimidad de nuestros modelos de desarrollo\u201d, plante\u00f3 la Ministra chilena Javiera Toro, en el encuentro, realizado de forma h\u00edbrida en el marco de la asistencia t\u00e9cnica que la CEPAL brinda al Ministerio de Desarrollo Social y Familia de Chile.<\/p>\n\n\n\n<p class=\"wp-block-paragraph\"><strong>Empieza la cuenta regresiva para la XVI Conferencia Regional sobre Am\u00e9rica Latina y el Caribe<\/strong><\/p>\n\n\n\n<p class=\"wp-block-paragraph\">El avance hacia la igualdad de g\u00e9nero y la sociedad del cuidado, es una de las transformaciones que impulsar\u00e1 la CEPAL en la XVI Conferencia Regional sobre la Mujer de Am\u00e9rica Latina y el Caribe, que se llevar\u00e1 a cabo en la Ciudad de M\u00e9xico del 12 al 15 de agosto.<\/p>\n\n\n\n<p class=\"wp-block-paragraph\">El encuentro intergubernamental, que se celebrar\u00e1 en el Centro Cultural Universitario Tlatelolco, en Ciudad de M\u00e9xico, abordar\u00e1 \u201cLas transformaciones en los \u00e1mbitos pol\u00edtico, econ\u00f3mico, social, cultural y ambiental para impulsar la sociedad del cuidado y la igualdad de g\u00e9nero\u201d.&nbsp;<\/p>\n\n\n\n<p class=\"wp-block-paragraph\">La Conferencia es organizada desde 1977 por la Comisi\u00f3n Econ\u00f3mica para Am\u00e9rica Latina y el Caribe (CEPAL), que ejerce la Secretar\u00eda, y, desde 2020, en coordinaci\u00f3n con la Entidad de las Naciones Unidas para la Igualdad de G\u00e9nero y el Empoderamiento de las Mujeres (ONU Mujeres).&nbsp;<\/p>\n\n\n\n<p class=\"wp-block-paragraph\">La inauguraci\u00f3n oficial se realizar\u00e1 el martes 12 de agosto, mientras que el mi\u00e9rcoles 13 la CEPAL dar\u00e1 a conocer el documento de posici\u00f3n \u201cLa sociedad del cuidado: gobernanza, econom\u00eda pol\u00edtica y di\u00e1logo social para una transformaci\u00f3n con igualdad de g\u00e9nero\u201d que busca estimular los debates de la reuni\u00f3n. Tras la presentaci\u00f3n, se realizar\u00e1 un Di\u00e1logo de altas autoridades.<\/p>\n\n\n\n<p class=\"wp-block-paragraph\">El programa incluye tres mesas de discusi\u00f3n sobre temas como \u201cFinanciamiento para la igualdad de g\u00e9nero\u201d; \u201cAceleradores para generar sinergias entre el derecho al cuidado y el cuidado del planeta\u201d; y \u201cLineamientos para las pol\u00edticas de cuidado desde una perspectiva de g\u00e9nero, territorial e interseccional\u201d.<\/p>\n\n\n\n<p class=\"wp-block-paragraph\">Tambi\u00e9n se relanzar\u00e1 el <a href=\"https:\/\/oig.cepal.org\/\"><strong>Observatorio de Igualdad de G\u00e9nero de Am\u00e9rica Latina y el Caribe (OIG)<\/strong><\/a><strong>,<\/strong> y habr\u00e1 un segmento titulado \u201cMemoria y Futuro\u201d con motivo del 50 aniversario de la Primera Conferencia Mundial sobre la Mujer (Ciudad de M\u00e9xico, 1975).<\/p>\n\n\n\n<p class=\"wp-block-paragraph\">Previo al inicio de la Conferencia se realizar\u00e1n tres actividades de m\u00faltiples actores: el domingo 10 de agosto se desarrollar\u00e1 el <strong>Foro de gobiernos locales<\/strong> y el lunes 11 de agosto el <strong>Foro feminista<\/strong> y el <strong>Foro parlamentario<\/strong>, cuyas conclusiones ser\u00e1n presentadas el mi\u00e9rcoles 13 en la cita regional.&nbsp;<\/p>\n\n\n\n<p class=\"wp-block-paragraph\">La <a href=\"https:\/\/www.cepal.org\/es\/organos-subsidiarios\/conferencia-regional-la-mujer-america-latina-caribe\">Conferencia Regional sobre la Mujer de Am\u00e9rica Latina y el Caribe<\/a> es un \u00f3rgano subsidiario de la CEPAL y el principal foro intergubernamental en el \u00e1mbito de las Naciones Unidas sobre los derechos de las mujeres y la igualdad de g\u00e9nero en la regi\u00f3n.&nbsp;<\/p>\n\n\n\n<p class=\"wp-block-paragraph\">En las reuniones de la Conferencia, los Estados miembros de la CEPAL aprueban compromisos<strong> <\/strong>que constituyen la <a href=\"https:\/\/www.cepal.org\/es\/publicaciones\/47950-45-anos-agenda-regional-genero\"><strong>Agenda Regional de G\u00e9nero<\/strong><\/a>, una hoja de ruta profunda, progresista, integral y acumulativa, que posiciona a la regi\u00f3n como la \u00fanica en el mundo que cuenta con una agenda que gu\u00eda las pol\u00edticas p\u00fablicas de los pa\u00edses para lograr la igualdad de g\u00e9nero en la ley y en los hechos, as\u00ed como la garant\u00eda de los derechos y la autonom\u00eda de las mujeres.&nbsp;<\/p>\n","protected":false},"excerpt":{"rendered":"<p>Una gobernanza poco efectiva, una de las trampas de Am\u00e9rica Latina y el Caribe&nbsp; Elda Montiel&nbsp; SemM\u00e9xico, Cd., de M\u00e9xico, 23 de julio 2025.- Impulsar una nueva organizaci\u00f3n social de los cuidados en Am\u00e9rica Latina se vuelve prioritario, y que est\u00e9 integrada de manera coherente a los sistemas de protecci\u00f3n social, implica considerar una amplia [&hellip;]<\/p>\n","protected":false},"author":3,"featured_media":97183,"comment_status":"open","ping_status":"open","sticky":false,"template":"","format":"standard","meta":{"_monsterinsights_skip_tracking":false,"footnotes":""},"categories":[27,694],"tags":[],"class_list":["post-97180","post","type-post","status-publish","format-standard","has-post-thumbnail","category-cobertura-especial","category-destacadas"],"_links":{"self":[{"href":"https:\/\/redsemlac.com\/semmexico\/wp-json\/wp\/v2\/posts\/97180","targetHints":{"allow":["GET"]}}],"collection":[{"href":"https:\/\/redsemlac.com\/semmexico\/wp-json\/wp\/v2\/posts"}],"about":[{"href":"https:\/\/redsemlac.com\/semmexico\/wp-json\/wp\/v2\/types\/post"}],"author":[{"embeddable":true,"href":"https:\/\/redsemlac.com\/semmexico\/wp-json\/wp\/v2\/users\/3"}],"replies":[{"embeddable":true,"href":"https:\/\/redsemlac.com\/semmexico\/wp-json\/wp\/v2\/comments?post=97180"}],"version-history":[{"count":0,"href":"https:\/\/redsemlac.com\/semmexico\/wp-json\/wp\/v2\/posts\/97180\/revisions"}],"wp:featuredmedia":[{"embeddable":true,"href":"https:\/\/redsemlac.com\/semmexico\/wp-json\/wp\/v2\/media\/97183"}],"wp:attachment":[{"href":"https:\/\/redsemlac.com\/semmexico\/wp-json\/wp\/v2\/media?parent=97180"}],"wp:term":[{"taxonomy":"category","embeddable":true,"href":"https:\/\/redsemlac.com\/semmexico\/wp-json\/wp\/v2\/categories?post=97180"},{"taxonomy":"post_tag","embeddable":true,"href":"https:\/\/redsemlac.com\/semmexico\/wp-json\/wp\/v2\/tags?post=97180"}],"curies":[{"name":"wp","href":"https:\/\/api.w.org\/{rel}","templated":true}]}}