{"id":97172,"date":"2025-07-23T11:13:03","date_gmt":"2025-07-23T17:13:03","guid":{"rendered":"https:\/\/redsemlac.com\/semmexico\/?p=97172"},"modified":"2025-07-23T11:13:04","modified_gmt":"2025-07-23T17:13:04","slug":"opinion-el-trabajo-domestico","status":"publish","type":"post","link":"https:\/\/redsemlac.com\/semmexico\/opinion-el-trabajo-domestico\/","title":{"rendered":"Opini\u00f3n | El trabajo dom\u00e9stico \u00a0"},"content":{"rendered":"\n<p class=\"wp-block-paragraph\"><em>Por esta ventanita<\/em><\/p>\n\n\n\n<p class=\"wp-block-paragraph\"><em>Puedo yo mirar<\/em><\/p>\n\n\n\n<p class=\"wp-block-paragraph\"><em>Lo que en las ma\u00f1anas hace mi mam\u00e1:<\/em><\/p>\n\n\n\n<p class=\"wp-block-paragraph\"><em>&nbsp;Lava, plancha, barre<\/em><\/p>\n\n\n\n<p class=\"wp-block-paragraph\"><em>Y se va al mercado<\/em><\/p>\n\n\n\n<p class=\"wp-block-paragraph\"><em>Llega<\/em><\/p>\n\n\n\n<p class=\"wp-block-paragraph\"><em>Hace la comida<\/em><\/p>\n\n\n\n<p class=\"wp-block-paragraph\"><em>Ba\u00f1a a mi hermanito<\/em><\/p>\n\n\n\n<p class=\"wp-block-paragraph\"><em>Y viene por m\u00ed<\/em><\/p>\n\n\n\n<p class=\"wp-block-paragraph\"><em>Mamacita linda<\/em><\/p>\n\n\n\n<p class=\"wp-block-paragraph\"><em>Por aqu\u00ed te vi.<\/em><\/p>\n\n\n\n<p class=\"wp-block-paragraph\">Elvira Hern\u00e1ndez Carballido&nbsp;<\/p>\n\n\n\n<p class=\"wp-block-paragraph\">SemM\u00e9xico, Pachuca, Hidalgo, 23&nbsp; de julio, 2025.- Recuerdo muy bien cuando, cada lunes que lleg\u00e1bamos al preescolar, todo mi grupo entonaba esta canci\u00f3n infantil, incluso la actu\u00e1bamos, dirigida con gran entusiasmo por mi profesora. Posiblemente a nuestra imaginaci\u00f3n, como me pasaba a m\u00ed,&nbsp; llegaba la figura materna que realizaba esas tareas. Jam\u00e1s pensaba en mi pap\u00e1.&nbsp;<\/p>\n\n\n\n<p class=\"wp-block-paragraph\">No olvido cuando, muchos a\u00f1os despu\u00e9s, fui a explicar la construcci\u00f3n de g\u00e9nero a una escuela primaria y les pregunt\u00e9 a qui\u00e9nes les preparaba el desayuno su pap\u00e1. Un murmullo de sorpresa se escuch\u00f3 en el lugar. De pronto, un chiquillo con el rostro totalmente sorprendido, levant\u00f3 la mano y pregunt\u00f3 con absoluta incredulidad: \u00bfA poco los papis pueden darnos de desayunar?&nbsp;<\/p>\n\n\n\n<p class=\"wp-block-paragraph\">En otra ocasi\u00f3n, un amigo muy querido me confiaba sus peripecias despu\u00e9s de haberse divorciado y con total sinceridad, dijo: \u201cLo que no entiendo es por qu\u00e9 ahora mi casa est\u00e1 tan sucia, si antes, cuando llegaba del trabajo, estaba toda ordenada\u201d. No es magia, le advert\u00ed, la limpiaba tu ex esposa. Dios, \u00e9l nunca hab\u00eda sospechado que ella era quien arreglaba su hogar.&nbsp;<\/p>\n\n\n\n<p class=\"wp-block-paragraph\">Barrer, planchar, lavar, coser, trapear, sacudir, hacer la comida\u2026 actividades del trabajo dom\u00e9stico que siguen siendo una labor relacionada con nosotras, poco reconocida, invisible, no remunerada. Es as\u00ed como, en 1983, en el Segundo Encuentro Feminista Latinoamericano y del Caribe, las mujeres reunidas decidieron declarar el 22 de julio como el D\u00eda Internacional del Trabajo Dom\u00e9stico, con el prop\u00f3sito de reconocer las labores que desempe\u00f1an en sus hogares millones de mujeres en todo el mundo. ONU Mujeres pregunta y responde a la vez:<\/p>\n\n\n\n<p class=\"wp-block-paragraph\">\u00bfQu\u00e9 es el trabajo dom\u00e9stico no remunerado?&nbsp;<\/p>\n\n\n\n<ul class=\"wp-block-list\">\n<li>Se refiere al trabajo que se realiza sin pago alguno.\u00a0<\/li>\n\n\n\n<li>Se desarrolla mayoritariamente en la esfera privada (hogares) por mujeres.\u00a0<\/li>\n\n\n\n<li>Se refiere tanto a las labores dom\u00e9sticas como a las de cuidado de personas dependientes (ni\u00f1as\/os, ancianas\/os, personas con discapacidad o personas enfermas).\u00a0<\/li>\n\n\n\n<li>Se mide cuantificando el tiempo que una persona dedica a las labores dom\u00e9sticas y al trabajo de cuidado sin recibir pago o remuneraci\u00f3n alguna.\u00a0<\/li>\n<\/ul>\n\n\n\n<p class=\"wp-block-paragraph\">En 2024 el Instituto Nacional de Estad\u00edstica y Geograf\u00eda (INEGI) dio a conocer los resultados de la Cuenta Sat\u00e9lite del Trabajo No Remunerado de los Hogares de M\u00e9xico (CSTNRHM). Entre los resultados obtenidos podemos destacar:<\/p>\n\n\n\n<ul class=\"wp-block-list\">\n<li>El valor econ\u00f3mico del trabajo no remunerado en labores dom\u00e9sticas y de cuidados report\u00f3 un monto de 8.4 billones de pesos, lo que equivale a 26.3 por ciento del PIB del total de la econom\u00eda. De ese monto, las mujeres contribuyeron con 71.5 % y los hombres, con 28.5 por ciento.\u00a0<\/li>\n\n\n\n<li>En promedio, las mujeres aportaron a su hogar el equivalente a 86 mil 971 pesos anuales por el trabajo no remunerado en labores dom\u00e9sticas y de cuidados que realizan.\u00a0<\/li>\n\n\n\n<li>El estado de M\u00e9xico, Ciudad de M\u00e9xico, Jalisco, Veracruz y Nuevo Le\u00f3n presentaron el mayor valor econ\u00f3mico de las labores dom\u00e9sticas y de cuidados.\u00a0<\/li>\n\n\n\n<li>Al desglosarlo por tipo de actividad, los <em>cuidados y apoyo <\/em>contribuyeron con 24.5 % del valor econ\u00f3mico total. En tanto,\u00a0 las actividades de <em>limpieza y mantenimiento a la vivienda <\/em>participaron con 23.8 %. Por su parte, las de <em>alimentaci\u00f3n<\/em>, con 21.9 %. Las <em>compras y administraci\u00f3n del hogar<\/em>, con 13.0 %; la <em>ayuda a otros hogares <\/em>y <em>trabajo voluntario<\/em>, con 8.8 %, y <em>limpieza y cuidado de la ropa y calzado<\/em>, con 7.9.\u00a0<\/li>\n<\/ul>\n\n\n\n<p class=\"wp-block-paragraph\">ONU Mujeres se\u00f1ala que el trabajo dom\u00e9stico es un pilar fundamental de la sociedad mexicana, pero \u201cno se reconoce como parte central de la macroeconom\u00eda, y que adem\u00e1s \u201cse ha dado en un contexto de desigualdad en la responsabilidad\u201d ya que se sigue atribuyendo como una tarea solamente de mujeres, a quienes les afecta de la siguiente forma:<\/p>\n\n\n\n<ul class=\"wp-block-list\">\n<li>Menor tiempo para el aprendizaje, la especializaci\u00f3n, el ocio, la participaci\u00f3n social y pol\u00edtica, o el cuidado personal.\u00a0<\/li>\n\n\n\n<li>Mayores dificultades para insertarse en un trabajo fuera del hogar.\u00a0<\/li>\n\n\n\n<li>Mayores obst\u00e1culos para avanzar en las carreras educativas y laborales.\u00a0<\/li>\n\n\n\n<li>Mayor participaci\u00f3n en trabajos de menor valoraci\u00f3n y menores ingresos.\u00a0<\/li>\n\n\n\n<li>Mayor participaci\u00f3n en el trabajo informal, en el cual las mujeres pueden tener un mayor control sobre su tiempo, aunque este tipo de trabajo no les brinde protecci\u00f3n social.\u00a0<\/li>\n<\/ul>\n\n\n\n<p class=\"wp-block-paragraph\">Que este 22 de julio, D\u00eda Internacional del Trabajo Dom\u00e9stico, el debate, las propuestas y las estrategias rumbo a la equidad inspiren para un llamado a la acci\u00f3n donde se pueda \u201creconocer, reducir y redistribuir la carga de tiempo y trabajo que realizan las mujeres de manera no remunerada\u201d y que los hombres se sumen, no como ayuda, sino como una m\u00e1s de sus actividades cotidianas.&nbsp;&nbsp;<\/p>\n","protected":false},"excerpt":{"rendered":"<p>Por esta ventanita Puedo yo mirar Lo que en las ma\u00f1anas hace mi mam\u00e1: &nbsp;Lava, plancha, barre Y se va al mercado Llega Hace la comida Ba\u00f1a a mi hermanito Y viene por m\u00ed Mamacita linda Por aqu\u00ed te vi. Elvira Hern\u00e1ndez Carballido&nbsp; SemM\u00e9xico, Pachuca, Hidalgo, 23&nbsp; de julio, 2025.- Recuerdo muy bien cuando, cada [&hellip;]<\/p>\n","protected":false},"author":3,"featured_media":70197,"comment_status":"open","ping_status":"open","sticky":false,"template":"","format":"standard","meta":{"_monsterinsights_skip_tracking":false,"footnotes":""},"categories":[202,35],"tags":[],"class_list":["post-97172","post","type-post","status-publish","format-standard","has-post-thumbnail","category-elvira-hernandez-carballido","category-opinion"],"_links":{"self":[{"href":"https:\/\/redsemlac.com\/semmexico\/wp-json\/wp\/v2\/posts\/97172","targetHints":{"allow":["GET"]}}],"collection":[{"href":"https:\/\/redsemlac.com\/semmexico\/wp-json\/wp\/v2\/posts"}],"about":[{"href":"https:\/\/redsemlac.com\/semmexico\/wp-json\/wp\/v2\/types\/post"}],"author":[{"embeddable":true,"href":"https:\/\/redsemlac.com\/semmexico\/wp-json\/wp\/v2\/users\/3"}],"replies":[{"embeddable":true,"href":"https:\/\/redsemlac.com\/semmexico\/wp-json\/wp\/v2\/comments?post=97172"}],"version-history":[{"count":0,"href":"https:\/\/redsemlac.com\/semmexico\/wp-json\/wp\/v2\/posts\/97172\/revisions"}],"wp:featuredmedia":[{"embeddable":true,"href":"https:\/\/redsemlac.com\/semmexico\/wp-json\/wp\/v2\/media\/70197"}],"wp:attachment":[{"href":"https:\/\/redsemlac.com\/semmexico\/wp-json\/wp\/v2\/media?parent=97172"}],"wp:term":[{"taxonomy":"category","embeddable":true,"href":"https:\/\/redsemlac.com\/semmexico\/wp-json\/wp\/v2\/categories?post=97172"},{"taxonomy":"post_tag","embeddable":true,"href":"https:\/\/redsemlac.com\/semmexico\/wp-json\/wp\/v2\/tags?post=97172"}],"curies":[{"name":"wp","href":"https:\/\/api.w.org\/{rel}","templated":true}]}}