{"id":97169,"date":"2025-07-22T18:08:01","date_gmt":"2025-07-23T00:08:01","guid":{"rendered":"https:\/\/redsemlac.com\/semmexico\/?p=97169"},"modified":"2025-07-22T18:08:03","modified_gmt":"2025-07-23T00:08:03","slug":"privan-de-la-vida-a-ambientalista-de-la-montana-defensor-de-la-plazuela-de-los-cantaros","status":"publish","type":"post","link":"https:\/\/redsemlac.com\/semmexico\/privan-de-la-vida-a-ambientalista-de-la-montana-defensor-de-la-plazuela-de-los-cantaros\/","title":{"rendered":"Privan de la vida a ambientalista de la monta\u00f1a, defensor de La Plazuela de los C\u00e1ntaros"},"content":{"rendered":"\n<p class=\"wp-block-paragraph\"><a href=\"https:\/\/ceprovysa.com\/?p=117990\"><\/a>Isabel Ortega Morales<\/p>\n\n\n\n<p class=\"wp-block-paragraph\">SemM\u00e9xico\/ SURIANA RADIO\/ CEPROVYSA.COM, Tlapa de Comonfort, Guerrero.,&nbsp; 22 de julio, 2025.- Fue privado de la vida el ambientalista Sergio Ureiro Casta\u00f1eda la tarde de este domingo, activo defensor de la Plazuela de Los C\u00e1ntaros y presuntamente queda herida una mujer.<\/p>\n\n\n\n<p class=\"wp-block-paragraph\"><br>Los hechos en la gasolinera Tachichinolapa, ubicada a dos cuadras del Ayuntamiento de esta ciudad de Tlapa.<\/p>\n\n\n\n<p class=\"wp-block-paragraph\"><br>De acuerdo a la tambi\u00e9n ambientalista y defensora del espacio p\u00fablico Plazuela de Los C\u00e1ntaros, Ver\u00f3nica Ureiro, su hermano hab\u00eda acudido a la gasolinera cuando fue agredido.<\/p>\n\n\n\n<p class=\"wp-block-paragraph\"><br>Al ser notificada por vecinos de este hecho de violencia, acudi\u00f3 al lugar donde polic\u00edas municipales impidieron se acercara a identificar el cuerpo de la v\u00edctima.<\/p>\n\n\n\n<p class=\"wp-block-paragraph\"><br>La activista se\u00f1ala que un elemento de la polic\u00eda municipal no solo impidi\u00f3 se acercara a identificar a la v\u00edctima, sino que incluso le dijo \u201cesto pasa cuando andan en esas cosas\u201d, por lo que ella le dijo que no sab\u00eda a qu\u00e9 se refer\u00eda con esa expresi\u00f3n pero que si sab\u00eda \u00e9l algo sobre este hecho que lo notificara al Ministerio P\u00fablico.<\/p>\n\n\n\n<p class=\"wp-block-paragraph\"><br>Asimismo la Doctora Ver\u00f3nica Ureiro dijo que elementos de la polic\u00eda estatal la hostigaron cuando otras personas realizaban transmisi\u00f3n de lo sucedido amenaz\u00e1ndola de que la conducir\u00edan a barandilla por tomar fotos, en cambio, apunt\u00f3 que a ella si le tomaron fotos los elementos de seguridad por lo que dijo sentirse intimidada y hostigada.<\/p>\n\n\n\n<p class=\"wp-block-paragraph\"><br>La activista se\u00f1ala que las autoridades municipales, a cargo de Gilberto Solano Arreaga, han dejado en la inseguridad a la ciudad y qu\u00e9 este hecho, como otros que han ocurrido, lo ratifican y agreg\u00f3 que \u201cojal\u00e1 haya menos bailes y m\u00e1s seguridad y trabajo\u201d.<\/p>\n\n\n\n<p class=\"wp-block-paragraph\"><br>Pidi\u00f3 a la Gobernadora del Estado, Evelyn Salgado, as\u00ed como a la Presidenta de M\u00e9xico, Claudia Sheinbaum, volver la mirada hacia la monta\u00f1a donde dijo hay inseguridad y falta de atenci\u00f3n a la poblaci\u00f3n.<\/p>\n\n\n\n<p class=\"wp-block-paragraph\"><br>Asimismo cuestion\u00f3 la Doctora Ureiro los protocolos de seguridad que aplican las tres instancias de gobierno que se desplazan en gran n\u00famero pero, subray\u00f3, para cuidar un cad\u00e1ver, cuando se necesita cuidar a los vivos.<\/p>\n\n\n\n<p class=\"wp-block-paragraph\"><br>La activista ambiental que particip\u00f3&nbsp; en la defensa de un espacio c\u00e9ntrico con vocaci\u00f3n de espacio ecol\u00f3gico cultural y que fuera invadido por muchos a\u00f1os por comerciantes para venta de alimentos, tambi\u00e9n consider\u00f3 inapropiado los comentarios vertidos por las polic\u00edas municipal y estatal, as\u00ed como la actitud hacia los deudos, que implica la falta de protocolos resilientes y humanistas.<\/p>\n\n\n\n<p class=\"wp-block-paragraph\"><br>Datos de testigos que piden omitir sus nombres refieren que Sergio Ureiro Casta\u00f1eda, de profesi\u00f3n arquitecto, estaba formado en la gasolinera Tachichinolapa cuando recibi\u00f3 disparos con arma de fuego por sujetos armados y refieren que ser\u00edan alrededor de 10 impactos, sin que se confirme si una mujer estar\u00eda herida como resultado de esta agresi\u00f3n.<\/p>\n\n\n\n<p class=\"wp-block-paragraph\"><br>Cuando la polic\u00eda ministerial trasladaba el cuerpo sin vida de la v\u00edctima, familiares impidieron se lo llevara y lo trasladaron a su domicilio para ser velado.<\/p>\n\n\n\n<p class=\"wp-block-paragraph\"><br>Sergio Ureiro Casta\u00f1eda, adem\u00e1s de ejercer su profesi\u00f3n de arquitecto, era un ambientalista activo en esta regi\u00f3n y particip\u00f3 en la defensa de la recuperaci\u00f3n de la plazuela de Los C\u00e1ntaros, ubicada en el primer cuadro de Tlapa en el barrio de San Diego, uno de los primeros barrios de esta ciudad.<\/p>\n","protected":false},"excerpt":{"rendered":"<p>Isabel Ortega Morales SemM\u00e9xico\/ SURIANA RADIO\/ CEPROVYSA.COM, Tlapa de Comonfort, Guerrero.,&nbsp; 22 de julio, 2025.- Fue privado de la vida el ambientalista Sergio Ureiro Casta\u00f1eda la tarde de este domingo, activo defensor de la Plazuela de Los C\u00e1ntaros y presuntamente queda herida una mujer. Los hechos en la gasolinera Tachichinolapa, ubicada a dos cuadras del [&hellip;]<\/p>\n","protected":false},"author":3,"featured_media":97170,"comment_status":"open","ping_status":"open","sticky":false,"template":"","format":"standard","meta":{"_monsterinsights_skip_tracking":false,"footnotes":""},"categories":[694],"tags":[],"class_list":["post-97169","post","type-post","status-publish","format-standard","has-post-thumbnail","category-destacadas"],"_links":{"self":[{"href":"https:\/\/redsemlac.com\/semmexico\/wp-json\/wp\/v2\/posts\/97169","targetHints":{"allow":["GET"]}}],"collection":[{"href":"https:\/\/redsemlac.com\/semmexico\/wp-json\/wp\/v2\/posts"}],"about":[{"href":"https:\/\/redsemlac.com\/semmexico\/wp-json\/wp\/v2\/types\/post"}],"author":[{"embeddable":true,"href":"https:\/\/redsemlac.com\/semmexico\/wp-json\/wp\/v2\/users\/3"}],"replies":[{"embeddable":true,"href":"https:\/\/redsemlac.com\/semmexico\/wp-json\/wp\/v2\/comments?post=97169"}],"version-history":[{"count":0,"href":"https:\/\/redsemlac.com\/semmexico\/wp-json\/wp\/v2\/posts\/97169\/revisions"}],"wp:featuredmedia":[{"embeddable":true,"href":"https:\/\/redsemlac.com\/semmexico\/wp-json\/wp\/v2\/media\/97170"}],"wp:attachment":[{"href":"https:\/\/redsemlac.com\/semmexico\/wp-json\/wp\/v2\/media?parent=97169"}],"wp:term":[{"taxonomy":"category","embeddable":true,"href":"https:\/\/redsemlac.com\/semmexico\/wp-json\/wp\/v2\/categories?post=97169"},{"taxonomy":"post_tag","embeddable":true,"href":"https:\/\/redsemlac.com\/semmexico\/wp-json\/wp\/v2\/tags?post=97169"}],"curies":[{"name":"wp","href":"https:\/\/api.w.org\/{rel}","templated":true}]}}